{"id":145554,"date":"2026-08-30T12:29:46","date_gmt":"2026-08-30T16:29:46","guid":{"rendered":"https:\/\/conexiondigital.com.do\/?p=145554"},"modified":"2026-08-30T12:29:46","modified_gmt":"2026-08-30T16:29:46","slug":"presidente-abinader-recibe-en-el-palacio-nacional-al-presidente-de-honduras-nasry-asfura-zablah","status":"publish","type":"post","link":"https:\/\/conexiondigital.com.do\/index.php\/2026\/08\/30\/presidente-abinader-recibe-en-el-palacio-nacional-al-presidente-de-honduras-nasry-asfura-zablah\/","title":{"rendered":"Presidente Abinader recibe en el Palacio Nacional al presidente de Honduras Nasry Asfura Zablah"},"content":{"rendered":"\n<figure class=\"wp-block-image size-large\"><img loading=\"lazy\" decoding=\"async\" width=\"1024\" height=\"683\" src=\"https:\/\/images.conexiondigital.com.do\/wp-content\/uploads\/2026\/08\/625f1143-ab85-462f-8495-ab9ad3a4ae03-1024x683.jpg\" alt=\"\" class=\"wp-image-145555\" srcset=\"https:\/\/images.conexiondigital.com.do\/wp-content\/uploads\/2026\/08\/625f1143-ab85-462f-8495-ab9ad3a4ae03-1024x683.jpg 1024w, https:\/\/images.conexiondigital.com.do\/wp-content\/uploads\/2026\/08\/625f1143-ab85-462f-8495-ab9ad3a4ae03-800x534.jpg 800w, https:\/\/images.conexiondigital.com.do\/wp-content\/uploads\/2026\/08\/625f1143-ab85-462f-8495-ab9ad3a4ae03-767x512.jpg 767w, https:\/\/images.conexiondigital.com.do\/wp-content\/uploads\/2026\/08\/625f1143-ab85-462f-8495-ab9ad3a4ae03-300x400.jpg 300w, https:\/\/images.conexiondigital.com.do\/wp-content\/uploads\/2026\/08\/625f1143-ab85-462f-8495-ab9ad3a4ae03.jpg 1280w\" sizes=\"auto, (max-width: 1024px) 100vw, 1024px\"><\/figure>\n\n\n\n<p class=\"wp-block-paragraph\">Santo Domingo. \u2013 El presidente de la Rep\u00fablica Dominicana, Luis Abinader, recibi\u00f3 este domingo en el Palacio Nacional al presidente de Honduras, Nasry Asfura Zablah, en una visita oficial al pa\u00eds que servir\u00e1 para fortalecer las relaciones bilaterales y ampliar los espacios de cooperaci\u00f3n entre ambas naciones.<\/p>\n\n\n\n<p class=\"wp-block-paragraph\">El mandatario hondure\u00f1o lleg\u00f3 al Palacio Nacional a las 10:50 de la ma\u00f1ana, donde fue recibido por el director de Ceremonial de Estado y Protocolo, embajador Francisco Jos\u00e9 Cantizano Nadal, quien lo condujo ante el presidente Abinader.<\/p>\n\n\n\n<p class=\"wp-block-paragraph\">Durante el acto se rindieron los honores militares correspondientes. La Banda de M\u00fasica de la Guardia Presidencial interpret\u00f3 los Himnos de la Rep\u00fablica Dominicana y de la Rep\u00fablica de Honduras, mientras las bater\u00edas dispararon una salva de 21 ca\u00f1onazos.<\/p>\n\n\n\n<p class=\"wp-block-paragraph\">Terminado el Pase de Revista a la Guardia Presidencial, el presidente de Honduras recibi\u00f3 los saludos de los altos funcionarios que componen la comitiva dominicana.<\/p>\n\n\n\n<p class=\"wp-block-paragraph\">Posteriormente, el presidente Abinader recibi\u00f3 los saludos de la comitiva oficial que acompa\u00f1a al presidente de Honduras y luego ambos jefes de Estado sostuvieron una reuni\u00f3n de trabajo en uno de los salones del Palacio Nacional.<\/p>\n\n\n\n<figure class=\"wp-block-image size-large\"><img loading=\"lazy\" decoding=\"async\" width=\"1024\" height=\"683\" src=\"https:\/\/images.conexiondigital.com.do\/wp-content\/uploads\/2026\/08\/11787bb5-14ab-4ddf-9000-52b58b1e6a1e-1024x683.jpg\" alt=\"\" class=\"wp-image-145556\" srcset=\"https:\/\/images.conexiondigital.com.do\/wp-content\/uploads\/2026\/08\/11787bb5-14ab-4ddf-9000-52b58b1e6a1e-1024x683.jpg 1024w, https:\/\/images.conexiondigital.com.do\/wp-content\/uploads\/2026\/08\/11787bb5-14ab-4ddf-9000-52b58b1e6a1e-800x534.jpg 800w, https:\/\/images.conexiondigital.com.do\/wp-content\/uploads\/2026\/08\/11787bb5-14ab-4ddf-9000-52b58b1e6a1e-767x512.jpg 767w, https:\/\/images.conexiondigital.com.do\/wp-content\/uploads\/2026\/08\/11787bb5-14ab-4ddf-9000-52b58b1e6a1e-300x400.jpg 300w, https:\/\/images.conexiondigital.com.do\/wp-content\/uploads\/2026\/08\/11787bb5-14ab-4ddf-9000-52b58b1e6a1e.jpg 1280w\" sizes=\"auto, (max-width: 1024px) 100vw, 1024px\"><\/figure>\n\n\n\n<p class=\"wp-block-paragraph\">Delegaci\u00f3n dominicana<\/p>\n\n\n\n<p class=\"wp-block-paragraph\">La Rep\u00fablica Dominicana estuvo representada por una delegaci\u00f3n de alto nivel encabezada por el V\u00edctor -Ito- Bison\u00f3 Haza, ministro de Relaciones Exteriores; el teniente general Carlos Antonio Fern\u00e1ndez Onofre, ministro de Defensa y Eduardo Sanz Lovat\u00f3n, ministro de Industria, Comercio y Mipymes.<\/p>\n\n\n\n<p class=\"wp-block-paragraph\">Adem\u00e1s, el ministro de Deportes, Kelvin Cruz; el presidente del Comit\u00e9 Organizador de los XXV Juegos Centroamericanos y del Caribe Santo Domingo 2026, Jos\u00e9 Monegro; el presidente de Centro Caribe Sports. Luis Mej\u00eda y Luis Garc\u00eda, embajador de la Rep\u00fablica Dominicana en Honduras.<\/p>\n\n\n\n<p class=\"wp-block-paragraph\">Tambi\u00e9n, el vocero de la Presidencia de la Rep\u00fablica Dominicana y director de la Direcci\u00f3n de Estrategia y Comunicaci\u00f3n Gubernamental (Diecom), F\u00e9lix Reyna; el director de la Direcci\u00f3n de Prensa del Presidente (DPP), Carlos Alberto Caminero S\u00e1nchez y el subdirector de la Direcci\u00f3n de Estrategia y Comunicaci\u00f3n Gubernamental (DIECOM), Abel Guzm\u00e1n.<\/p>\n\n\n\n<p class=\"wp-block-paragraph\">Delegaci\u00f3n Rep\u00fablica de Honduras<\/p>\n\n\n\n<figure class=\"wp-block-image size-large\"><img loading=\"lazy\" decoding=\"async\" width=\"1024\" height=\"683\" src=\"https:\/\/images.conexiondigital.com.do\/wp-content\/uploads\/2026\/08\/fb7875c8-d01b-4457-bf44-caae3054bcfa-1024x683.jpg\" alt=\"\" class=\"wp-image-145557\" srcset=\"https:\/\/images.conexiondigital.com.do\/wp-content\/uploads\/2026\/08\/fb7875c8-d01b-4457-bf44-caae3054bcfa-1024x683.jpg 1024w, https:\/\/images.conexiondigital.com.do\/wp-content\/uploads\/2026\/08\/fb7875c8-d01b-4457-bf44-caae3054bcfa-800x534.jpg 800w, https:\/\/images.conexiondigital.com.do\/wp-content\/uploads\/2026\/08\/fb7875c8-d01b-4457-bf44-caae3054bcfa-767x512.jpg 767w, https:\/\/images.conexiondigital.com.do\/wp-content\/uploads\/2026\/08\/fb7875c8-d01b-4457-bf44-caae3054bcfa-300x400.jpg 300w, https:\/\/images.conexiondigital.com.do\/wp-content\/uploads\/2026\/08\/fb7875c8-d01b-4457-bf44-caae3054bcfa.jpg 1280w\" sizes=\"auto, (max-width: 1024px) 100vw, 1024px\"><\/figure>\n\n\n\n<p class=\"wp-block-paragraph\">La Rep\u00fablica de Honduras estuvo representada por una delegaci\u00f3n oficial encabezada por Mireya Ag\u00fcero, secretaria de Estado en los Despachos de Relaciones Exteriores y Cooperaci\u00f3n Internacional; Andr\u00e9s Ehrler, secretario de Estado en el Despacho de Turismo; y Epaminondas Marinakys, secretario ejecutivo del Consejo Nacional de Inversiones.<\/p>\n\n\n\n<p class=\"wp-block-paragraph\">De igual modo, Ernesto Alfonso Pumpo, embajador de Honduras en Rep\u00fablica Dominicana; Assunta Emely Garc\u00eda Balletta, asesora del Despacho Ministerial; Jos\u00e9 Roberto Mourra Larios, Asesor Presidencial y Ronald Deras, Ministro Consejero de la Embajada de Honduras.<\/p>\n","protected":false},"excerpt":{"rendered":"<p>Santo Domingo. \u2013 El presidente de la Rep\u00fablica Dominicana, Luis Abinader, recibi\u00f3 este domingo en el Palacio Nacional al presidente de Honduras, Nasry Asfura Zablah, en una visita oficial al pa\u00eds que servir\u00e1 para fortalecer las relaciones bilaterales y ampliar los espacios de cooperaci\u00f3n entre ambas naciones. El mandatario hondure\u00f1o lleg\u00f3 al Palacio Nacional a las 10:50 de la ma\u00f1ana, donde fue recibido por el director de Ceremonial de Estado y Protocolo, embajador Francisco Jos\u00e9 Cantizano Nadal, quien lo condujo ante el presidente Abinader. Durante el acto se rindieron los honores militares correspondientes. La Banda de M\u00fasica de la Guardia Presidencial interpret\u00f3 los Himnos de la Rep\u00fablica Dominicana y de la Rep\u00fablica de Honduras, mientras las bater\u00edas dispararon una salva de 21 ca\u00f1onazos. Terminado el Pase de Revista a la Guardia Presidencial, el presidente de Honduras recibi\u00f3 los saludos de los altos funcionarios que componen la comitiva dominicana. Posteriormente, el presidente Abinader recibi\u00f3 los saludos de la comitiva oficial que acompa\u00f1a al presidente de Honduras y luego ambos jefes de Estado sostuvieron una reuni\u00f3n de trabajo en uno de los salones del Palacio Nacional. Delegaci\u00f3n dominicana La Rep\u00fablica Dominicana estuvo representada por una delegaci\u00f3n de alto nivel encabezada por el V\u00edctor -Ito- Bison\u00f3 Haza, ministro de Relaciones Exteriores; el teniente general Carlos Antonio Fern\u00e1ndez Onofre, ministro de Defensa y Eduardo Sanz Lovat\u00f3n, ministro de Industria, Comercio y Mipymes. Adem\u00e1s, el ministro de Deportes, Kelvin Cruz; el presidente del Comit\u00e9 Organizador de los XXV Juegos Centroamericanos y del Caribe Santo Domingo 2026, Jos\u00e9 Monegro; el presidente de Centro Caribe Sports. Luis Mej\u00eda y Luis Garc\u00eda, embajador de la Rep\u00fablica Dominicana en Honduras. Tambi\u00e9n, el vocero de la Presidencia de la Rep\u00fablica Dominicana y director de la Direcci\u00f3n de Estrategia y Comunicaci\u00f3n Gubernamental (Diecom), F\u00e9lix Reyna; el director de la Direcci\u00f3n de Prensa del Presidente (DPP), Carlos Alberto Caminero S\u00e1nchez y el subdirector de la Direcci\u00f3n de Estrategia y Comunicaci\u00f3n Gubernamental (DIECOM), Abel Guzm\u00e1n. Delegaci\u00f3n Rep\u00fablica de Honduras La Rep\u00fablica de Honduras estuvo representada por una delegaci\u00f3n oficial encabezada por Mireya Ag\u00fcero, secretaria de Estado en los Despachos de Relaciones Exteriores y Cooperaci\u00f3n Internacional; Andr\u00e9s Ehrler, secretario de Estado en el Despacho de Turismo; y Epaminondas Marinakys, secretario ejecutivo del Consejo Nacional de Inversiones. De igual modo, Ernesto Alfonso Pumpo, embajador de Honduras en Rep\u00fablica Dominicana; Assunta Emely Garc\u00eda Balletta, asesora del Despacho Ministerial; Jos\u00e9 Roberto Mourra Larios, Asesor Presidencial y Ronald Deras, Ministro Consejero de la Embajada de Honduras.<\/p>\n","protected":false},"author":3,"featured_media":0,"comment_status":"open","ping_status":"open","sticky":false,"template":"","format":"standard","meta":{"om_disable_all_campaigns":false,"footnotes":""},"categories":[12],"tags":[],"class_list":["post-145554","post","type-post","status-publish","format-standard","hentry","category-politic"],"_links":{"self":[{"href":"https:\/\/conexiondigital.com.do\/index.php\/wp-json\/wp\/v2\/posts\/145554","targetHints":{"allow":["GET"]}}],"collection":[{"href":"https:\/\/conexiondigital.com.do\/index.php\/wp-json\/wp\/v2\/posts"}],"about":[{"href":"https:\/\/conexiondigital.com.do\/index.php\/wp-json\/wp\/v2\/types\/post"}],"author":[{"embeddable":true,"href":"https:\/\/conexiondigital.com.do\/index.php\/wp-json\/wp\/v2\/users\/3"}],"replies":[{"embeddable":true,"href":"https:\/\/conexiondigital.com.do\/index.php\/wp-json\/wp\/v2\/comments?post=145554"}],"version-history":[{"count":1,"href":"https:\/\/conexiondigital.com.do\/index.php\/wp-json\/wp\/v2\/posts\/145554\/revisions"}],"predecessor-version":[{"id":145558,"href":"https:\/\/conexiondigital.com.do\/index.php\/wp-json\/wp\/v2\/posts\/145554\/revisions\/145558"}],"wp:attachment":[{"href":"https:\/\/conexiondigital.com.do\/index.php\/wp-json\/wp\/v2\/media?parent=145554"}],"wp:term":[{"taxonomy":"category","embeddable":true,"href":"https:\/\/conexiondigital.com.do\/index.php\/wp-json\/wp\/v2\/categories?post=145554"},{"taxonomy":"post_tag","embeddable":true,"href":"https:\/\/conexiondigital.com.do\/index.php\/wp-json\/wp\/v2\/tags?post=145554"}],"curies":[{"name":"wp","href":"https:\/\/api.w.org\/{rel}","templated":true}]}}