{"id":145559,"date":"2026-08-30T12:35:22","date_gmt":"2026-08-30T16:35:22","guid":{"rendered":"https:\/\/conexiondigital.com.do\/?p=145559"},"modified":"2026-08-30T12:35:22","modified_gmt":"2026-08-30T16:35:22","slug":"leonel-canasta-basica-sigue-subiendo-con-el-prm-paso-de-rd28-mil-a-rd49-mil-y-provoca-cierre-de-comercios-por-falta-de-clientes","status":"publish","type":"post","link":"https:\/\/conexiondigital.com.do\/index.php\/2026\/08\/30\/leonel-canasta-basica-sigue-subiendo-con-el-prm-paso-de-rd28-mil-a-rd49-mil-y-provoca-cierre-de-comercios-por-falta-de-clientes\/","title":{"rendered":"Leonel: canasta b\u00e1sica sigue subiendo con el PRM; pas\u00f3 de RD$28 mil a RD$49 mil y provoca cierre de comercios por falta de clientes"},"content":{"rendered":"\n<figure class=\"wp-block-image size-large\"><img loading=\"lazy\" decoding=\"async\" width=\"1024\" height=\"683\" src=\"\" alt=\"\" class=\"wp-image-145560\" srcset=\"https:\/\/images.conexiondigital.com.do\/wp-content\/uploads\/2026\/08\/552daaed-c674-4f3a-bbab-c9f673566ea9-1024x683.jpg 1024w, https:\/\/images.conexiondigital.com.do\/wp-content\/uploads\/2026\/08\/552daaed-c674-4f3a-bbab-c9f673566ea9-800x534.jpg 800w, https:\/\/images.conexiondigital.com.do\/wp-content\/uploads\/2026\/08\/552daaed-c674-4f3a-bbab-c9f673566ea9-767x512.jpg 767w, https:\/\/images.conexiondigital.com.do\/wp-content\/uploads\/2026\/08\/552daaed-c674-4f3a-bbab-c9f673566ea9-300x200.jpg 300w, https:\/\/images.conexiondigital.com.do\/wp-content\/uploads\/2026\/08\/552daaed-c674-4f3a-bbab-c9f673566ea9.jpg 1280w\" sizes=\"auto, (max-width: 1024px) 100vw, 1024px\"><\/figure>\n\n\n\n<p class=\"wp-block-paragraph\"><strong>Fern\u00e1ndez advierte que los salarios est\u00e1n por debajo del costo de la vida y que muchas familias \u201cno tienen recursos suficientes\u201d para adquirir lo fundamental, reduciendo sus compras y afectando las ventas de los negocios.<\/strong><\/p>\n\n\n\n<p class=\"wp-block-paragraph\">San Francisco de Macor\u00eds.\u2013 El expresidente de la Rep\u00fablica y presidente del partido Fuerza del Pueblo (FP), Leonel Fern\u00e1ndez, advirti\u00f3 que el aumento del costo de la canasta b\u00e1sica, que afirm\u00f3 pas\u00f3 de RD$28 mil en 2020 a RD$49 mil en la actualidad, est\u00e1 reduciendo la capacidad de compra de las familias y provocando que comercios pierdan clientes, entren en cierre y algunos se encuentren en bancarrota.<\/p>\n\n\n\n<p class=\"wp-block-paragraph\">Fern\u00e1ndez sostuvo que mientras el costo de los productos y servicios esenciales para las familias contin\u00faa aumentando, los salarios permanecen por debajo de lo necesario para cubrir esas necesidades, generando una diferencia que impacta directamente tanto a los hogares como a los establecimientos comerciales.<\/p>\n\n\n\n<p class=\"wp-block-paragraph\">\u201cEn el a\u00f1o 2020, el costo de la canasta b\u00e1sica era de 28 mil pesos. Actualmente es 49 mil pesos. Se ha duplicado pr\u00e1cticamente, mientras que los salarios est\u00e1n por debajo. Es una gran diferencia\u201d, expres\u00f3 Fern\u00e1ndez.<\/p>\n\n\n\n<p class=\"wp-block-paragraph\">El exmandatario explic\u00f3 que esa diferencia entre los ingresos de las familias y el costo de sus necesidades b\u00e1sicas est\u00e1 reduciendo los recursos disponibles para el consumo, por lo que las personas compran menos y los establecimientos comerciales pierden clientes y ventas.<\/p>\n\n\n\n<figure class=\"wp-block-image size-large\"><img loading=\"lazy\" decoding=\"async\" width=\"1024\" height=\"683\" src=\"https:\/\/images.conexiondigital.com.do\/wp-content\/uploads\/2026\/08\/5988d607-228d-4a34-83be-e03bfd0e036b-1024x683.jpg\" alt=\"\" class=\"wp-image-145561\" srcset=\"https:\/\/images.conexiondigital.com.do\/wp-content\/uploads\/2026\/08\/5988d607-228d-4a34-83be-e03bfd0e036b-1024x683.jpg 1024w, https:\/\/images.conexiondigital.com.do\/wp-content\/uploads\/2026\/08\/5988d607-228d-4a34-83be-e03bfd0e036b-800x534.jpg 800w, https:\/\/images.conexiondigital.com.do\/wp-content\/uploads\/2026\/08\/5988d607-228d-4a34-83be-e03bfd0e036b-767x512.jpg 767w, https:\/\/images.conexiondigital.com.do\/wp-content\/uploads\/2026\/08\/5988d607-228d-4a34-83be-e03bfd0e036b-300x400.jpg 300w, https:\/\/images.conexiondigital.com.do\/wp-content\/uploads\/2026\/08\/5988d607-228d-4a34-83be-e03bfd0e036b.jpg 1280w\" sizes=\"auto, (max-width: 1024px) 100vw, 1024px\"><\/figure>\n\n\n\n<p class=\"wp-block-paragraph\">\u201cYo noto en este momento que hay una preocupaci\u00f3n, porque ya hay comercios que est\u00e1n entrando en cierre, est\u00e1n en bancarrota, y es porque est\u00e1n perdiendo clientes debido a que se ha reducido el poder adquisitivo\u201d, manifest\u00f3.<\/p>\n\n\n\n<p class=\"wp-block-paragraph\">Fern\u00e1ndez sostuvo que el impacto del aumento del costo de la vida no se limita al comercio, sino que alcanza directamente las condiciones de vida de las familias, particularmente su capacidad para adquirir alimentos y cubrir otras necesidades fundamentales.<\/p>\n\n\n\n<p class=\"wp-block-paragraph\">\u201cLa gente no tiene recursos suficientes para poder adquirir lo fundamental: una dieta balanceada a trav\u00e9s de la comida. Hoy est\u00e1 teniendo problemas\u201d, afirm\u00f3.<\/p>\n\n\n\n<p class=\"wp-block-paragraph\">Las declaraciones de Fern\u00e1ndez se produjeron la noche de este s\u00e1bado durante su visita a la trig\u00e9sima edici\u00f3n de Expo Mayorista 2026, organizada por la Asociaci\u00f3n de Comerciantes de la Provincia Duarte en el Club El Mayorista de San Francisco de Macor\u00eds.<\/p>\n\n\n\n<p class=\"wp-block-paragraph\">A su llegada al recinto ferial, Fern\u00e1ndez fue abordado por decenas de personas que procuraban saludarlo y tomarse fotograf\u00edas con \u00e9l, mientras recorr\u00eda varios de los stands instalados para conocer los productos y servicios presentados por comerciantes, empresas y emprendedores participantes.<\/p>\n\n\n\n<figure class=\"wp-block-image size-large\"><img loading=\"lazy\" decoding=\"async\" width=\"1024\" height=\"683\" src=\"\" alt=\"\" class=\"wp-image-145562\" srcset=\"https:\/\/images.conexiondigital.com.do\/wp-content\/uploads\/2026\/08\/5cf30f8c-f654-44b2-af98-9018fd30a6a7-1024x683.jpg 1024w, https:\/\/images.conexiondigital.com.do\/wp-content\/uploads\/2026\/08\/5cf30f8c-f654-44b2-af98-9018fd30a6a7-800x534.jpg 800w, https:\/\/images.conexiondigital.com.do\/wp-content\/uploads\/2026\/08\/5cf30f8c-f654-44b2-af98-9018fd30a6a7-767x512.jpg 767w, https:\/\/images.conexiondigital.com.do\/wp-content\/uploads\/2026\/08\/5cf30f8c-f654-44b2-af98-9018fd30a6a7-300x200.jpg 300w, https:\/\/images.conexiondigital.com.do\/wp-content\/uploads\/2026\/08\/5cf30f8c-f654-44b2-af98-9018fd30a6a7.jpg 1280w\" sizes=\"auto, (max-width: 1024px) 100vw, 1024px\"><\/figure>\n\n\n\n<p class=\"wp-block-paragraph\">Posteriormente, sostuvo un encuentro con empresarios, comerciantes y representantes de la organizaci\u00f3n de Expo Mayorista, antes de participar en el foro p\u00fablico de la feria, donde desarroll\u00f3 un conversatorio que concentr\u00f3 la atenci\u00f3n de cientos de asistentes.<\/p>\n\n\n\n<p class=\"wp-block-paragraph\">Las preguntas a Fern\u00e1ndez fueron formuladas por el coordinador general de Expo Mayorista 2026, Jos\u00e9 Manuel Fr\u00edas, y varias estuvieron relacionadas con la situaci\u00f3n que atraviesan los comerciantes, el comportamiento de la econom\u00eda y las condiciones econ\u00f3micas de las familias dominicanas.<\/p>\n\n\n\n<p class=\"wp-block-paragraph\">Fr\u00edas aprovech\u00f3 el encuentro para agradecer, en nombre de los organizadores, la presencia de Fern\u00e1ndez y record\u00f3 que, siendo presidente de la Rep\u00fablica, en 2005 se convirti\u00f3 en el primer mandatario en visitar Expo Mayorista. Este hecho tambi\u00e9n hab\u00eda sido resaltado durante el encuentro previo por el presidente de la Asociaci\u00f3n de Comerciantes de la Provincia Duarte (ACPD), Carlos Manuel Almanzar, al destacar la relaci\u00f3n hist\u00f3rica de Fern\u00e1ndez con la feria y el sector comercial de la provincia.<\/p>\n\n\n\n<p class=\"wp-block-paragraph\">Durante el di\u00e1logo, Fern\u00e1ndez plante\u00f3 que existe una relaci\u00f3n entre el aumento del costo de la vida, los niveles salariales, la reducci\u00f3n de la capacidad de compra de las familias y las dificultades que enfrenta actualmente el comercio.<\/p>\n\n\n\n<p class=\"wp-block-paragraph\">Explic\u00f3 que cuando los ingresos resultan insuficientes frente al costo de las necesidades b\u00e1sicas, las familias disponen de menos recursos para realizar otras compras, lo que reduce el flujo de clientes hacia los establecimientos comerciales, disminuye las ventas y coloca a algunos negocios en dificultades para continuar operando.<\/p>\n\n\n\n<p class=\"wp-block-paragraph\">Tras concluir el conversatorio, Fern\u00e1ndez permaneci\u00f3 durante un largo tiempo en el recinto debido a la amplia cantidad de personas que se acercaron para saludarlo, tomarse fotograf\u00edas y expresarle su respaldo.<\/p>\n\n\n\n<p class=\"wp-block-paragraph\">Expo Mayorista 2026 celebra este a\u00f1o su trig\u00e9sima edici\u00f3n bajo el lema \u201cTradici\u00f3n que inspira, comercio que transforma\u201d. El evento, organizado por la Asociaci\u00f3n de Comerciantes de la Provincia Duarte, se desarrolla del 26 al 30 de agosto en el Club El Mayorista de San Francisco de Macor\u00eds.<\/p>\n\n\n\n<figure class=\"wp-block-image size-large\"><img loading=\"lazy\" decoding=\"async\" width=\"1024\" height=\"683\" src=\"https:\/\/images.conexiondigital.com.do\/wp-content\/uploads\/2026\/08\/4141715f-f84a-4d67-a855-51c9edd9d3ef-1024x683.jpg\" alt=\"\" class=\"wp-image-145563\" srcset=\"https:\/\/images.conexiondigital.com.do\/wp-content\/uploads\/2026\/08\/4141715f-f84a-4d67-a855-51c9edd9d3ef-1024x683.jpg 1024w, https:\/\/images.conexiondigital.com.do\/wp-content\/uploads\/2026\/08\/4141715f-f84a-4d67-a855-51c9edd9d3ef-800x534.jpg 800w, https:\/\/images.conexiondigital.com.do\/wp-content\/uploads\/2026\/08\/4141715f-f84a-4d67-a855-51c9edd9d3ef-767x512.jpg 767w, https:\/\/images.conexiondigital.com.do\/wp-content\/uploads\/2026\/08\/4141715f-f84a-4d67-a855-51c9edd9d3ef-300x400.jpg 300w, https:\/\/images.conexiondigital.com.do\/wp-content\/uploads\/2026\/08\/4141715f-f84a-4d67-a855-51c9edd9d3ef.jpg 1280w\" sizes=\"auto, (max-width: 1024px) 100vw, 1024px\"><\/figure>\n\n\n\n<p class=\"wp-block-paragraph\">La visita de Fern\u00e1ndez a Expo Mayorista se produjo luego de encabezar durante la tarde del s\u00e1bado la Asamblea Provincial de Dirigentes de la Fuerza del Pueblo en Duarte, celebrada en la Ciudad Agropecuaria de San Francisco de Macor\u00eds, como parte del despliegue nacional que desarrolla la organizaci\u00f3n con miras a las elecciones de 2028.<\/p>\n\n\n\n<p class=\"wp-block-paragraph\">Durante estas asambleas, la Fuerza del Pueblo eval\u00faa el cumplimiento de las metas establecidas para cada territorio y da seguimiento a su plan nacional de crecimiento y fortalecimiento de las estructuras partidarias.<\/p>\n\n\n\n<p class=\"wp-block-paragraph\">Este domingo estar\u00e1 en La Vega y Bonao<\/p>\n\n\n\n<p class=\"wp-block-paragraph\">El recorrido de Fern\u00e1ndez continuar\u00e1 este domingo con otras dos asambleas provinciales de dirigentes de la Fuerza del Pueblo.<\/p>\n\n\n\n<p class=\"wp-block-paragraph\">A las 11:00 de la ma\u00f1ana encabezar\u00e1 la Asamblea Provincial de Dirigentes de La Vega, en el Oratorio Centro Juvenil Santo Domingo Savio (DOSA).<\/p>\n\n\n\n<p class=\"wp-block-paragraph\">Posteriormente se trasladar\u00e1 a Bonao, provincia Monse\u00f1or Nouel, donde a las 4:00 de la tarde encabezar\u00e1 otra asamblea de dirigentes, esta vez en la Cooperativa San Antonio.<\/p>\n","protected":false},"excerpt":{"rendered":"<p>Fern\u00e1ndez advierte que los salarios est\u00e1n por debajo del costo de la vida y que muchas familias \u201cno tienen recursos suficientes\u201d para adquirir lo fundamental, reduciendo sus compras y afectando las ventas de los negocios. San Francisco de Macor\u00eds.\u2013 El expresidente de la Rep\u00fablica y presidente del partido Fuerza del Pueblo (FP), Leonel Fern\u00e1ndez, advirti\u00f3 que el aumento del costo de la canasta b\u00e1sica, que afirm\u00f3 pas\u00f3 de RD$28 mil en 2020 a RD$49 mil en la actualidad, est\u00e1 reduciendo la capacidad de compra de las familias y provocando que comercios pierdan clientes, entren en cierre y algunos se encuentren en bancarrota. Fern\u00e1ndez sostuvo que mientras el costo de los productos y servicios esenciales para las familias contin\u00faa aumentando, los salarios permanecen por debajo de lo necesario para cubrir esas necesidades, generando una diferencia que impacta directamente tanto a los hogares como a los establecimientos comerciales. \u201cEn el a\u00f1o 2020, el costo de la canasta b\u00e1sica era de 28 mil pesos. Actualmente es 49 mil pesos. Se ha duplicado pr\u00e1cticamente, mientras que los salarios est\u00e1n por debajo. Es una gran diferencia\u201d, expres\u00f3 Fern\u00e1ndez. El exmandatario explic\u00f3 que esa diferencia entre los ingresos de las familias y el costo de sus necesidades b\u00e1sicas est\u00e1 reduciendo los recursos disponibles para el consumo, por lo que las personas compran menos y los establecimientos comerciales pierden clientes y ventas. \u201cYo noto en este momento que hay una preocupaci\u00f3n, porque ya hay comercios que est\u00e1n entrando en cierre, est\u00e1n en bancarrota, y es porque est\u00e1n perdiendo clientes debido a que se ha reducido el poder adquisitivo\u201d, manifest\u00f3. Fern\u00e1ndez sostuvo que el impacto del aumento del costo de la vida no se limita al comercio, sino que alcanza directamente las condiciones de vida de las familias, particularmente su capacidad para adquirir alimentos y cubrir otras necesidades fundamentales. \u201cLa gente no tiene recursos suficientes para poder adquirir lo fundamental: una dieta balanceada a trav\u00e9s de la comida. Hoy est\u00e1 teniendo problemas\u201d, afirm\u00f3. Las declaraciones de Fern\u00e1ndez se produjeron la noche de este s\u00e1bado durante su visita a la trig\u00e9sima edici\u00f3n de Expo Mayorista 2026, organizada por la Asociaci\u00f3n de Comerciantes de la Provincia Duarte en el Club El Mayorista de San Francisco de Macor\u00eds. A su llegada al recinto ferial, Fern\u00e1ndez fue abordado por decenas de personas que procuraban saludarlo y tomarse fotograf\u00edas con \u00e9l, mientras recorr\u00eda varios de los stands instalados para conocer los productos y servicios presentados por comerciantes, empresas y emprendedores participantes. Posteriormente, sostuvo un encuentro con empresarios, comerciantes y representantes de la organizaci\u00f3n de Expo Mayorista, antes de participar en el foro p\u00fablico de la feria, donde desarroll\u00f3 un conversatorio que concentr\u00f3 la atenci\u00f3n de cientos de asistentes. Las preguntas a Fern\u00e1ndez fueron formuladas por el coordinador general de Expo Mayorista 2026, Jos\u00e9 Manuel Fr\u00edas, y varias estuvieron relacionadas con la situaci\u00f3n que atraviesan los comerciantes, el comportamiento de la econom\u00eda y las condiciones econ\u00f3micas de las familias dominicanas. Fr\u00edas aprovech\u00f3 el encuentro para agradecer, en nombre de los organizadores, la presencia de Fern\u00e1ndez y record\u00f3 que, siendo presidente de la Rep\u00fablica, en 2005 se convirti\u00f3 en el primer mandatario en visitar Expo Mayorista. Este hecho tambi\u00e9n hab\u00eda sido resaltado durante el encuentro previo por el presidente de la Asociaci\u00f3n de Comerciantes de la Provincia Duarte (ACPD), Carlos Manuel Almanzar, al destacar la relaci\u00f3n hist\u00f3rica de Fern\u00e1ndez con la feria y el sector comercial de la provincia. Durante el di\u00e1logo, Fern\u00e1ndez plante\u00f3 que existe una relaci\u00f3n entre el aumento del costo de la vida, los niveles salariales, la reducci\u00f3n de la capacidad de compra de las familias y las dificultades que enfrenta actualmente el comercio. Explic\u00f3 que cuando los ingresos resultan insuficientes frente al costo de las necesidades b\u00e1sicas, las familias disponen de menos recursos para realizar otras compras, lo que reduce el flujo de clientes hacia los establecimientos comerciales, disminuye las ventas y coloca a algunos negocios en dificultades para continuar operando. Tras concluir el conversatorio, Fern\u00e1ndez permaneci\u00f3 durante un largo tiempo en el recinto debido a la amplia cantidad de personas que se acercaron para saludarlo, tomarse fotograf\u00edas y expresarle su respaldo. Expo Mayorista 2026 celebra este a\u00f1o su trig\u00e9sima edici\u00f3n bajo el lema \u201cTradici\u00f3n que inspira, comercio que transforma\u201d. El evento, organizado por la Asociaci\u00f3n de Comerciantes de la Provincia Duarte, se desarrolla del 26 al 30 de agosto en el Club El Mayorista de San Francisco de Macor\u00eds. La visita de Fern\u00e1ndez a Expo Mayorista se produjo luego de encabezar durante la tarde del s\u00e1bado la Asamblea Provincial de Dirigentes de la Fuerza del Pueblo en Duarte, celebrada en la Ciudad Agropecuaria de San Francisco de Macor\u00eds, como parte del despliegue nacional que desarrolla la organizaci\u00f3n con miras a las elecciones de 2028. Durante estas asambleas, la Fuerza del Pueblo eval\u00faa el cumplimiento de las metas establecidas para cada territorio y da seguimiento a su plan nacional de crecimiento y fortalecimiento de las estructuras partidarias. Este domingo estar\u00e1 en La Vega y Bonao El recorrido de Fern\u00e1ndez continuar\u00e1 este domingo con otras dos asambleas provinciales de dirigentes de la Fuerza del Pueblo. A las 11:00 de la ma\u00f1ana encabezar\u00e1 la Asamblea Provincial de Dirigentes de La Vega, en el Oratorio Centro Juvenil Santo Domingo Savio (DOSA). Posteriormente se trasladar\u00e1 a Bonao, provincia Monse\u00f1or Nouel, donde a las 4:00 de la tarde encabezar\u00e1 otra asamblea de dirigentes, esta vez en la Cooperativa San Antonio.<\/p>\n","protected":false},"author":3,"featured_media":0,"comment_status":"open","ping_status":"open","sticky":false,"template":"","format":"standard","meta":{"om_disable_all_campaigns":false,"footnotes":""},"categories":[12],"tags":[],"class_list":["post-145559","post","type-post","status-publish","format-standard","hentry","category-politic"],"_links":{"self":[{"href":"https:\/\/conexiondigital.com.do\/index.php\/wp-json\/wp\/v2\/posts\/145559","targetHints":{"allow":["GET"]}}],"collection":[{"href":"https:\/\/conexiondigital.com.do\/index.php\/wp-json\/wp\/v2\/posts"}],"about":[{"href":"https:\/\/conexiondigital.com.do\/index.php\/wp-json\/wp\/v2\/types\/post"}],"author":[{"embeddable":true,"href":"https:\/\/conexiondigital.com.do\/index.php\/wp-json\/wp\/v2\/users\/3"}],"replies":[{"embeddable":true,"href":"https:\/\/conexiondigital.com.do\/index.php\/wp-json\/wp\/v2\/comments?post=145559"}],"version-history":[{"count":1,"href":"https:\/\/conexiondigital.com.do\/index.php\/wp-json\/wp\/v2\/posts\/145559\/revisions"}],"predecessor-version":[{"id":145564,"href":"https:\/\/conexiondigital.com.do\/index.php\/wp-json\/wp\/v2\/posts\/145559\/revisions\/145564"}],"wp:attachment":[{"href":"https:\/\/conexiondigital.com.do\/index.php\/wp-json\/wp\/v2\/media?parent=145559"}],"wp:term":[{"taxonomy":"category","embeddable":true,"href":"https:\/\/conexiondigital.com.do\/index.php\/wp-json\/wp\/v2\/categories?post=145559"},{"taxonomy":"post_tag","embeddable":true,"href":"https:\/\/conexiondigital.com.do\/index.php\/wp-json\/wp\/v2\/tags?post=145559"}],"curies":[{"name":"wp","href":"https:\/\/api.w.org\/{rel}","templated":true}]}}