{"id":145580,"date":"2026-08-31T21:33:48","date_gmt":"2026-09-01T01:33:48","guid":{"rendered":"https:\/\/conexiondigital.com.do\/?p=145580"},"modified":"2026-08-31T21:33:49","modified_gmt":"2026-09-01T01:33:49","slug":"abinader-designa-a-victor-cedeno-brea-como-nuevo-superintendente-de-bancos","status":"publish","type":"post","link":"https:\/\/conexiondigital.com.do\/index.php\/2026\/08\/31\/abinader-designa-a-victor-cedeno-brea-como-nuevo-superintendente-de-bancos\/","title":{"rendered":"Abinader designa a V\u00edctor Cede\u00f1o Brea como nuevo superintendente de Bancos"},"content":{"rendered":"\n<figure class=\"wp-block-image size-large\"><img loading=\"lazy\" decoding=\"async\" width=\"1024\" height=\"682\" src=\"https:\/\/images.conexiondigital.com.do\/wp-content\/uploads\/2026\/08\/0b93d50b-545a-4ee6-a71a-463aa9104ab5-1024x682.jpg\" alt=\"\" class=\"wp-image-145581\" srcset=\"https:\/\/images.conexiondigital.com.do\/wp-content\/uploads\/2026\/08\/0b93d50b-545a-4ee6-a71a-463aa9104ab5-1024x682.jpg 1024w, https:\/\/images.conexiondigital.com.do\/wp-content\/uploads\/2026\/08\/0b93d50b-545a-4ee6-a71a-463aa9104ab5-800x533.jpg 800w, https:\/\/images.conexiondigital.com.do\/wp-content\/uploads\/2026\/08\/0b93d50b-545a-4ee6-a71a-463aa9104ab5-767x511.jpg 767w, https:\/\/images.conexiondigital.com.do\/wp-content\/uploads\/2026\/08\/0b93d50b-545a-4ee6-a71a-463aa9104ab5-300x400.jpg 300w, https:\/\/images.conexiondigital.com.do\/wp-content\/uploads\/2026\/08\/0b93d50b-545a-4ee6-a71a-463aa9104ab5-1536x1023.jpg 1536w, https:\/\/images.conexiondigital.com.do\/wp-content\/uploads\/2026\/08\/0b93d50b-545a-4ee6-a71a-463aa9104ab5.jpg 1600w\" sizes=\"auto, (max-width: 1024px) 100vw, 1024px\"><\/figure>\n\n\n\n<p class=\"wp-block-paragraph\"><strong>La disposici\u00f3n est\u00e1 contenida en el Decreto 606-26, emitido este lunes 31 de agosto<\/strong><\/p>\n\n\n\n<p class=\"wp-block-paragraph\">Santo Domingo.\u2013 El presidente Luis Abinader design\u00f3 a V\u00edctor Livio Emmanuel Cede\u00f1o Brea como nuevo superintendente de Bancos de la Rep\u00fablica Dominicana.<\/p>\n\n\n\n<p class=\"wp-block-paragraph\">El nombramiento est\u00e1 contenido en el Decreto n\u00famero 606-26, emitido este lunes 31 de agosto de 2026 por el Poder Ejecutivo.<\/p>\n\n\n\n<p class=\"wp-block-paragraph\">Cede\u00f1o Brea sustituye en el cargo a Alejandro Fern\u00e1ndez Whipple, quien hab\u00eda sido confirmado como superintendente de Bancos mediante el Decreto 442-24, del 15 de agosto de 2024.<\/p>\n\n\n\n<p class=\"wp-block-paragraph\">La disposici\u00f3n presidencial cita la Ley Monetaria y Financiera 183-02, la cual establece que el superintendente de Bancos es designado por el presidente de la Rep\u00fablica por un periodo de dos a\u00f1os y puede ser renovado, siempre que cumpla con los requisitos legales.<\/p>\n\n\n\n<p class=\"wp-block-paragraph\">El decreto ordena comunicar la designaci\u00f3n a la Junta Monetaria, la Superintendencia de Bancos, el Ministerio de Administraci\u00f3n P\u00fablica, la C\u00e1mara de Cuentas, la Contralor\u00eda General de la Rep\u00fablica y las dem\u00e1s instituciones correspondientes, para su conocimiento y ejecuci\u00f3n.<\/p>\n","protected":false},"excerpt":{"rendered":"<p>La disposici\u00f3n est\u00e1 contenida en el Decreto 606-26, emitido este lunes 31 de agosto Santo Domingo.\u2013 El presidente Luis Abinader design\u00f3 a V\u00edctor Livio Emmanuel Cede\u00f1o Brea como nuevo superintendente de Bancos de la Rep\u00fablica Dominicana. El nombramiento est\u00e1 contenido en el Decreto n\u00famero 606-26, emitido este lunes 31 de agosto de 2026 por el Poder Ejecutivo. Cede\u00f1o Brea sustituye en el cargo a Alejandro Fern\u00e1ndez Whipple, quien hab\u00eda sido confirmado como superintendente de Bancos mediante el Decreto 442-24, del 15 de agosto de 2024. La disposici\u00f3n presidencial cita la Ley Monetaria y Financiera 183-02, la cual establece que el superintendente de Bancos es designado por el presidente de la Rep\u00fablica por un periodo de dos a\u00f1os y puede ser renovado, siempre que cumpla con los requisitos legales. El decreto ordena comunicar la designaci\u00f3n a la Junta Monetaria, la Superintendencia de Bancos, el Ministerio de Administraci\u00f3n P\u00fablica, la C\u00e1mara de Cuentas, la Contralor\u00eda General de la Rep\u00fablica y las dem\u00e1s instituciones correspondientes, para su conocimiento y ejecuci\u00f3n.<\/p>\n","protected":false},"author":3,"featured_media":0,"comment_status":"open","ping_status":"open","sticky":false,"template":"","format":"standard","meta":{"om_disable_all_campaigns":false,"footnotes":""},"categories":[1],"tags":[],"class_list":["post-145580","post","type-post","status-publish","format-standard","hentry","category-uncategorized"],"_links":{"self":[{"href":"https:\/\/conexiondigital.com.do\/index.php\/wp-json\/wp\/v2\/posts\/145580","targetHints":{"allow":["GET"]}}],"collection":[{"href":"https:\/\/conexiondigital.com.do\/index.php\/wp-json\/wp\/v2\/posts"}],"about":[{"href":"https:\/\/conexiondigital.com.do\/index.php\/wp-json\/wp\/v2\/types\/post"}],"author":[{"embeddable":true,"href":"https:\/\/conexiondigital.com.do\/index.php\/wp-json\/wp\/v2\/users\/3"}],"replies":[{"embeddable":true,"href":"https:\/\/conexiondigital.com.do\/index.php\/wp-json\/wp\/v2\/comments?post=145580"}],"version-history":[{"count":1,"href":"https:\/\/conexiondigital.com.do\/index.php\/wp-json\/wp\/v2\/posts\/145580\/revisions"}],"predecessor-version":[{"id":145582,"href":"https:\/\/conexiondigital.com.do\/index.php\/wp-json\/wp\/v2\/posts\/145580\/revisions\/145582"}],"wp:attachment":[{"href":"https:\/\/conexiondigital.com.do\/index.php\/wp-json\/wp\/v2\/media?parent=145580"}],"wp:term":[{"taxonomy":"category","embeddable":true,"href":"https:\/\/conexiondigital.com.do\/index.php\/wp-json\/wp\/v2\/categories?post=145580"},{"taxonomy":"post_tag","embeddable":true,"href":"https:\/\/conexiondigital.com.do\/index.php\/wp-json\/wp\/v2\/tags?post=145580"}],"curies":[{"name":"wp","href":"https:\/\/api.w.org\/{rel}","templated":true}]}}