{"id":145609,"date":"2026-09-01T17:28:26","date_gmt":"2026-09-01T21:28:26","guid":{"rendered":"https:\/\/conexiondigital.com.do\/?p=145609"},"modified":"2026-09-01T17:28:38","modified_gmt":"2026-09-01T21:28:38","slug":"abel-martinez-en-el-pld-tendriamos-que-ser-muy-pariguayos-si-no-ganamos-la-presidencia-en-2028","status":"publish","type":"post","link":"https:\/\/conexiondigital.com.do\/index.php\/2026\/09\/01\/abel-martinez-en-el-pld-tendriamos-que-ser-muy-pariguayos-si-no-ganamos-la-presidencia-en-2028\/","title":{"rendered":"Abel Mart\u00ednez: \u201cEn el PLD tendr\u00edamos que ser muy pariguayos si no ganamos la Presidencia en 2028\u201d"},"content":{"rendered":"\n<figure class=\"wp-block-image size-full is-resized\"><img loading=\"lazy\" decoding=\"async\" width=\"768\" height=\"1024\" src=\"https:\/\/images.conexiondigital.com.do\/wp-content\/uploads\/2026\/09\/Abel-Martinez-en-Sonador-Bonao.JPG.jpeg\" alt=\"\" class=\"wp-image-145610\" style=\"width:840px;height:auto\" srcset=\"https:\/\/images.conexiondigital.com.do\/wp-content\/uploads\/2026\/09\/Abel-Martinez-en-Sonador-Bonao.JPG.jpeg 768w, https:\/\/images.conexiondigital.com.do\/wp-content\/uploads\/2026\/09\/Abel-Martinez-en-Sonador-Bonao.JPG-600x800.jpeg 600w, https:\/\/images.conexiondigital.com.do\/wp-content\/uploads\/2026\/09\/Abel-Martinez-en-Sonador-Bonao.JPG-300x400.jpeg 300w\" sizes=\"auto, (max-width: 768px) 100vw, 768px\"><\/figure>\n\n\n\n<p class=\"wp-block-paragraph\"><strong>Afirma que los liderazgos dentro del partido deben fluir democr\u00e1ticamente y que son las bases del partido las que deber\u00e1n elegir a quienes entiendan que los representan.<\/strong><\/p>\n\n\n\n<p class=\"wp-block-paragraph\">Villa Sonador, Bonao.- El aspirante presidencial Abel Mart\u00ednez contin\u00faa sosteniendo encuentros en comunidades de todo el pa\u00eds, escuchando a los militantes del Partido de la Liberaci\u00f3n Dominicana (PLD), a l\u00edderes de diversos sectores productivos y a la ciudadan\u00eda en general, a quienes anima a seguir construyendo la esperanza de un mejor pa\u00eds, mientras trabajan sin descanso para sacar al Partido Revolucionario Moderno (PRM) del Gobierno en 2028.<\/p>\n\n\n\n<p class=\"wp-block-paragraph\">Al compartir un caf\u00e9 entre amigos y dirigentes, Abel reiter\u00f3 la necesidad de dejar a un lado los egos y las imposiciones dentro del partido morado, \u201cy caminar junto a la gente porque el pueblo no aguanta m\u00e1s las malas decisiones del PRM\u201d.<\/p>\n\n\n\n<p class=\"wp-block-paragraph\">\u201cTenemos que tener las cosas muy claras y, en el PLD, tendr\u00edamos que ser muy pariguayos si no ganamos la Presidencia en 2028. Nos corresponde a nosotros dar un paso al frente y defender a los dominicanos; defender la dominicanidad y los recursos p\u00fablicos, que no son de los funcionarios, sino del pueblo\u201d, advirti\u00f3.<\/p>\n\n\n\n<p class=\"wp-block-paragraph\">El l\u00edder pol\u00edtico asegur\u00f3, adem\u00e1s, que su prioridad es seguir en contacto directo con las bases del partido y compartir de cerca con la gente, conectando de forma genuina y abrazando las inquietudes de las madres solteras, los j\u00f3venes, los productores del campo y de todo dominicano que anhele vivir en un pa\u00eds m\u00e1s seguro.<\/p>\n\n\n\n<p class=\"wp-block-paragraph\">\u201cEn esa ruta me encuentro: en la ruta de ser el candidato presidencial del PLD para ser el mejor presidente que la Rep\u00fablica Dominicana haya tenido en toda su historia\u201d, concluy\u00f3.<\/p>\n\n\n\n<p class=\"wp-block-paragraph\">Los encuentros denominados \u201cCaf\u00e9 con Abel\u00bb se realizan de manera permanente como una forma de estar m\u00e1s cerca y escuchar a la gente, en ambientes familiares lejos de tarimas, multitudes y discursos. En ese sentido, la primera semana de septiembre la agenda se concentrar\u00e1 en Santiago, iniciando el martes 1 en la residencia de do\u00f1a Deisy, ubicada en la calle 21 de Enero en La Herradura; el mi\u00e9rcoles 2 en el hogar de Silveria, en la calle Jim\u00e9nez Moya, Vuelta Larga 19 y el jueves 3 en la calle Eugenio Perdomo #69 en Bella Vista.<\/p>\n","protected":false},"excerpt":{"rendered":"<p>Afirma que los liderazgos dentro del partido deben fluir democr\u00e1ticamente y que son las bases del partido las que deber\u00e1n elegir a quienes entiendan que los representan. Villa Sonador, Bonao.- El aspirante presidencial Abel Mart\u00ednez contin\u00faa sosteniendo encuentros en comunidades de todo el pa\u00eds, escuchando a los militantes del Partido de la Liberaci\u00f3n Dominicana (PLD), a l\u00edderes de diversos sectores productivos y a la ciudadan\u00eda en general, a quienes anima a seguir construyendo la esperanza de un mejor pa\u00eds, mientras trabajan sin descanso para sacar al Partido Revolucionario Moderno (PRM) del Gobierno en 2028. Al compartir un caf\u00e9 entre amigos y dirigentes, Abel reiter\u00f3 la necesidad de dejar a un lado los egos y las imposiciones dentro del partido morado, \u201cy caminar junto a la gente porque el pueblo no aguanta m\u00e1s las malas decisiones del PRM\u201d. \u201cTenemos que tener las cosas muy claras y, en el PLD, tendr\u00edamos que ser muy pariguayos si no ganamos la Presidencia en 2028. Nos corresponde a nosotros dar un paso al frente y defender a los dominicanos; defender la dominicanidad y los recursos p\u00fablicos, que no son de los funcionarios, sino del pueblo\u201d, advirti\u00f3. El l\u00edder pol\u00edtico asegur\u00f3, adem\u00e1s, que su prioridad es seguir en contacto directo con las bases del partido y compartir de cerca con la gente, conectando de forma genuina y abrazando las inquietudes de las madres solteras, los j\u00f3venes, los productores del campo y de todo dominicano que anhele vivir en un pa\u00eds m\u00e1s seguro. \u201cEn esa ruta me encuentro: en la ruta de ser el candidato presidencial del PLD para ser el mejor presidente que la Rep\u00fablica Dominicana haya tenido en toda su historia\u201d, concluy\u00f3. Los encuentros denominados \u201cCaf\u00e9 con Abel\u00bb se realizan de manera permanente como una forma de estar m\u00e1s cerca y escuchar a la gente, en ambientes familiares lejos de tarimas, multitudes y discursos. En ese sentido, la primera semana de septiembre la agenda se concentrar\u00e1 en Santiago, iniciando el martes 1 en la residencia de do\u00f1a Deisy, ubicada en la calle 21 de Enero en La Herradura; el mi\u00e9rcoles 2 en el hogar de Silveria, en la calle Jim\u00e9nez Moya, Vuelta Larga 19 y el jueves 3 en la calle Eugenio Perdomo #69 en Bella Vista.<\/p>\n","protected":false},"author":3,"featured_media":0,"comment_status":"open","ping_status":"open","sticky":false,"template":"","format":"standard","meta":{"om_disable_all_campaigns":false,"footnotes":""},"categories":[12],"tags":[],"class_list":["post-145609","post","type-post","status-publish","format-standard","hentry","category-politic"],"_links":{"self":[{"href":"https:\/\/conexiondigital.com.do\/index.php\/wp-json\/wp\/v2\/posts\/145609","targetHints":{"allow":["GET"]}}],"collection":[{"href":"https:\/\/conexiondigital.com.do\/index.php\/wp-json\/wp\/v2\/posts"}],"about":[{"href":"https:\/\/conexiondigital.com.do\/index.php\/wp-json\/wp\/v2\/types\/post"}],"author":[{"embeddable":true,"href":"https:\/\/conexiondigital.com.do\/index.php\/wp-json\/wp\/v2\/users\/3"}],"replies":[{"embeddable":true,"href":"https:\/\/conexiondigital.com.do\/index.php\/wp-json\/wp\/v2\/comments?post=145609"}],"version-history":[{"count":2,"href":"https:\/\/conexiondigital.com.do\/index.php\/wp-json\/wp\/v2\/posts\/145609\/revisions"}],"predecessor-version":[{"id":145612,"href":"https:\/\/conexiondigital.com.do\/index.php\/wp-json\/wp\/v2\/posts\/145609\/revisions\/145612"}],"wp:attachment":[{"href":"https:\/\/conexiondigital.com.do\/index.php\/wp-json\/wp\/v2\/media?parent=145609"}],"wp:term":[{"taxonomy":"category","embeddable":true,"href":"https:\/\/conexiondigital.com.do\/index.php\/wp-json\/wp\/v2\/categories?post=145609"},{"taxonomy":"post_tag","embeddable":true,"href":"https:\/\/conexiondigital.com.do\/index.php\/wp-json\/wp\/v2\/tags?post=145609"}],"curies":[{"name":"wp","href":"https:\/\/api.w.org\/{rel}","templated":true}]}}