{"id":145623,"date":"2026-09-02T19:40:21","date_gmt":"2026-09-02T23:40:21","guid":{"rendered":"https:\/\/conexiondigital.com.do\/?p=145623"},"modified":"2026-09-02T19:40:22","modified_gmt":"2026-09-02T23:40:22","slug":"infotep-y-promiches-acuerdan-formar-talento-humano-para-impulsar-desarrollo-turistico-de-miches","status":"publish","type":"post","link":"https:\/\/conexiondigital.com.do\/index.php\/2026\/09\/02\/infotep-y-promiches-acuerdan-formar-talento-humano-para-impulsar-desarrollo-turistico-de-miches\/","title":{"rendered":"INFOTEP y PROMICHES acuerdan formar talento humano para impulsar desarrollo tur\u00edstico de Miches"},"content":{"rendered":"\n<figure class=\"wp-block-image size-large\"><img loading=\"lazy\" decoding=\"async\" width=\"714\" height=\"1024\" src=\"https:\/\/images.conexiondigital.com.do\/wp-content\/uploads\/2026\/09\/c96b35f1-bfa6-4ecc-893c-6577b2d060f8-714x1024.jpg\" alt=\"\" class=\"wp-image-145624\" srcset=\"https:\/\/images.conexiondigital.com.do\/wp-content\/uploads\/2026\/09\/c96b35f1-bfa6-4ecc-893c-6577b2d060f8-714x1024.jpg 714w, https:\/\/images.conexiondigital.com.do\/wp-content\/uploads\/2026\/09\/c96b35f1-bfa6-4ecc-893c-6577b2d060f8-558x800.jpg 558w, https:\/\/images.conexiondigital.com.do\/wp-content\/uploads\/2026\/09\/c96b35f1-bfa6-4ecc-893c-6577b2d060f8-767x1100.jpg 767w, https:\/\/images.conexiondigital.com.do\/wp-content\/uploads\/2026\/09\/c96b35f1-bfa6-4ecc-893c-6577b2d060f8.jpg 893w\" sizes=\"auto, (max-width: 714px) 100vw, 714px\"><\/figure>\n\n\n\n<p class=\"wp-block-paragraph\"><strong>\u00b7 Ambas instituciones desarrollar\u00e1n programas de formaci\u00f3n en hoteler\u00eda, gastronom\u00eda, electricidad, refrigeraci\u00f3n, mec\u00e1nica automotriz, mantenimiento, emprendimiento y \u00e1reas vinculadas a la industria 4.0<\/strong><\/p>\n\n\n\n<p class=\"wp-block-paragraph\">SANTO DOMINGO, RD. -El Instituto Nacional de Formaci\u00f3n T\u00e9cnico Profesional (INFOTEP) y la Asociaci\u00f3n de Hoteles y Turismo El Seibo-Miches (PROMICHES) suscribieron un Acuerdo Marco de Cooperaci\u00f3n Interinstitucional para fortalecer la formaci\u00f3n t\u00e9cnico profesional y la empleabilidad de los habitantes de Miches y otros municipios de la regi\u00f3n Este.<\/p>\n\n\n\n<p class=\"wp-block-paragraph\">La alianza establece las bases para desarrollar programas de formaci\u00f3n orientados a crear un banco de candidatos elegibles, debidamente capacitados para responder a las necesidades de personal de los hoteles que integran PROMICHES, en consonancia con el crecimiento que experimenta el destino tur\u00edstico.<\/p>\n\n\n\n<figure class=\"wp-block-image size-large\"><img loading=\"lazy\" decoding=\"async\" width=\"1024\" height=\"682\" src=\"https:\/\/images.conexiondigital.com.do\/wp-content\/uploads\/2026\/09\/49e735ba-84b9-4eed-b62e-988e888a00b6-1024x682.jpg\" alt=\"\" class=\"wp-image-145625\" srcset=\"https:\/\/images.conexiondigital.com.do\/wp-content\/uploads\/2026\/09\/49e735ba-84b9-4eed-b62e-988e888a00b6-1024x682.jpg 1024w, https:\/\/images.conexiondigital.com.do\/wp-content\/uploads\/2026\/09\/49e735ba-84b9-4eed-b62e-988e888a00b6-800x533.jpg 800w, https:\/\/images.conexiondigital.com.do\/wp-content\/uploads\/2026\/09\/49e735ba-84b9-4eed-b62e-988e888a00b6-767x511.jpg 767w, https:\/\/images.conexiondigital.com.do\/wp-content\/uploads\/2026\/09\/49e735ba-84b9-4eed-b62e-988e888a00b6-300x400.jpg 300w, https:\/\/images.conexiondigital.com.do\/wp-content\/uploads\/2026\/09\/49e735ba-84b9-4eed-b62e-988e888a00b6.jpg 1280w\" sizes=\"auto, (max-width: 1024px) 100vw, 1024px\"><\/figure>\n\n\n\n<p class=\"wp-block-paragraph\">Durante el acto de firma, la directora general del INFOTEP, Maira Morla Pineda, destac\u00f3 que el acuerdo responde al compromiso de la instituci\u00f3n de vincular la formaci\u00f3n t\u00e9cnico profesional con las necesidades reales de los sectores productivos y con las transformaciones que experimentan los territorios.<\/p>\n\n\n\n<p class=\"wp-block-paragraph\">\u201cEsta alianza permitir\u00e1 responder de manera oportuna y pertinente a las demandas del sector tur\u00edstico en Miches, as\u00ed como fortalecer el desarrollo de las provincias El Seibo y Hato Mayor\u201d, declar\u00f3 Morla.<\/p>\n\n\n\n<p class=\"wp-block-paragraph\">Se\u00f1al\u00f3 que la iniciativa se inscribe en la visi\u00f3n del Gobierno del presidente Luis Abinader de consolidar a Miches como un polo tur\u00edstico con capacidad para generar empleos, atraer inversiones y ampliar las oportunidades de desarrollo para sus comunidades.<\/p>\n\n\n\n<p class=\"wp-block-paragraph\">Mientras que el presidente de la Asociaci\u00f3n de Hoteles y Turismo El Seibo-Miches (PROMICHES), William Phelan, destac\u00f3 que el acuerdo con INFOTEP permitir\u00e1 vincular de manera m\u00e1s directa las necesidades de la industria tur\u00edstica con la formaci\u00f3n disponible en el territorio, mediante la identificaci\u00f3n de los perfiles y competencias que demanda el sector y la actualizaci\u00f3n de los programas formativos.<\/p>\n\n\n\n<p class=\"wp-block-paragraph\">\u201cHoy, la actividad tur\u00edstica, hotelera e inmobiliaria de la zona representa una inversi\u00f3n superior a los 1,250 millones de d\u00f3lares, genera m\u00e1s de 6,000 empleos directos e indirectos y cuenta con unas 3,000 habitaciones hoteleras en operaci\u00f3n\u201d, resalt\u00f3 Phelan.<\/p>\n\n\n\n<p class=\"wp-block-paragraph\">Se\u00f1al\u00f3 que esta articulaci\u00f3n contribuir\u00e1 a preparar el talento humano requerido por el crecimiento tur\u00edstico, hotelero e inmobiliario de Miches.<\/p>\n\n\n\n<p class=\"wp-block-paragraph\">Formaci\u00f3n vinculada al desarrollo de Miches<\/p>\n\n\n\n<p class=\"wp-block-paragraph\">La oferta formativa incluir\u00e1 Hoteler\u00eda, Gastronom\u00eda, Electricidad, Refrigeraci\u00f3n, Mec\u00e1nica Automotriz, Mantenimiento, Emprendimiento y \u00e1reas vinculadas a la industria 4.0, adem\u00e1s de programas de actualizaci\u00f3n en idiomas, herramientas tecnol\u00f3gicas, gesti\u00f3n financiera, gerencia y liderazgo, calidad, redacci\u00f3n de informes t\u00e9cnicos, formulaci\u00f3n y evaluaci\u00f3n de proyectos y soluci\u00f3n de conflictos.<\/p>\n\n\n\n<p class=\"wp-block-paragraph\">La iniciativa busca que la expansi\u00f3n de la actividad tur\u00edstica en Miches est\u00e9 acompa\u00f1ada por una mayor disponibilidad de trabajadores formados en las competencias que demanda el sector, favoreciendo la incorporaci\u00f3n de residentes de la zona a las nuevas oportunidades laborales.<\/p>\n\n\n\n<p class=\"wp-block-paragraph\">Proyecci\u00f3n de una Escuela T\u00e9cnico Profesional<\/p>\n\n\n\n<div class=\"wp-block-group is-nowrap is-layout-flex wp-container-core-group-is-layout-8f761849 wp-block-group-is-layout-flex\">\n<p class=\"wp-block-paragraph\">Durante la firma del acuerdo, las autoridades informaron que tambi\u00e9n eval\u00faan la implementaci\u00f3n y puesta en marcha de una Escuela T\u00e9cnico Profesional en Miches, iniciativa que permitir\u00eda ampliar de manera permanente la oferta formativa del INFOTEP en la zona y responder a las necesidades de talento humano que genera el crecimiento econ\u00f3mico y tur\u00edstico del municipio.<\/p>\n\n\n\n<figure class=\"wp-block-image size-large\"><img loading=\"lazy\" decoding=\"async\" width=\"1024\" height=\"694\" src=\"https:\/\/images.conexiondigital.com.do\/wp-content\/uploads\/2026\/09\/37c91814-9869-4642-b6b2-2be71831a278-1024x694.jpg\" alt=\"\" class=\"wp-image-145626\" srcset=\"https:\/\/images.conexiondigital.com.do\/wp-content\/uploads\/2026\/09\/37c91814-9869-4642-b6b2-2be71831a278-1024x694.jpg 1024w, https:\/\/images.conexiondigital.com.do\/wp-content\/uploads\/2026\/09\/37c91814-9869-4642-b6b2-2be71831a278-800x542.jpg 800w, https:\/\/images.conexiondigital.com.do\/wp-content\/uploads\/2026\/09\/37c91814-9869-4642-b6b2-2be71831a278-768x520.jpg 768w, https:\/\/images.conexiondigital.com.do\/wp-content\/uploads\/2026\/09\/37c91814-9869-4642-b6b2-2be71831a278.jpg 1280w\" sizes=\"auto, (max-width: 1024px) 100vw, 1024px\"><\/figure>\n<\/div>\n\n\n\n<p class=\"wp-block-paragraph\">Sobre PROMICHES<\/p>\n\n\n\n<p class=\"wp-block-paragraph\">La Asociaci\u00f3n de Hoteles y Turismo El Seibo-Miches (PROMICHES) es una organizaci\u00f3n empresarial fundada en 2021 con el prop\u00f3sito de impulsar y posicionar a Miches como un destino tur\u00edstico sostenible de la Rep\u00fablica Dominicana.<\/p>\n\n\n\n<p class=\"wp-block-paragraph\">La entidad agrupa a empresas como Club Med Miches, Viva Miches by Wyndham, Zemi Miches Punta Cana, All Inclusive y Curio de Hilton, y Secrets y Dreams de Playa Esmeralda, que en conjunto representan unas 5,000 habitaciones.<\/p>\n","protected":false},"excerpt":{"rendered":"<p>\u00b7 Ambas instituciones desarrollar\u00e1n programas de formaci\u00f3n en hoteler\u00eda, gastronom\u00eda, electricidad, refrigeraci\u00f3n, mec\u00e1nica automotriz, mantenimiento, emprendimiento y \u00e1reas vinculadas a la industria 4.0 SANTO DOMINGO, RD. -El Instituto Nacional de Formaci\u00f3n T\u00e9cnico Profesional (INFOTEP) y la Asociaci\u00f3n de Hoteles y Turismo El Seibo-Miches (PROMICHES) suscribieron un Acuerdo Marco de Cooperaci\u00f3n Interinstitucional para fortalecer la formaci\u00f3n t\u00e9cnico profesional y la empleabilidad de los habitantes de Miches y otros municipios de la regi\u00f3n Este. La alianza establece las bases para desarrollar programas de formaci\u00f3n orientados a crear un banco de candidatos elegibles, debidamente capacitados para responder a las necesidades de personal de los hoteles que integran PROMICHES, en consonancia con el crecimiento que experimenta el destino tur\u00edstico. Durante el acto de firma, la directora general del INFOTEP, Maira Morla Pineda, destac\u00f3 que el acuerdo responde al compromiso de la instituci\u00f3n de vincular la formaci\u00f3n t\u00e9cnico profesional con las necesidades reales de los sectores productivos y con las transformaciones que experimentan los territorios. \u201cEsta alianza permitir\u00e1 responder de manera oportuna y pertinente a las demandas del sector tur\u00edstico en Miches, as\u00ed como fortalecer el desarrollo de las provincias El Seibo y Hato Mayor\u201d, declar\u00f3 Morla. Se\u00f1al\u00f3 que la iniciativa se inscribe en la visi\u00f3n del Gobierno del presidente Luis Abinader de consolidar a Miches como un polo tur\u00edstico con capacidad para generar empleos, atraer inversiones y ampliar las oportunidades de desarrollo para sus comunidades. Mientras que el presidente de la Asociaci\u00f3n de Hoteles y Turismo El Seibo-Miches (PROMICHES), William Phelan, destac\u00f3 que el acuerdo con INFOTEP permitir\u00e1 vincular de manera m\u00e1s directa las necesidades de la industria tur\u00edstica con la formaci\u00f3n disponible en el territorio, mediante la identificaci\u00f3n de los perfiles y competencias que demanda el sector y la actualizaci\u00f3n de los programas formativos. \u201cHoy, la actividad tur\u00edstica, hotelera e inmobiliaria de la zona representa una inversi\u00f3n superior a los 1,250 millones de d\u00f3lares, genera m\u00e1s de 6,000 empleos directos e indirectos y cuenta con unas 3,000 habitaciones hoteleras en operaci\u00f3n\u201d, resalt\u00f3 Phelan. Se\u00f1al\u00f3 que esta articulaci\u00f3n contribuir\u00e1 a preparar el talento humano requerido por el crecimiento tur\u00edstico, hotelero e inmobiliario de Miches. Formaci\u00f3n vinculada al desarrollo de Miches La oferta formativa incluir\u00e1 Hoteler\u00eda, Gastronom\u00eda, Electricidad, Refrigeraci\u00f3n, Mec\u00e1nica Automotriz, Mantenimiento, Emprendimiento y \u00e1reas vinculadas a la industria 4.0, adem\u00e1s de programas de actualizaci\u00f3n en idiomas, herramientas tecnol\u00f3gicas, gesti\u00f3n financiera, gerencia y liderazgo, calidad, redacci\u00f3n de informes t\u00e9cnicos, formulaci\u00f3n y evaluaci\u00f3n de proyectos y soluci\u00f3n de conflictos. La iniciativa busca que la expansi\u00f3n de la actividad tur\u00edstica en Miches est\u00e9 acompa\u00f1ada por una mayor disponibilidad de trabajadores formados en las competencias que demanda el sector, favoreciendo la incorporaci\u00f3n de residentes de la zona a las nuevas oportunidades laborales. Proyecci\u00f3n de una Escuela T\u00e9cnico Profesional Durante la firma del acuerdo, las autoridades informaron que tambi\u00e9n eval\u00faan la implementaci\u00f3n y puesta en marcha de una Escuela T\u00e9cnico Profesional en Miches, iniciativa que permitir\u00eda ampliar de manera permanente la oferta formativa del INFOTEP en la zona y responder a las necesidades de talento humano que genera el crecimiento econ\u00f3mico y tur\u00edstico del municipio. Sobre PROMICHES La Asociaci\u00f3n de Hoteles y Turismo El Seibo-Miches (PROMICHES) es una organizaci\u00f3n empresarial fundada en 2021 con el prop\u00f3sito de impulsar y posicionar a Miches como un destino tur\u00edstico sostenible de la Rep\u00fablica Dominicana. La entidad agrupa a empresas como Club Med Miches, Viva Miches by Wyndham, Zemi Miches Punta Cana, All Inclusive y Curio de Hilton, y Secrets y Dreams de Playa Esmeralda, que en conjunto representan unas 5,000 habitaciones.<\/p>\n","protected":false},"author":3,"featured_media":0,"comment_status":"open","ping_status":"open","sticky":false,"template":"","format":"standard","meta":{"om_disable_all_campaigns":false,"footnotes":""},"categories":[56],"tags":[],"class_list":["post-145623","post","type-post","status-publish","format-standard","hentry","category-economia"],"_links":{"self":[{"href":"https:\/\/conexiondigital.com.do\/index.php\/wp-json\/wp\/v2\/posts\/145623","targetHints":{"allow":["GET"]}}],"collection":[{"href":"https:\/\/conexiondigital.com.do\/index.php\/wp-json\/wp\/v2\/posts"}],"about":[{"href":"https:\/\/conexiondigital.com.do\/index.php\/wp-json\/wp\/v2\/types\/post"}],"author":[{"embeddable":true,"href":"https:\/\/conexiondigital.com.do\/index.php\/wp-json\/wp\/v2\/users\/3"}],"replies":[{"embeddable":true,"href":"https:\/\/conexiondigital.com.do\/index.php\/wp-json\/wp\/v2\/comments?post=145623"}],"version-history":[{"count":1,"href":"https:\/\/conexiondigital.com.do\/index.php\/wp-json\/wp\/v2\/posts\/145623\/revisions"}],"predecessor-version":[{"id":145627,"href":"https:\/\/conexiondigital.com.do\/index.php\/wp-json\/wp\/v2\/posts\/145623\/revisions\/145627"}],"wp:attachment":[{"href":"https:\/\/conexiondigital.com.do\/index.php\/wp-json\/wp\/v2\/media?parent=145623"}],"wp:term":[{"taxonomy":"category","embeddable":true,"href":"https:\/\/conexiondigital.com.do\/index.php\/wp-json\/wp\/v2\/categories?post=145623"},{"taxonomy":"post_tag","embeddable":true,"href":"https:\/\/conexiondigital.com.do\/index.php\/wp-json\/wp\/v2\/tags?post=145623"}],"curies":[{"name":"wp","href":"https:\/\/api.w.org\/{rel}","templated":true}]}}