{"id":145632,"date":"2026-09-02T19:48:20","date_gmt":"2026-09-02T23:48:20","guid":{"rendered":"https:\/\/conexiondigital.com.do\/?p=145632"},"modified":"2026-09-02T19:48:20","modified_gmt":"2026-09-02T23:48:20","slug":"sanchez-roa-al-conmemorarse-el-120-aniversario-del-natalicio-del-expresidente-joaquin-balaguer-afirma-que-su-legado-se-agiganta-con-el-paso-del-tiempo","status":"publish","type":"post","link":"https:\/\/conexiondigital.com.do\/index.php\/2026\/09\/02\/sanchez-roa-al-conmemorarse-el-120-aniversario-del-natalicio-del-expresidente-joaquin-balaguer-afirma-que-su-legado-se-agiganta-con-el-paso-del-tiempo\/","title":{"rendered":"S\u00e1nchez Roa, al conmemorarse el 120 aniversario del natalicio del expresidente Joaqu\u00edn Balaguer, afirma que \u201cSu legado se agiganta con el paso del tiempo\u201d"},"content":{"rendered":"\n<figure class=\"wp-block-image size-large\"><img loading=\"lazy\" decoding=\"async\" width=\"1024\" height=\"686\" src=\"\" alt=\"\" class=\"wp-image-145633\" srcset=\"https:\/\/images.conexiondigital.com.do\/wp-content\/uploads\/2026\/09\/42a97773-7f06-4c8a-8e21-66fdc943e328-1024x686.jpg 1024w, https:\/\/images.conexiondigital.com.do\/wp-content\/uploads\/2026\/09\/42a97773-7f06-4c8a-8e21-66fdc943e328-800x536.jpg 800w, https:\/\/images.conexiondigital.com.do\/wp-content\/uploads\/2026\/09\/42a97773-7f06-4c8a-8e21-66fdc943e328-768x514.jpg 768w, https:\/\/images.conexiondigital.com.do\/wp-content\/uploads\/2026\/09\/42a97773-7f06-4c8a-8e21-66fdc943e328-300x200.jpg 300w, https:\/\/images.conexiondigital.com.do\/wp-content\/uploads\/2026\/09\/42a97773-7f06-4c8a-8e21-66fdc943e328.jpg 1280w\" sizes=\"auto, (max-width: 1024px) 100vw, 1024px\"><\/figure>\n\n\n\n<p class=\"wp-block-paragraph\">El exsenador Adriano S\u00e1nchez Roa afirm\u00f3, al conmemorarse este 1ero. de septiembre el 120 aniversario del natalicio de Joaqu\u00edn Balaguer, su legado de permanece vigente y se agiganta con el paso del tiempo, como estadista, pol\u00edtico, escritor, protector del medioambiente y constructor de obras fundamentales para el desarrollo nacional.<\/p>\n\n\n\n<p class=\"wp-block-paragraph\">\u201cM\u00e1s all\u00e1 de las controversias que acompa\u00f1aron su trayectoria pol\u00edtica, la obra de Balaguer constituye una parte esencial de la transformaci\u00f3n de la Rep\u00fablica Dominicana durante el siglo XX, a tal extremo que hoy es referencia de un desarrollo sin endeudamiento y con car\u00e1cter social\u201d, dijo.<\/p>\n\n\n\n<p class=\"wp-block-paragraph\">S\u00e1nchez Roa sostuvo que entre las realizaciones figuran carreteras, puentes, presas, proyectos hidroel\u00e9ctricos, el Centro Ol\u00edmpico Juan Pablo Duarte, la Plaza de la Cultura y diversas iniciativas de protecci\u00f3n ambiental, obras que, seg\u00fan se\u00f1al\u00f3, permanecen como testimonios concretos de su visi\u00f3n de Estado.<\/p>\n\n\n\n<p class=\"wp-block-paragraph\">Asimismo, resalt\u00f3 la dimensi\u00f3n intelectual de Balaguer, cuya extensa producci\u00f3n literaria comprende poes\u00eda, ensayo, historia, cr\u00edtica y otros g\u00e9neros, situ\u00e1ndolo entre las figuras m\u00e1s influyentes de las letras dominicanas.<\/p>\n\n\n\n<p class=\"wp-block-paragraph\">\u201cLa historia debe estudiarse completa, con sus luces y sus desaciertos. Hay que estudiarla, valorarla y aprender de ella; y ah\u00ed Balaguer, con el paso del tiempo, cada d\u00eda crece m\u00e1s\u201d, expres\u00f3 S\u00e1nchez Roa.<\/p>\n\n\n\n<figure class=\"wp-block-image size-large\"><img loading=\"lazy\" decoding=\"async\" width=\"1024\" height=\"665\" src=\"https:\/\/images.conexiondigital.com.do\/wp-content\/uploads\/2026\/09\/22fb74a9-131d-423e-a445-4a73b52c4173-1024x665.jpg\" alt=\"\" class=\"wp-image-145634\" srcset=\"https:\/\/images.conexiondigital.com.do\/wp-content\/uploads\/2026\/09\/22fb74a9-131d-423e-a445-4a73b52c4173-1024x665.jpg 1024w, https:\/\/images.conexiondigital.com.do\/wp-content\/uploads\/2026\/09\/22fb74a9-131d-423e-a445-4a73b52c4173-800x519.jpg 800w, https:\/\/images.conexiondigital.com.do\/wp-content\/uploads\/2026\/09\/22fb74a9-131d-423e-a445-4a73b52c4173-767x498.jpg 767w, https:\/\/images.conexiondigital.com.do\/wp-content\/uploads\/2026\/09\/22fb74a9-131d-423e-a445-4a73b52c4173.jpg 1280w\" sizes=\"auto, (max-width: 1024px) 100vw, 1024px\"><\/figure>\n\n\n\n<p class=\"wp-block-paragraph\">Una an\u00e9cdota que revela su capacidad de escuchar<\/p>\n\n\n\n<p class=\"wp-block-paragraph\">El exsenador record\u00f3 una experiencia personal que, seg\u00fan dijo, le permiti\u00f3 conocer una faceta particular del expresidente.<\/p>\n\n\n\n<p class=\"wp-block-paragraph\">\u201cEn 1994, cuando el doctor Balaguer me nombr\u00f3 en el Banco Agr\u00edcola, el doctor Ney Arias Lora me aconsej\u00f3 entregarle al Primer Mandatario mi libro de poemas \u00abEn tiempos de caracoles\u00bb, una obra de contenido cr\u00edtico sobre los doce a\u00f1os de gobierno\u201d.<\/p>\n\n\n\n<p class=\"wp-block-paragraph\">\u201cDecid\u00ed seguir su consejo\u201d, revel\u00f3.<\/p>\n\n\n\n<p class=\"wp-block-paragraph\">S\u00e1nchez Roa continu\u00f3, \u201cUna ma\u00f1ana, cuando el presidente Balaguer sal\u00eda de la residencia y caminaba hacia su Lincoln Continental, le expliqu\u00e9 personalmente el contenido cr\u00edtico de la obra. Me pidi\u00f3 entonces un ejemplar para que el general P\u00e9rez Bello se lo leyera\u201d.<\/p>\n\n\n\n<p class=\"wp-block-paragraph\">\u201cDurante varias semanas esper\u00e9 con cierta ansiedad su reacci\u00f3n\u201d, dijo.<\/p>\n\n\n\n<p class=\"wp-block-paragraph\">Hasta que un d\u00eda el doctor Balaguer me sorprendi\u00f3 con estas palabras:<\/p>\n\n\n\n<p class=\"wp-block-paragraph\">\u2014Me leyeron los poemas. Yo, a su edad y con lo que ocurr\u00eda en esos tiempos, tambi\u00e9n los hubiese escrito.<\/p>\n\n\n\n<figure class=\"wp-block-image size-large\"><img loading=\"lazy\" decoding=\"async\" width=\"939\" height=\"1024\" src=\"https:\/\/images.conexiondigital.com.do\/wp-content\/uploads\/2026\/09\/8be26e27-617e-431a-9c61-73d04c60c5e6-939x1024.jpg\" alt=\"\" class=\"wp-image-145635\" srcset=\"https:\/\/images.conexiondigital.com.do\/wp-content\/uploads\/2026\/09\/8be26e27-617e-431a-9c61-73d04c60c5e6-939x1024.jpg 939w, https:\/\/images.conexiondigital.com.do\/wp-content\/uploads\/2026\/09\/8be26e27-617e-431a-9c61-73d04c60c5e6-733x800.jpg 733w, https:\/\/images.conexiondigital.com.do\/wp-content\/uploads\/2026\/09\/8be26e27-617e-431a-9c61-73d04c60c5e6-767x837.jpg 767w, https:\/\/images.conexiondigital.com.do\/wp-content\/uploads\/2026\/09\/8be26e27-617e-431a-9c61-73d04c60c5e6.jpg 992w\" sizes=\"auto, (max-width: 939px) 100vw, 939px\"><\/figure>\n\n\n\n<p class=\"wp-block-paragraph\">A juicio del exsenador, aquella respuesta refleja la capacidad del expresidente para escuchar una cr\u00edtica y reconocer el derecho de las nuevas generaciones a expresar sus ideas, incluso cuando fueran contrarias a las posiciones del poder, por lo que \u201cNunca olvid\u00e9 aquel momento\u201d.<\/p>\n\n\n\n<p class=\"wp-block-paragraph\">S\u00e1nchez Roa record\u00f3 tambi\u00e9n que, por iniciativa suya, el Senado de la Rep\u00fablica declar\u00f3 el 1.\u00ba de septiembre como \u00abD\u00eda de regocijo nacional por ser el natalicio del doctor Joaqu\u00edn Balaguer\u00bb, mediante resoluci\u00f3n aprobada en 2010.<\/p>\n\n\n\n<p class=\"wp-block-paragraph\">Consider\u00f3 que el 120.\u00ba aniversario constituye una ocasi\u00f3n propicia para preservar la memoria hist\u00f3rica y analizar la trayectoria de Balaguer sin apasionamientos ni sectarismos.<\/p>\n\n\n\n<p class=\"wp-block-paragraph\">\u201cNo se trata de idealizar ni de condenar desde el olvido. Se trata de conocer la historia, reconocer las obras que perduran y aprender de los aciertos y errores del pasado para construir una Rep\u00fablica Dominicana cada vez m\u00e1s desarrollada, pr\u00f3spera y justa\u201d, concluy\u00f3 S\u00e1nchez Roa.<\/p>\n","protected":false},"excerpt":{"rendered":"<p>El exsenador Adriano S\u00e1nchez Roa afirm\u00f3, al conmemorarse este 1ero. de septiembre el 120 aniversario del natalicio de Joaqu\u00edn Balaguer, su legado de permanece vigente y se agiganta con el paso del tiempo, como estadista, pol\u00edtico, escritor, protector del medioambiente y constructor de obras fundamentales para el desarrollo nacional. \u201cM\u00e1s all\u00e1 de las controversias que acompa\u00f1aron su trayectoria pol\u00edtica, la obra de Balaguer constituye una parte esencial de la transformaci\u00f3n de la Rep\u00fablica Dominicana durante el siglo XX, a tal extremo que hoy es referencia de un desarrollo sin endeudamiento y con car\u00e1cter social\u201d, dijo. S\u00e1nchez Roa sostuvo que entre las realizaciones figuran carreteras, puentes, presas, proyectos hidroel\u00e9ctricos, el Centro Ol\u00edmpico Juan Pablo Duarte, la Plaza de la Cultura y diversas iniciativas de protecci\u00f3n ambiental, obras que, seg\u00fan se\u00f1al\u00f3, permanecen como testimonios concretos de su visi\u00f3n de Estado. Asimismo, resalt\u00f3 la dimensi\u00f3n intelectual de Balaguer, cuya extensa producci\u00f3n literaria comprende poes\u00eda, ensayo, historia, cr\u00edtica y otros g\u00e9neros, situ\u00e1ndolo entre las figuras m\u00e1s influyentes de las letras dominicanas. \u201cLa historia debe estudiarse completa, con sus luces y sus desaciertos. Hay que estudiarla, valorarla y aprender de ella; y ah\u00ed Balaguer, con el paso del tiempo, cada d\u00eda crece m\u00e1s\u201d, expres\u00f3 S\u00e1nchez Roa. Una an\u00e9cdota que revela su capacidad de escuchar El exsenador record\u00f3 una experiencia personal que, seg\u00fan dijo, le permiti\u00f3 conocer una faceta particular del expresidente. \u201cEn 1994, cuando el doctor Balaguer me nombr\u00f3 en el Banco Agr\u00edcola, el doctor Ney Arias Lora me aconsej\u00f3 entregarle al Primer Mandatario mi libro de poemas \u00abEn tiempos de caracoles\u00bb, una obra de contenido cr\u00edtico sobre los doce a\u00f1os de gobierno\u201d. \u201cDecid\u00ed seguir su consejo\u201d, revel\u00f3. S\u00e1nchez Roa continu\u00f3, \u201cUna ma\u00f1ana, cuando el presidente Balaguer sal\u00eda de la residencia y caminaba hacia su Lincoln Continental, le expliqu\u00e9 personalmente el contenido cr\u00edtico de la obra. Me pidi\u00f3 entonces un ejemplar para que el general P\u00e9rez Bello se lo leyera\u201d. \u201cDurante varias semanas esper\u00e9 con cierta ansiedad su reacci\u00f3n\u201d, dijo. Hasta que un d\u00eda el doctor Balaguer me sorprendi\u00f3 con estas palabras: \u2014Me leyeron los poemas. Yo, a su edad y con lo que ocurr\u00eda en esos tiempos, tambi\u00e9n los hubiese escrito. A juicio del exsenador, aquella respuesta refleja la capacidad del expresidente para escuchar una cr\u00edtica y reconocer el derecho de las nuevas generaciones a expresar sus ideas, incluso cuando fueran contrarias a las posiciones del poder, por lo que \u201cNunca olvid\u00e9 aquel momento\u201d. S\u00e1nchez Roa record\u00f3 tambi\u00e9n que, por iniciativa suya, el Senado de la Rep\u00fablica declar\u00f3 el 1.\u00ba de septiembre como \u00abD\u00eda de regocijo nacional por ser el natalicio del doctor Joaqu\u00edn Balaguer\u00bb, mediante resoluci\u00f3n aprobada en 2010. Consider\u00f3 que el 120.\u00ba aniversario constituye una ocasi\u00f3n propicia para preservar la memoria hist\u00f3rica y analizar la trayectoria de Balaguer sin apasionamientos ni sectarismos. \u201cNo se trata de idealizar ni de condenar desde el olvido. Se trata de conocer la historia, reconocer las obras que perduran y aprender de los aciertos y errores del pasado para construir una Rep\u00fablica Dominicana cada vez m\u00e1s desarrollada, pr\u00f3spera y justa\u201d, concluy\u00f3 S\u00e1nchez Roa.<\/p>\n","protected":false},"author":3,"featured_media":0,"comment_status":"open","ping_status":"open","sticky":false,"template":"","format":"standard","meta":{"om_disable_all_campaigns":false,"footnotes":""},"categories":[12],"tags":[],"class_list":["post-145632","post","type-post","status-publish","format-standard","hentry","category-politic"],"_links":{"self":[{"href":"https:\/\/conexiondigital.com.do\/index.php\/wp-json\/wp\/v2\/posts\/145632","targetHints":{"allow":["GET"]}}],"collection":[{"href":"https:\/\/conexiondigital.com.do\/index.php\/wp-json\/wp\/v2\/posts"}],"about":[{"href":"https:\/\/conexiondigital.com.do\/index.php\/wp-json\/wp\/v2\/types\/post"}],"author":[{"embeddable":true,"href":"https:\/\/conexiondigital.com.do\/index.php\/wp-json\/wp\/v2\/users\/3"}],"replies":[{"embeddable":true,"href":"https:\/\/conexiondigital.com.do\/index.php\/wp-json\/wp\/v2\/comments?post=145632"}],"version-history":[{"count":1,"href":"https:\/\/conexiondigital.com.do\/index.php\/wp-json\/wp\/v2\/posts\/145632\/revisions"}],"predecessor-version":[{"id":145636,"href":"https:\/\/conexiondigital.com.do\/index.php\/wp-json\/wp\/v2\/posts\/145632\/revisions\/145636"}],"wp:attachment":[{"href":"https:\/\/conexiondigital.com.do\/index.php\/wp-json\/wp\/v2\/media?parent=145632"}],"wp:term":[{"taxonomy":"category","embeddable":true,"href":"https:\/\/conexiondigital.com.do\/index.php\/wp-json\/wp\/v2\/categories?post=145632"},{"taxonomy":"post_tag","embeddable":true,"href":"https:\/\/conexiondigital.com.do\/index.php\/wp-json\/wp\/v2\/tags?post=145632"}],"curies":[{"name":"wp","href":"https:\/\/api.w.org\/{rel}","templated":true}]}}