{"id":145637,"date":"2026-09-04T23:02:50","date_gmt":"2026-09-05T03:02:50","guid":{"rendered":"https:\/\/conexiondigital.com.do\/?p=145637"},"modified":"2026-09-04T23:02:51","modified_gmt":"2026-09-05T03:02:51","slug":"prd-cierra-etapa-de-reorganizacion-y-fortalecimiento-de-sus-estructuras-y-se-enfoca-en-el-crecimiento-con-miras-a-2028","status":"publish","type":"post","link":"https:\/\/conexiondigital.com.do\/index.php\/2026\/09\/04\/prd-cierra-etapa-de-reorganizacion-y-fortalecimiento-de-sus-estructuras-y-se-enfoca-en-el-crecimiento-con-miras-a-2028\/","title":{"rendered":"PRD cierra etapa de reorganizaci\u00f3n y fortalecimiento de sus estructuras y se enfoca en el crecimiento con miras a 2028"},"content":{"rendered":"\n<figure class=\"wp-block-image size-large is-resized\"><img loading=\"lazy\" decoding=\"async\" width=\"587\" height=\"1024\" src=\"https:\/\/images.conexiondigital.com.do\/wp-content\/uploads\/2026\/09\/c4883521-5a9a-466f-ae8c-7dcbe7590a74-587x1024.jpg\" alt=\"\" class=\"wp-image-145638\" style=\"width:840px;height:auto\" srcset=\"https:\/\/images.conexiondigital.com.do\/wp-content\/uploads\/2026\/09\/c4883521-5a9a-466f-ae8c-7dcbe7590a74-587x1024.jpg 587w, https:\/\/images.conexiondigital.com.do\/wp-content\/uploads\/2026\/09\/c4883521-5a9a-466f-ae8c-7dcbe7590a74-459x800.jpg 459w, https:\/\/images.conexiondigital.com.do\/wp-content\/uploads\/2026\/09\/c4883521-5a9a-466f-ae8c-7dcbe7590a74.jpg 734w\" sizes=\"auto, (max-width: 587px) 100vw, 587px\"><\/figure>\n\n\n\n<p class=\"wp-block-paragraph\">Santo Domingo, Rep\u00fablica Dominicana.\u2013 El Partido Revolucionario Dominicano (PRD) avanza hacia el cierre de la etapa de reorganizaci\u00f3n y fortalecimiento de sus estructuras, tras confirmar la presencia de la organizaci\u00f3n en todo el territorio nacional, y se prepara para concentrar sus esfuerzos en el crecimiento con miras al proceso electoral de 2028.<\/p>\n\n\n\n<p class=\"wp-block-paragraph\">La agenda de trabajo de la Direcci\u00f3n Nacional incluy\u00f3 encuentros con el liderazgo de la regi\u00f3n Sur, el Distrito Nacional, la provincia Santo Domingo y la regi\u00f3n Este, en un proceso de comunicaci\u00f3n directa con las estructuras partidarias para revisar los avances organizativos y definir las prioridades de la nueva etapa pol\u00edtica y electoral del PRD.<\/p>\n\n\n\n<p class=\"wp-block-paragraph\">Durante estas jornadas, encabezadas por el presidente del PRD, Miguel Vargas, junto a la Direcci\u00f3n Nacional, se destac\u00f3 la participaci\u00f3n y presencia de Peggy Cabral, secretaria general; H\u00e9ctor Guzm\u00e1n, presidente ejecutivo; Carlos Dicl\u00f3, secretario nacional de Organizaci\u00f3n; Jos\u00e9 Juan Zapata, secretario nacional de Asuntos Electorales; Henry Blanco, secretario nacional de Educaci\u00f3n y Doctrina; V\u00edctor Feliz, secretario nacional de Asuntos Municipales; Amancia de la Cruz, secretaria nacional de la Mujer; Joel D\u00edaz, presidente del Distrito Nacional; Aneudy Mieses, secretario nacional de la Juventud Revolucionaria Dominicana; Daniel Ozuna, presidente de la provincia Santo Domingo; Ram\u00f3n Raposo, diputado nacional y presidente del PRD en Santo Domingo Norte; Mario Gonz\u00e1lez, responsable de los Distritos Municipales; H\u00e9ctor Cruz Tineo, presidente regional Este, entre otros dirigentes nacionales, regionales, provinciales y municipales.<\/p>\n\n\n\n<p class=\"wp-block-paragraph\">En estos encuentros se pas\u00f3 revista al trabajo realizado en las distintas demarcaciones y a las condiciones existentes para continuar ampliando la presencia del partido en cada provincia, regi\u00f3n, municipio y distrito municipal del pa\u00eds.<\/p>\n\n\n\n<p class=\"wp-block-paragraph\">\u201cEstamos cerrando una etapa de reorganizaci\u00f3n y fortalecimiento, porque la estructura del partido tiene presencia en todo el territorio nacional, en cada una de las provincias, de las regiones, de los municipios. A\u00fan quedan algunas demarcaciones por confirmar y completar la entrega del padr\u00f3n de dirigentes a la Junta Central Electoral, pero ya podemos enfocar nuestros esfuerzos en el crecimiento, a dos a\u00f1os de las elecciones\u201d, afirm\u00f3 Miguel Vargas.<\/p>\n\n\n\n<p class=\"wp-block-paragraph\">En el Distrito Nacional y la provincia Santo Domingo, la dirigencia inform\u00f3 que el proceso de reestructuraci\u00f3n de sus estructuras ha sido completado, mientras que en la regi\u00f3n Este la organizaci\u00f3n se encuentra pr\u00e1cticamente lista, con apenas pendientes puntuales en algunos distritos municipales. En la regi\u00f3n Sur solo quedaban pendientes unos pocos distritos en Azua.<\/p>\n\n\n\n<p class=\"wp-block-paragraph\">La semana pr\u00f3xima concluir\u00e1 esta jornada de encuentros con los presidentes provinciales y municipales, as\u00ed como con los secretarios generales provinciales. Tambi\u00e9n est\u00e1 pendiente la reuni\u00f3n con los dirigentes de la regi\u00f3n Norte o Cibao, adem\u00e1s de la confirmaci\u00f3n de algunas estructuras territoriales, para completar el proceso y entregar en los pr\u00f3ximos d\u00edas el padr\u00f3n de dirigentes a la Junta Central Electoral.<\/p>\n\n\n\n<figure class=\"wp-block-image size-large\"><img loading=\"lazy\" decoding=\"async\" width=\"1024\" height=\"683\" src=\"https:\/\/images.conexiondigital.com.do\/wp-content\/uploads\/2026\/09\/6c1c43bd-a0c7-4a29-b02b-4f2bf85d9fdc-1024x683.jpg\" alt=\"\" class=\"wp-image-145639\" srcset=\"https:\/\/images.conexiondigital.com.do\/wp-content\/uploads\/2026\/09\/6c1c43bd-a0c7-4a29-b02b-4f2bf85d9fdc-1024x683.jpg 1024w, https:\/\/images.conexiondigital.com.do\/wp-content\/uploads\/2026\/09\/6c1c43bd-a0c7-4a29-b02b-4f2bf85d9fdc-800x534.jpg 800w, https:\/\/images.conexiondigital.com.do\/wp-content\/uploads\/2026\/09\/6c1c43bd-a0c7-4a29-b02b-4f2bf85d9fdc-767x512.jpg 767w, https:\/\/images.conexiondigital.com.do\/wp-content\/uploads\/2026\/09\/6c1c43bd-a0c7-4a29-b02b-4f2bf85d9fdc-300x400.jpg 300w, https:\/\/images.conexiondigital.com.do\/wp-content\/uploads\/2026\/09\/6c1c43bd-a0c7-4a29-b02b-4f2bf85d9fdc.jpg 1280w\" sizes=\"auto, (max-width: 1024px) 100vw, 1024px\"><\/figure>\n\n\n\n<p class=\"wp-block-paragraph\">Los resultados alcanzados marcan el cierre de una etapa fundamental de reorganizaci\u00f3n y el inicio de una nueva fase enfocada en el crecimiento, sin dar por concluido el proceso de fortalecimiento, que continuar\u00e1 hasta completar las demarcaciones pendientes, consolidar las estructuras y culminar los procedimientos correspondientes.<\/p>\n\n\n\n<p class=\"wp-block-paragraph\">Miguel Vargas ha reiterado que el PRD debe mantenerse activo y preparado ante cualquier escenario de cara a 2028, fortaleciendo su organizaci\u00f3n y trabajando para construir una oposici\u00f3n capaz de ofrecer una alternativa con posibilidades reales de triunfo.<\/p>\n\n\n\n<p class=\"wp-block-paragraph\">En ese contexto, el presidente del PRD ha reafirmado su propuesta de impulsar una alianza efectiva de las fuerzas opositoras, bajo criterios que permitan escoger las candidaturas con mayores posibilidades de alcanzar la victoria, evitando que ese proceso se convierta simplemente en una distribuci\u00f3n de posiciones.<\/p>\n\n\n\n<p class=\"wp-block-paragraph\">La Direcci\u00f3n Nacional tambi\u00e9n ha llamado a la dirigencia provincial y municipal a mantenerse vinculada con sus comunidades, acelerar el crecimiento, identificar nuevos liderazgos y ampliar la capacidad electoral del partido en cada demarcaci\u00f3n.<\/p>\n\n\n\n<p class=\"wp-block-paragraph\">Con esta jornada, el PRD reafirma que cuenta con una estructura partidaria presente en todo el pa\u00eds y avanza hacia una nueva etapa centrada en el crecimiento, mientras completa los \u00faltimos aspectos de reorganizaci\u00f3n y fortalecimiento, con organizaci\u00f3n, unidad y determinaci\u00f3n, con miras a 2028.<\/p>\n","protected":false},"excerpt":{"rendered":"<p>Santo Domingo, Rep\u00fablica Dominicana.\u2013 El Partido Revolucionario Dominicano (PRD) avanza hacia el cierre de la etapa de reorganizaci\u00f3n y fortalecimiento de sus estructuras, tras confirmar la presencia de la organizaci\u00f3n en todo el territorio nacional, y se prepara para concentrar sus esfuerzos en el crecimiento con miras al proceso electoral de 2028. La agenda de trabajo de la Direcci\u00f3n Nacional incluy\u00f3 encuentros con el liderazgo de la regi\u00f3n Sur, el Distrito Nacional, la provincia Santo Domingo y la regi\u00f3n Este, en un proceso de comunicaci\u00f3n directa con las estructuras partidarias para revisar los avances organizativos y definir las prioridades de la nueva etapa pol\u00edtica y electoral del PRD. Durante estas jornadas, encabezadas por el presidente del PRD, Miguel Vargas, junto a la Direcci\u00f3n Nacional, se destac\u00f3 la participaci\u00f3n y presencia de Peggy Cabral, secretaria general; H\u00e9ctor Guzm\u00e1n, presidente ejecutivo; Carlos Dicl\u00f3, secretario nacional de Organizaci\u00f3n; Jos\u00e9 Juan Zapata, secretario nacional de Asuntos Electorales; Henry Blanco, secretario nacional de Educaci\u00f3n y Doctrina; V\u00edctor Feliz, secretario nacional de Asuntos Municipales; Amancia de la Cruz, secretaria nacional de la Mujer; Joel D\u00edaz, presidente del Distrito Nacional; Aneudy Mieses, secretario nacional de la Juventud Revolucionaria Dominicana; Daniel Ozuna, presidente de la provincia Santo Domingo; Ram\u00f3n Raposo, diputado nacional y presidente del PRD en Santo Domingo Norte; Mario Gonz\u00e1lez, responsable de los Distritos Municipales; H\u00e9ctor Cruz Tineo, presidente regional Este, entre otros dirigentes nacionales, regionales, provinciales y municipales. En estos encuentros se pas\u00f3 revista al trabajo realizado en las distintas demarcaciones y a las condiciones existentes para continuar ampliando la presencia del partido en cada provincia, regi\u00f3n, municipio y distrito municipal del pa\u00eds. \u201cEstamos cerrando una etapa de reorganizaci\u00f3n y fortalecimiento, porque la estructura del partido tiene presencia en todo el territorio nacional, en cada una de las provincias, de las regiones, de los municipios. A\u00fan quedan algunas demarcaciones por confirmar y completar la entrega del padr\u00f3n de dirigentes a la Junta Central Electoral, pero ya podemos enfocar nuestros esfuerzos en el crecimiento, a dos a\u00f1os de las elecciones\u201d, afirm\u00f3 Miguel Vargas. En el Distrito Nacional y la provincia Santo Domingo, la dirigencia inform\u00f3 que el proceso de reestructuraci\u00f3n de sus estructuras ha sido completado, mientras que en la regi\u00f3n Este la organizaci\u00f3n se encuentra pr\u00e1cticamente lista, con apenas pendientes puntuales en algunos distritos municipales. En la regi\u00f3n Sur solo quedaban pendientes unos pocos distritos en Azua. La semana pr\u00f3xima concluir\u00e1 esta jornada de encuentros con los presidentes provinciales y municipales, as\u00ed como con los secretarios generales provinciales. Tambi\u00e9n est\u00e1 pendiente la reuni\u00f3n con los dirigentes de la regi\u00f3n Norte o Cibao, adem\u00e1s de la confirmaci\u00f3n de algunas estructuras territoriales, para completar el proceso y entregar en los pr\u00f3ximos d\u00edas el padr\u00f3n de dirigentes a la Junta Central Electoral. Los resultados alcanzados marcan el cierre de una etapa fundamental de reorganizaci\u00f3n y el inicio de una nueva fase enfocada en el crecimiento, sin dar por concluido el proceso de fortalecimiento, que continuar\u00e1 hasta completar las demarcaciones pendientes, consolidar las estructuras y culminar los procedimientos correspondientes. Miguel Vargas ha reiterado que el PRD debe mantenerse activo y preparado ante cualquier escenario de cara a 2028, fortaleciendo su organizaci\u00f3n y trabajando para construir una oposici\u00f3n capaz de ofrecer una alternativa con posibilidades reales de triunfo. En ese contexto, el presidente del PRD ha reafirmado su propuesta de impulsar una alianza efectiva de las fuerzas opositoras, bajo criterios que permitan escoger las candidaturas con mayores posibilidades de alcanzar la victoria, evitando que ese proceso se convierta simplemente en una distribuci\u00f3n de posiciones. La Direcci\u00f3n Nacional tambi\u00e9n ha llamado a la dirigencia provincial y municipal a mantenerse vinculada con sus comunidades, acelerar el crecimiento, identificar nuevos liderazgos y ampliar la capacidad electoral del partido en cada demarcaci\u00f3n. Con esta jornada, el PRD reafirma que cuenta con una estructura partidaria presente en todo el pa\u00eds y avanza hacia una nueva etapa centrada en el crecimiento, mientras completa los \u00faltimos aspectos de reorganizaci\u00f3n y fortalecimiento, con organizaci\u00f3n, unidad y determinaci\u00f3n, con miras a 2028.<\/p>\n","protected":false},"author":3,"featured_media":0,"comment_status":"open","ping_status":"open","sticky":false,"template":"","format":"standard","meta":{"om_disable_all_campaigns":false,"footnotes":""},"categories":[12],"tags":[],"class_list":["post-145637","post","type-post","status-publish","format-standard","hentry","category-politic"],"_links":{"self":[{"href":"https:\/\/conexiondigital.com.do\/index.php\/wp-json\/wp\/v2\/posts\/145637","targetHints":{"allow":["GET"]}}],"collection":[{"href":"https:\/\/conexiondigital.com.do\/index.php\/wp-json\/wp\/v2\/posts"}],"about":[{"href":"https:\/\/conexiondigital.com.do\/index.php\/wp-json\/wp\/v2\/types\/post"}],"author":[{"embeddable":true,"href":"https:\/\/conexiondigital.com.do\/index.php\/wp-json\/wp\/v2\/users\/3"}],"replies":[{"embeddable":true,"href":"https:\/\/conexiondigital.com.do\/index.php\/wp-json\/wp\/v2\/comments?post=145637"}],"version-history":[{"count":1,"href":"https:\/\/conexiondigital.com.do\/index.php\/wp-json\/wp\/v2\/posts\/145637\/revisions"}],"predecessor-version":[{"id":145640,"href":"https:\/\/conexiondigital.com.do\/index.php\/wp-json\/wp\/v2\/posts\/145637\/revisions\/145640"}],"wp:attachment":[{"href":"https:\/\/conexiondigital.com.do\/index.php\/wp-json\/wp\/v2\/media?parent=145637"}],"wp:term":[{"taxonomy":"category","embeddable":true,"href":"https:\/\/conexiondigital.com.do\/index.php\/wp-json\/wp\/v2\/categories?post=145637"},{"taxonomy":"post_tag","embeddable":true,"href":"https:\/\/conexiondigital.com.do\/index.php\/wp-json\/wp\/v2\/tags?post=145637"}],"curies":[{"name":"wp","href":"https:\/\/api.w.org\/{rel}","templated":true}]}}