{"id":145641,"date":"2026-09-04T23:14:29","date_gmt":"2026-09-05T03:14:29","guid":{"rendered":"https:\/\/conexiondigital.com.do\/?p=145641"},"modified":"2026-09-04T23:14:30","modified_gmt":"2026-09-05T03:14:30","slug":"fuerza-del-pueblo-asegura-que-el-mayor-terrorista-ambiental-es-el-gobierno-del-prm","status":"publish","type":"post","link":"https:\/\/conexiondigital.com.do\/index.php\/2026\/09\/04\/fuerza-del-pueblo-asegura-que-el-mayor-terrorista-ambiental-es-el-gobierno-del-prm\/","title":{"rendered":"Fuerza del Pueblo asegura que el mayor \u201cterrorista ambiental\u201d es el Gobierno del PRM"},"content":{"rendered":"\n<figure class=\"wp-block-image size-large\"><img loading=\"lazy\" decoding=\"async\" width=\"1024\" height=\"684\" src=\"https:\/\/images.conexiondigital.com.do\/wp-content\/uploads\/2026\/09\/6c0ae69c-60b9-489a-90b4-b8bece107a4f-1024x684.jpg\" alt=\"\" class=\"wp-image-145642\" srcset=\"https:\/\/images.conexiondigital.com.do\/wp-content\/uploads\/2026\/09\/6c0ae69c-60b9-489a-90b4-b8bece107a4f-1024x684.jpg 1024w, https:\/\/images.conexiondigital.com.do\/wp-content\/uploads\/2026\/09\/6c0ae69c-60b9-489a-90b4-b8bece107a4f-800x534.jpg 800w, https:\/\/images.conexiondigital.com.do\/wp-content\/uploads\/2026\/09\/6c0ae69c-60b9-489a-90b4-b8bece107a4f-767x512.jpg 767w, https:\/\/images.conexiondigital.com.do\/wp-content\/uploads\/2026\/09\/6c0ae69c-60b9-489a-90b4-b8bece107a4f-300x400.jpg 300w, https:\/\/images.conexiondigital.com.do\/wp-content\/uploads\/2026\/09\/6c0ae69c-60b9-489a-90b4-b8bece107a4f-1536x1025.jpg 1536w, https:\/\/images.conexiondigital.com.do\/wp-content\/uploads\/2026\/09\/6c0ae69c-60b9-489a-90b4-b8bece107a4f.jpg 1600w\" sizes=\"auto, (max-width: 1024px) 100vw, 1024px\"><\/figure>\n\n\n\n<p class=\"wp-block-paragraph\"><strong>Pa\u00edno Abreu cuestiona el decreto sobre terrorismo ambiental y afirma que las leyes vigentes ya contemplan sanciones para los delitos contra los recursos naturales.<\/strong><\/p>\n\n\n\n<p class=\"wp-block-paragraph\">SANTO DOMINGO.\u2013 El partido Fuerza del Pueblo (FP) asegur\u00f3 que el mayor \u201cterrorista ambiental\u201d de la Rep\u00fablica Dominicana es el propio Gobierno del Partido Revolucionario Moderno (PRM), al cuestionar las pol\u00edticas aplicadas por las actuales autoridades y considerar innecesario el decreto emitido por el Poder Ejecutivo para enfrentar determinados delitos contra el medio ambiente.<\/p>\n\n\n\n<p class=\"wp-block-paragraph\">Mediante un comunicado, el secretario de Medio Ambiente de la Fuerza del Pueblo, ingeniero Pa\u00edno Abreu Collado, cuestion\u00f3 que el Gobierno pretenda presentar como nuevas medidas que ya est\u00e1n contempladas en la legislaci\u00f3n dominicana. \u201c\u00bfQu\u00e9 busca el presidente Abinader prohibiendo por decreto lo que ya est\u00e1 prohibido en la ley?\u201d, expres\u00f3.<\/p>\n\n\n\n<p class=\"wp-block-paragraph\">Abreu se\u00f1al\u00f3 que el art\u00edculo 265 de la Ley 74-25, correspondiente al nuevo C\u00f3digo Penal, establece penas de entre 20 y 30 a\u00f1os de prisi\u00f3n mayor y multas de 30 a 40 salarios m\u00ednimos del sector p\u00fablico para quienes provoquen voluntariamente incendios que afecten bosques, reservas forestales, nacimientos de r\u00edos, parques nacionales y otras \u00e1reas protegidas.<\/p>\n\n\n\n<p class=\"wp-block-paragraph\">El dirigente pol\u00edtico sostuvo que el problema no radica en la falta de legislaci\u00f3n, sino en la capacidad de las autoridades para hacerla cumplir. Indic\u00f3 que entre 2020 y 2025 fueron reportados 2,558 incendios, gran parte de ellos provocados, y que durante ese per\u00edodo se registraron 11,970 delitos correspondientes \u00fanicamente a tala de \u00e1rboles y vertederos improvisados.<\/p>\n\n\n\n<p class=\"wp-block-paragraph\">Precis\u00f3 que esa \u00faltima cifra no incluye infracciones relacionadas con extracci\u00f3n de agregados, pesca ilegal, tr\u00e1fico de especies, incendios, ocupaci\u00f3n de \u00e1reas protegidas, construcciones irregulares y contaminaci\u00f3n s\u00f3nica. Frente a ese volumen de casos, asegur\u00f3 que apenas se registraron 219 condenas, menos de un 2 %.<\/p>\n\n\n\n<p class=\"wp-block-paragraph\">\u201cEl presidente Abinader se est\u00e1 haciendo experto en castigar delitos que ya est\u00e1n castigados y en presentarse como \u2018\u00e1ngel protector de las \u00e1reas protegidas\u2019\u201d, manifest\u00f3 Abreu, quien cit\u00f3 como ejemplo las disposiciones adoptadas respecto a las Cuevas del Pomier, \u00e1rea que, record\u00f3, ya est\u00e1 protegida por la Ley 202-04.<\/p>\n\n\n\n<p class=\"wp-block-paragraph\">Reclama mayor protecci\u00f3n de los recursos naturales<\/p>\n\n\n\n<p class=\"wp-block-paragraph\">El titular de Medio Ambiente de la Fuerza del Pueblo consider\u00f3 que, en lugar de nuevas disposiciones, el Gobierno debe invertir mayores recursos en la protecci\u00f3n del patrimonio natural, mejorar las condiciones de guardaparques, guardabosques y bomberos forestales, as\u00ed como proporcionarles entrenamiento, equipos modernos y tecnolog\u00eda.<\/p>\n\n\n\n<p class=\"wp-block-paragraph\">Abreu plante\u00f3 igualmente rescatar los viveros y brigadas forestales e intervenir las cuencas hidrogr\u00e1ficas con mayores niveles de deforestaci\u00f3n para reducir la erosi\u00f3n de los suelos y aumentar su capacidad de retenci\u00f3n de agua.<\/p>\n\n\n\n<p class=\"wp-block-paragraph\">En cuanto a la pol\u00edtica de permisos ambientales, critic\u00f3 que las autoridades hayan flexibilizado procedimientos establecidos en las normativas del Ministerio de Medio Ambiente, al tiempo que, seg\u00fan afirm\u00f3, se han otorgado miles de autorizaciones y desarrollado proyectos estatales sin contar previamente con los permisos correspondientes.<\/p>\n\n\n\n<p class=\"wp-block-paragraph\">El dirigente opositor record\u00f3 que las leyes 64-00, sobre Medio Ambiente y Recursos Naturales; 202-04, Sectorial de \u00c1reas Protegidas, y el nuevo C\u00f3digo Penal ya contienen disposiciones para perseguir y sancionar los il\u00edcitos ambientales. Apunt\u00f3 que el propio decreto reconoce que \u201cno se crea un nuevo tipo penal, ni modifica o ampl\u00eda los elementos constitutivos de los delitos vigentes\u201d.<\/p>\n\n\n\n<p class=\"wp-block-paragraph\">\u201cEntonces, \u00bfqu\u00e9 es lo que vemos aqu\u00ed? Nada nuevo en absoluto\u201d, sostuvo.<\/p>\n\n\n\n<p class=\"wp-block-paragraph\">Cuestiona actuaciones del Gobierno<\/p>\n\n\n\n<p class=\"wp-block-paragraph\">Abreu calific\u00f3 la anunciada lucha contra el denominado terrorismo medioambiental como \u201cun ejercicio medi\u00e1tico\u201d y reclam\u00f3 explicaciones sobre la emisi\u00f3n de m\u00e1s de 3,000 licencias y permisos ambientales durante 2025.<\/p>\n\n\n\n<p class=\"wp-block-paragraph\">Entre las actuaciones que considera contradictorias con el discurso ambiental del Gobierno mencion\u00f3 un proyecto en la zona de la Loma Isabel de Torres; la instalaci\u00f3n de barcazas el\u00e9ctricas en Los Negros, Azua; situaciones relacionadas con el acceso a los 60 metros de playa en zonas hoteleras; modificaciones de requerimientos para proyectos estatales y el intento de intervenir terrenos del Jard\u00edn Bot\u00e1nico Nacional.<\/p>\n\n\n\n<p class=\"wp-block-paragraph\">\u201cSi de lo que se trata es de condenar los delitos ambientales como terrorismo, quien se lleva las palmas es el actual ministro de Medio Ambiente\u201d, expres\u00f3 Abreu.<\/p>\n\n\n\n<p class=\"wp-block-paragraph\">El secretario de Medio Ambiente de la Fuerza del Pueblo concluy\u00f3 que el Gobierno debe concentrarse en fortalecer las instituciones, prevenir los da\u00f1os ambientales y garantizar el cumplimiento efectivo de las leyes existentes para proteger los recursos naturales del pa\u00eds.<\/p>\n","protected":false},"excerpt":{"rendered":"<p>Pa\u00edno Abreu cuestiona el decreto sobre terrorismo ambiental y afirma que las leyes vigentes ya contemplan sanciones para los delitos contra los recursos naturales. SANTO DOMINGO.\u2013 El partido Fuerza del Pueblo (FP) asegur\u00f3 que el mayor \u201cterrorista ambiental\u201d de la Rep\u00fablica Dominicana es el propio Gobierno del Partido Revolucionario Moderno (PRM), al cuestionar las pol\u00edticas aplicadas por las actuales autoridades y considerar innecesario el decreto emitido por el Poder Ejecutivo para enfrentar determinados delitos contra el medio ambiente. Mediante un comunicado, el secretario de Medio Ambiente de la Fuerza del Pueblo, ingeniero Pa\u00edno Abreu Collado, cuestion\u00f3 que el Gobierno pretenda presentar como nuevas medidas que ya est\u00e1n contempladas en la legislaci\u00f3n dominicana. \u201c\u00bfQu\u00e9 busca el presidente Abinader prohibiendo por decreto lo que ya est\u00e1 prohibido en la ley?\u201d, expres\u00f3. Abreu se\u00f1al\u00f3 que el art\u00edculo 265 de la Ley 74-25, correspondiente al nuevo C\u00f3digo Penal, establece penas de entre 20 y 30 a\u00f1os de prisi\u00f3n mayor y multas de 30 a 40 salarios m\u00ednimos del sector p\u00fablico para quienes provoquen voluntariamente incendios que afecten bosques, reservas forestales, nacimientos de r\u00edos, parques nacionales y otras \u00e1reas protegidas. El dirigente pol\u00edtico sostuvo que el problema no radica en la falta de legislaci\u00f3n, sino en la capacidad de las autoridades para hacerla cumplir. Indic\u00f3 que entre 2020 y 2025 fueron reportados 2,558 incendios, gran parte de ellos provocados, y que durante ese per\u00edodo se registraron 11,970 delitos correspondientes \u00fanicamente a tala de \u00e1rboles y vertederos improvisados. Precis\u00f3 que esa \u00faltima cifra no incluye infracciones relacionadas con extracci\u00f3n de agregados, pesca ilegal, tr\u00e1fico de especies, incendios, ocupaci\u00f3n de \u00e1reas protegidas, construcciones irregulares y contaminaci\u00f3n s\u00f3nica. Frente a ese volumen de casos, asegur\u00f3 que apenas se registraron 219 condenas, menos de un 2 %. \u201cEl presidente Abinader se est\u00e1 haciendo experto en castigar delitos que ya est\u00e1n castigados y en presentarse como \u2018\u00e1ngel protector de las \u00e1reas protegidas\u2019\u201d, manifest\u00f3 Abreu, quien cit\u00f3 como ejemplo las disposiciones adoptadas respecto a las Cuevas del Pomier, \u00e1rea que, record\u00f3, ya est\u00e1 protegida por la Ley 202-04. Reclama mayor protecci\u00f3n de los recursos naturales El titular de Medio Ambiente de la Fuerza del Pueblo consider\u00f3 que, en lugar de nuevas disposiciones, el Gobierno debe invertir mayores recursos en la protecci\u00f3n del patrimonio natural, mejorar las condiciones de guardaparques, guardabosques y bomberos forestales, as\u00ed como proporcionarles entrenamiento, equipos modernos y tecnolog\u00eda. Abreu plante\u00f3 igualmente rescatar los viveros y brigadas forestales e intervenir las cuencas hidrogr\u00e1ficas con mayores niveles de deforestaci\u00f3n para reducir la erosi\u00f3n de los suelos y aumentar su capacidad de retenci\u00f3n de agua. En cuanto a la pol\u00edtica de permisos ambientales, critic\u00f3 que las autoridades hayan flexibilizado procedimientos establecidos en las normativas del Ministerio de Medio Ambiente, al tiempo que, seg\u00fan afirm\u00f3, se han otorgado miles de autorizaciones y desarrollado proyectos estatales sin contar previamente con los permisos correspondientes. El dirigente opositor record\u00f3 que las leyes 64-00, sobre Medio Ambiente y Recursos Naturales; 202-04, Sectorial de \u00c1reas Protegidas, y el nuevo C\u00f3digo Penal ya contienen disposiciones para perseguir y sancionar los il\u00edcitos ambientales. Apunt\u00f3 que el propio decreto reconoce que \u201cno se crea un nuevo tipo penal, ni modifica o ampl\u00eda los elementos constitutivos de los delitos vigentes\u201d. \u201cEntonces, \u00bfqu\u00e9 es lo que vemos aqu\u00ed? Nada nuevo en absoluto\u201d, sostuvo. Cuestiona actuaciones del Gobierno Abreu calific\u00f3 la anunciada lucha contra el denominado terrorismo medioambiental como \u201cun ejercicio medi\u00e1tico\u201d y reclam\u00f3 explicaciones sobre la emisi\u00f3n de m\u00e1s de 3,000 licencias y permisos ambientales durante 2025. Entre las actuaciones que considera contradictorias con el discurso ambiental del Gobierno mencion\u00f3 un proyecto en la zona de la Loma Isabel de Torres; la instalaci\u00f3n de barcazas el\u00e9ctricas en Los Negros, Azua; situaciones relacionadas con el acceso a los 60 metros de playa en zonas hoteleras; modificaciones de requerimientos para proyectos estatales y el intento de intervenir terrenos del Jard\u00edn Bot\u00e1nico Nacional. \u201cSi de lo que se trata es de condenar los delitos ambientales como terrorismo, quien se lleva las palmas es el actual ministro de Medio Ambiente\u201d, expres\u00f3 Abreu. El secretario de Medio Ambiente de la Fuerza del Pueblo concluy\u00f3 que el Gobierno debe concentrarse en fortalecer las instituciones, prevenir los da\u00f1os ambientales y garantizar el cumplimiento efectivo de las leyes existentes para proteger los recursos naturales del pa\u00eds.<\/p>\n","protected":false},"author":3,"featured_media":0,"comment_status":"open","ping_status":"open","sticky":false,"template":"","format":"standard","meta":{"om_disable_all_campaigns":false,"footnotes":""},"categories":[12],"tags":[],"class_list":["post-145641","post","type-post","status-publish","format-standard","hentry","category-politic"],"_links":{"self":[{"href":"https:\/\/conexiondigital.com.do\/index.php\/wp-json\/wp\/v2\/posts\/145641","targetHints":{"allow":["GET"]}}],"collection":[{"href":"https:\/\/conexiondigital.com.do\/index.php\/wp-json\/wp\/v2\/posts"}],"about":[{"href":"https:\/\/conexiondigital.com.do\/index.php\/wp-json\/wp\/v2\/types\/post"}],"author":[{"embeddable":true,"href":"https:\/\/conexiondigital.com.do\/index.php\/wp-json\/wp\/v2\/users\/3"}],"replies":[{"embeddable":true,"href":"https:\/\/conexiondigital.com.do\/index.php\/wp-json\/wp\/v2\/comments?post=145641"}],"version-history":[{"count":1,"href":"https:\/\/conexiondigital.com.do\/index.php\/wp-json\/wp\/v2\/posts\/145641\/revisions"}],"predecessor-version":[{"id":145643,"href":"https:\/\/conexiondigital.com.do\/index.php\/wp-json\/wp\/v2\/posts\/145641\/revisions\/145643"}],"wp:attachment":[{"href":"https:\/\/conexiondigital.com.do\/index.php\/wp-json\/wp\/v2\/media?parent=145641"}],"wp:term":[{"taxonomy":"category","embeddable":true,"href":"https:\/\/conexiondigital.com.do\/index.php\/wp-json\/wp\/v2\/categories?post=145641"},{"taxonomy":"post_tag","embeddable":true,"href":"https:\/\/conexiondigital.com.do\/index.php\/wp-json\/wp\/v2\/tags?post=145641"}],"curies":[{"name":"wp","href":"https:\/\/api.w.org\/{rel}","templated":true}]}}