{"id":145649,"date":"2026-09-06T10:07:10","date_gmt":"2026-09-06T14:07:10","guid":{"rendered":"https:\/\/conexiondigital.com.do\/?p=145649"},"modified":"2026-09-06T10:07:11","modified_gmt":"2026-09-06T14:07:11","slug":"leonel-el-prm-esta-viniendo-a-la-fuerza-del-pueblo-y-eso-esta-ocurriendo-en-todo-el-pais","status":"publish","type":"post","link":"https:\/\/conexiondigital.com.do\/index.php\/2026\/09\/06\/leonel-el-prm-esta-viniendo-a-la-fuerza-del-pueblo-y-eso-esta-ocurriendo-en-todo-el-pais\/","title":{"rendered":"Leonel: \u201cEl PRM est\u00e1 viniendo a la Fuerza del Pueblo y eso est\u00e1 ocurriendo en todo el pa\u00eds\u201d"},"content":{"rendered":"\n<figure class=\"wp-block-image size-large\"><img loading=\"lazy\" decoding=\"async\" width=\"1024\" height=\"683\" src=\"https:\/\/images.conexiondigital.com.do\/wp-content\/uploads\/2026\/09\/e88848d5-54db-4404-b69f-3d45cca14893-1024x683.jpg\" alt=\"\" class=\"wp-image-145650\" srcset=\"https:\/\/images.conexiondigital.com.do\/wp-content\/uploads\/2026\/09\/e88848d5-54db-4404-b69f-3d45cca14893-1024x683.jpg 1024w, https:\/\/images.conexiondigital.com.do\/wp-content\/uploads\/2026\/09\/e88848d5-54db-4404-b69f-3d45cca14893-800x534.jpg 800w, https:\/\/images.conexiondigital.com.do\/wp-content\/uploads\/2026\/09\/e88848d5-54db-4404-b69f-3d45cca14893-767x512.jpg 767w, https:\/\/images.conexiondigital.com.do\/wp-content\/uploads\/2026\/09\/e88848d5-54db-4404-b69f-3d45cca14893-300x400.jpg 300w, https:\/\/images.conexiondigital.com.do\/wp-content\/uploads\/2026\/09\/e88848d5-54db-4404-b69f-3d45cca14893.jpg 1280w\" sizes=\"auto, (max-width: 1024px) 100vw, 1024px\"><\/figure>\n\n\n\n<p class=\"wp-block-paragraph\"><strong>El presidente de la FP compar\u00f3 las actuales incorporaciones de dirigentes del partido oficialista con el respaldo que recibi\u00f3 del balaguerismo en 1996; durante su recorrido por el Sur tambi\u00e9n visit\u00f3 un proyecto de producci\u00f3n de uvas y sostuvo encuentros con sectores productivos.<\/strong><\/p>\n\n\n\n<p class=\"wp-block-paragraph\">El\u00edas Pi\u00f1a.\u2013 El presidente de la Fuerza del Pueblo (FP), Leonel Fern\u00e1ndez, afirm\u00f3 que dirigentes provenientes del Partido Revolucionario Moderno (PRM) se est\u00e1n incorporando a la organizaci\u00f3n opositora en diferentes provincias del pa\u00eds, fen\u00f3meno que compar\u00f3 con el respaldo recibido de sectores balagueristas durante la campa\u00f1a electoral de 1996.<\/p>\n\n\n\n<p class=\"wp-block-paragraph\">Fern\u00e1ndez hizo el se\u00f1alamiento en Las Charcas, Azua, durante una parada que originalmente estaba pautada como un saludo a empresarios y que se convirti\u00f3 en un acto de juramentaci\u00f3n de dirigentes pol\u00edticos y comerciantes de la zona.<\/p>\n\n\n\n<p class=\"wp-block-paragraph\">\u201cUstedes vienen a la Fuerza del Pueblo con los mismos rangos que ten\u00edan en el PRM\u201d, expres\u00f3 Fern\u00e1ndez al dar la bienvenida a los nuevos integrantes.<\/p>\n\n\n\n<p class=\"wp-block-paragraph\">El exmandatario record\u00f3 lo ocurrido durante su primera campa\u00f1a presidencial, cuando sectores tradicionalmente vinculados al entonces l\u00edder reformista Joaqu\u00edn Balaguer comenzaron a manifestarle su respaldo.<\/p>\n\n\n\n<p class=\"wp-block-paragraph\">\u201cCuando salimos a hacer campa\u00f1a, nos encontramos con algo inesperado, y es que nos dec\u00edan: \u2018En esta casa hemos sido balagueristas, pero como el doctor Balaguer no va, vamos a votar por usted\u2019, y eso se fue reproduciendo en todo el pa\u00eds\u201d, relat\u00f3.<\/p>\n\n\n\n<p class=\"wp-block-paragraph\">Fern\u00e1ndez sostuvo que actualmente observa un fen\u00f3meno pol\u00edtico similar, esta vez protagonizado por dirigentes procedentes del partido de gobierno. \u201cAhora estoy notando algo inesperado tambi\u00e9n: el PRM est\u00e1 viniendo a la Fuerza del Pueblo, y eso est\u00e1 siendo en todas partes, en todas las provincias del pa\u00eds. De manera que aquella vez fue con el balaguerismo y esta vez ser\u00e1 con el PRM en la Fuerza del Pueblo\u201d, afirm\u00f3.<\/p>\n\n\n\n<p class=\"wp-block-paragraph\">Entre los dirigentes y representantes de sectores productivos presentes en Las Charcas figuran Rafael Ram\u00edrez (Quin\u00edn), subsecretario general del PRM y tres veces regidor; Jos\u00e9 Luis D\u00edaz, vicepresidente del PRM y comerciante; y Alexis S\u00e1nchez (El Gago), reconocido dirigente perreme\u00edsta y comerciante del \u00e1rea de ferreter\u00edas y veh\u00edculos.<\/p>\n\n\n\n<figure class=\"wp-block-image size-large\"><img loading=\"lazy\" decoding=\"async\" width=\"1024\" height=\"672\" src=\"https:\/\/images.conexiondigital.com.do\/wp-content\/uploads\/2026\/09\/db703422-c8f8-4a42-9a80-8a0ae3ed6b99-1024x672.jpg\" alt=\"\" class=\"wp-image-145651\" srcset=\"https:\/\/images.conexiondigital.com.do\/wp-content\/uploads\/2026\/09\/db703422-c8f8-4a42-9a80-8a0ae3ed6b99-1024x672.jpg 1024w, https:\/\/images.conexiondigital.com.do\/wp-content\/uploads\/2026\/09\/db703422-c8f8-4a42-9a80-8a0ae3ed6b99-800x525.jpg 800w, https:\/\/images.conexiondigital.com.do\/wp-content\/uploads\/2026\/09\/db703422-c8f8-4a42-9a80-8a0ae3ed6b99-768x504.jpg 768w, https:\/\/images.conexiondigital.com.do\/wp-content\/uploads\/2026\/09\/db703422-c8f8-4a42-9a80-8a0ae3ed6b99.jpg 1280w\" sizes=\"auto, (max-width: 1024px) 100vw, 1024px\"><\/figure>\n\n\n\n<p class=\"wp-block-paragraph\">Tambi\u00e9n estuvieron Luis Alcib\u00edades Matos, dirigente del PRM de Ca\u00f1ada Cimarrona; Rafael Augusto de la Cruz, empresario de Azua; Ram\u00f3n Casado (Popolo), comerciante; Jeffy A. S\u00e1nchez, comerciante y exdirigente del PLD; Dar\u00edo Gonz\u00e1lez, dirigente local y encargado de Medio Ambiente del Ayuntamiento de Las Charcas; as\u00ed como Andr\u00e9s Gerinerdo S\u00e1nchez de la Rosa, Elvin Pared y C\u00e9sar S\u00e1nchez, entre otros.<\/p>\n\n\n\n<p class=\"wp-block-paragraph\">Visita al proyecto Uvas San Juan<\/p>\n\n\n\n<p class=\"wp-block-paragraph\">Tras concluir sus actividades en Azua, Fern\u00e1ndez se traslad\u00f3 a Pedro Corto, San Juan, donde recorri\u00f3 el proyecto Uvas San Juan, una iniciativa de diversificaci\u00f3n agr\u00edcola que utiliza sistemas tecnificados para la producci\u00f3n de uvas de mesa sin semillas. La plantaci\u00f3n produce principalmente las variedades Timpson y Sweet Celebration y ha alcanzado rendimientos cercanos a las 4,000 cajas por hect\u00e1rea.<\/p>\n\n\n\n<p class=\"wp-block-paragraph\">Durante el recorrido, Fern\u00e1ndez valor\u00f3 la aplicaci\u00f3n de la investigaci\u00f3n, la innovaci\u00f3n y la tecnolog\u00eda para incrementar la productividad y diversificar la producci\u00f3n nacional. Destac\u00f3 que ese enfoque forma parte de la visi\u00f3n de desarrollo que promueve la Fuerza del Pueblo, orientada a incorporar conocimiento y tecnolog\u00eda a los diferentes sectores productivos y comerciales de la Rep\u00fablica Dominicana.<\/p>\n\n\n\n<figure class=\"wp-block-image size-large\"><img loading=\"lazy\" decoding=\"async\" width=\"1024\" height=\"683\" src=\"https:\/\/images.conexiondigital.com.do\/wp-content\/uploads\/2026\/09\/95ee636a-28c3-40c5-a5c2-f909631d1235-1024x683.jpg\" alt=\"\" class=\"wp-image-145652\" srcset=\"https:\/\/images.conexiondigital.com.do\/wp-content\/uploads\/2026\/09\/95ee636a-28c3-40c5-a5c2-f909631d1235-1024x683.jpg 1024w, https:\/\/images.conexiondigital.com.do\/wp-content\/uploads\/2026\/09\/95ee636a-28c3-40c5-a5c2-f909631d1235-800x534.jpg 800w, https:\/\/images.conexiondigital.com.do\/wp-content\/uploads\/2026\/09\/95ee636a-28c3-40c5-a5c2-f909631d1235-767x512.jpg 767w, https:\/\/images.conexiondigital.com.do\/wp-content\/uploads\/2026\/09\/95ee636a-28c3-40c5-a5c2-f909631d1235-300x400.jpg 300w, https:\/\/images.conexiondigital.com.do\/wp-content\/uploads\/2026\/09\/95ee636a-28c3-40c5-a5c2-f909631d1235.jpg 1280w\" sizes=\"auto, (max-width: 1024px) 100vw, 1024px\"><\/figure>\n\n\n\n<p class=\"wp-block-paragraph\">Encuentro y juramentaci\u00f3n en El\u00edas Pi\u00f1a<\/p>\n\n\n\n<p class=\"wp-block-paragraph\">Posteriormente, Fern\u00e1ndez se traslad\u00f3 a Comendador, El\u00edas Pi\u00f1a, donde sostuvo un encuentro con representantes de los sectores productivos, econ\u00f3micos, comerciales y sociales, como parte del proceso de consultas que desarrolla la Fuerza del Pueblo para escuchar las necesidades de los territorios y continuar fortaleciendo su propuesta de programa de gobierno.<\/p>\n\n\n\n<p class=\"wp-block-paragraph\">M\u00e1s tarde, en el Pabell\u00f3n de Combates de Comendador, Fern\u00e1ndez encabez\u00f3 una masiva juramentaci\u00f3n de m\u00e1s de 300 nuevos miembros, procedentes de distintas organizaciones pol\u00edticas y sectores sociales de la provincia.<\/p>\n\n\n\n<p class=\"wp-block-paragraph\">Entre los nuevos integrantes figuran C\u00e1ndido Ram\u00edrez Pe\u00f1a, exfiscal y procedente del PLD; Luis Salvador Familia D\u00edaz, del PLD; Elizabeth de los Santos, procedente del PRM; Hidavergo Bienvenido Lugo, del PRM; Jos\u00e9 Lorenzo Valdez Castillo, del PRM; Pedro Ogando Guerrero, del PRM; y Cristian Miguel Moreta, del PLD, adem\u00e1s de exmilitares, nuevos votantes y dirigentes comunitarios.<\/p>\n\n\n\n<p class=\"wp-block-paragraph\">Las incorporaciones abarcan dirigentes provenientes de Comendador y otras comunidades y municipios de El\u00edas Pi\u00f1a, reflejando la diversidad territorial de los nuevos miembros juramentados por Fern\u00e1ndez.<\/p>\n\n\n\n<p class=\"wp-block-paragraph\">Agenda continuar\u00e1 este domingo<\/p>\n\n\n\n<p class=\"wp-block-paragraph\">Fern\u00e1ndez continuar\u00e1 este domingo su recorrido por la regi\u00f3n Sur. A las 9:00 de la ma\u00f1ana encabezar\u00e1 en el Hotel Las Cayenas, en San Juan de la Maguana, un desayuno-encuentro con representantes de los sectores productivos. Posteriormente realizar\u00e1 visitas a personalidades de la provincia.<\/p>\n\n\n\n<p class=\"wp-block-paragraph\">A las 11:00 de la ma\u00f1ana, el presidente de la Fuerza del Pueblo encabezar\u00e1 una juramentaci\u00f3n provincial de nuevos miembros en la Asociaci\u00f3n de Productores de San Juan. Luego se trasladar\u00e1 a Azua, donde encabezar\u00e1 a las 4:00 de la tarde una asamblea de dirigentes en El Mes\u00f3n Suizo, con la que concluir\u00e1 su recorrido por Azua, San Juan y El\u00edas Pi\u00f1a.<\/p>\n","protected":false},"excerpt":{"rendered":"<p>El presidente de la FP compar\u00f3 las actuales incorporaciones de dirigentes del partido oficialista con el respaldo que recibi\u00f3 del balaguerismo en 1996; durante su recorrido por el Sur tambi\u00e9n visit\u00f3 un proyecto de producci\u00f3n de uvas y sostuvo encuentros con sectores productivos. El\u00edas Pi\u00f1a.\u2013 El presidente de la Fuerza del Pueblo (FP), Leonel Fern\u00e1ndez, afirm\u00f3 que dirigentes provenientes del Partido Revolucionario Moderno (PRM) se est\u00e1n incorporando a la organizaci\u00f3n opositora en diferentes provincias del pa\u00eds, fen\u00f3meno que compar\u00f3 con el respaldo recibido de sectores balagueristas durante la campa\u00f1a electoral de 1996. Fern\u00e1ndez hizo el se\u00f1alamiento en Las Charcas, Azua, durante una parada que originalmente estaba pautada como un saludo a empresarios y que se convirti\u00f3 en un acto de juramentaci\u00f3n de dirigentes pol\u00edticos y comerciantes de la zona. \u201cUstedes vienen a la Fuerza del Pueblo con los mismos rangos que ten\u00edan en el PRM\u201d, expres\u00f3 Fern\u00e1ndez al dar la bienvenida a los nuevos integrantes. El exmandatario record\u00f3 lo ocurrido durante su primera campa\u00f1a presidencial, cuando sectores tradicionalmente vinculados al entonces l\u00edder reformista Joaqu\u00edn Balaguer comenzaron a manifestarle su respaldo. \u201cCuando salimos a hacer campa\u00f1a, nos encontramos con algo inesperado, y es que nos dec\u00edan: \u2018En esta casa hemos sido balagueristas, pero como el doctor Balaguer no va, vamos a votar por usted\u2019, y eso se fue reproduciendo en todo el pa\u00eds\u201d, relat\u00f3. Fern\u00e1ndez sostuvo que actualmente observa un fen\u00f3meno pol\u00edtico similar, esta vez protagonizado por dirigentes procedentes del partido de gobierno. \u201cAhora estoy notando algo inesperado tambi\u00e9n: el PRM est\u00e1 viniendo a la Fuerza del Pueblo, y eso est\u00e1 siendo en todas partes, en todas las provincias del pa\u00eds. De manera que aquella vez fue con el balaguerismo y esta vez ser\u00e1 con el PRM en la Fuerza del Pueblo\u201d, afirm\u00f3. Entre los dirigentes y representantes de sectores productivos presentes en Las Charcas figuran Rafael Ram\u00edrez (Quin\u00edn), subsecretario general del PRM y tres veces regidor; Jos\u00e9 Luis D\u00edaz, vicepresidente del PRM y comerciante; y Alexis S\u00e1nchez (El Gago), reconocido dirigente perreme\u00edsta y comerciante del \u00e1rea de ferreter\u00edas y veh\u00edculos. Tambi\u00e9n estuvieron Luis Alcib\u00edades Matos, dirigente del PRM de Ca\u00f1ada Cimarrona; Rafael Augusto de la Cruz, empresario de Azua; Ram\u00f3n Casado (Popolo), comerciante; Jeffy A. S\u00e1nchez, comerciante y exdirigente del PLD; Dar\u00edo Gonz\u00e1lez, dirigente local y encargado de Medio Ambiente del Ayuntamiento de Las Charcas; as\u00ed como Andr\u00e9s Gerinerdo S\u00e1nchez de la Rosa, Elvin Pared y C\u00e9sar S\u00e1nchez, entre otros. Visita al proyecto Uvas San Juan Tras concluir sus actividades en Azua, Fern\u00e1ndez se traslad\u00f3 a Pedro Corto, San Juan, donde recorri\u00f3 el proyecto Uvas San Juan, una iniciativa de diversificaci\u00f3n agr\u00edcola que utiliza sistemas tecnificados para la producci\u00f3n de uvas de mesa sin semillas. La plantaci\u00f3n produce principalmente las variedades Timpson y Sweet Celebration y ha alcanzado rendimientos cercanos a las 4,000 cajas por hect\u00e1rea. Durante el recorrido, Fern\u00e1ndez valor\u00f3 la aplicaci\u00f3n de la investigaci\u00f3n, la innovaci\u00f3n y la tecnolog\u00eda para incrementar la productividad y diversificar la producci\u00f3n nacional. Destac\u00f3 que ese enfoque forma parte de la visi\u00f3n de desarrollo que promueve la Fuerza del Pueblo, orientada a incorporar conocimiento y tecnolog\u00eda a los diferentes sectores productivos y comerciales de la Rep\u00fablica Dominicana. Encuentro y juramentaci\u00f3n en El\u00edas Pi\u00f1a Posteriormente, Fern\u00e1ndez se traslad\u00f3 a Comendador, El\u00edas Pi\u00f1a, donde sostuvo un encuentro con representantes de los sectores productivos, econ\u00f3micos, comerciales y sociales, como parte del proceso de consultas que desarrolla la Fuerza del Pueblo para escuchar las necesidades de los territorios y continuar fortaleciendo su propuesta de programa de gobierno. M\u00e1s tarde, en el Pabell\u00f3n de Combates de Comendador, Fern\u00e1ndez encabez\u00f3 una masiva juramentaci\u00f3n de m\u00e1s de 300 nuevos miembros, procedentes de distintas organizaciones pol\u00edticas y sectores sociales de la provincia. Entre los nuevos integrantes figuran C\u00e1ndido Ram\u00edrez Pe\u00f1a, exfiscal y procedente del PLD; Luis Salvador Familia D\u00edaz, del PLD; Elizabeth de los Santos, procedente del PRM; Hidavergo Bienvenido Lugo, del PRM; Jos\u00e9 Lorenzo Valdez Castillo, del PRM; Pedro Ogando Guerrero, del PRM; y Cristian Miguel Moreta, del PLD, adem\u00e1s de exmilitares, nuevos votantes y dirigentes comunitarios. Las incorporaciones abarcan dirigentes provenientes de Comendador y otras comunidades y municipios de El\u00edas Pi\u00f1a, reflejando la diversidad territorial de los nuevos miembros juramentados por Fern\u00e1ndez. Agenda continuar\u00e1 este domingo Fern\u00e1ndez continuar\u00e1 este domingo su recorrido por la regi\u00f3n Sur. A las 9:00 de la ma\u00f1ana encabezar\u00e1 en el Hotel Las Cayenas, en San Juan de la Maguana, un desayuno-encuentro con representantes de los sectores productivos. Posteriormente realizar\u00e1 visitas a personalidades de la provincia. A las 11:00 de la ma\u00f1ana, el presidente de la Fuerza del Pueblo encabezar\u00e1 una juramentaci\u00f3n provincial de nuevos miembros en la Asociaci\u00f3n de Productores de San Juan. Luego se trasladar\u00e1 a Azua, donde encabezar\u00e1 a las 4:00 de la tarde una asamblea de dirigentes en El Mes\u00f3n Suizo, con la que concluir\u00e1 su recorrido por Azua, San Juan y El\u00edas Pi\u00f1a.<\/p>\n","protected":false},"author":3,"featured_media":0,"comment_status":"open","ping_status":"open","sticky":false,"template":"","format":"standard","meta":{"om_disable_all_campaigns":false,"footnotes":""},"categories":[12],"tags":[],"class_list":["post-145649","post","type-post","status-publish","format-standard","hentry","category-politic"],"_links":{"self":[{"href":"https:\/\/conexiondigital.com.do\/index.php\/wp-json\/wp\/v2\/posts\/145649","targetHints":{"allow":["GET"]}}],"collection":[{"href":"https:\/\/conexiondigital.com.do\/index.php\/wp-json\/wp\/v2\/posts"}],"about":[{"href":"https:\/\/conexiondigital.com.do\/index.php\/wp-json\/wp\/v2\/types\/post"}],"author":[{"embeddable":true,"href":"https:\/\/conexiondigital.com.do\/index.php\/wp-json\/wp\/v2\/users\/3"}],"replies":[{"embeddable":true,"href":"https:\/\/conexiondigital.com.do\/index.php\/wp-json\/wp\/v2\/comments?post=145649"}],"version-history":[{"count":1,"href":"https:\/\/conexiondigital.com.do\/index.php\/wp-json\/wp\/v2\/posts\/145649\/revisions"}],"predecessor-version":[{"id":145653,"href":"https:\/\/conexiondigital.com.do\/index.php\/wp-json\/wp\/v2\/posts\/145649\/revisions\/145653"}],"wp:attachment":[{"href":"https:\/\/conexiondigital.com.do\/index.php\/wp-json\/wp\/v2\/media?parent=145649"}],"wp:term":[{"taxonomy":"category","embeddable":true,"href":"https:\/\/conexiondigital.com.do\/index.php\/wp-json\/wp\/v2\/categories?post=145649"},{"taxonomy":"post_tag","embeddable":true,"href":"https:\/\/conexiondigital.com.do\/index.php\/wp-json\/wp\/v2\/tags?post=145649"}],"curies":[{"name":"wp","href":"https:\/\/api.w.org\/{rel}","templated":true}]}}