{"id":145659,"date":"2026-09-06T11:03:43","date_gmt":"2026-09-06T15:03:43","guid":{"rendered":"https:\/\/conexiondigital.com.do\/?p=145659"},"modified":"2026-09-06T11:03:43","modified_gmt":"2026-09-06T15:03:43","slug":"presidente-abinader-afirma-que-sajoma-y-sus-distritos-en-terminos-de-salud-no-tienen-por-que-envidiarle-nada-a-ningun-lugar-del-pais-al-contar-con-un-hospital-de-tercer-nivel-y-una-maternidad-de-se","status":"publish","type":"post","link":"https:\/\/conexiondigital.com.do\/index.php\/2026\/09\/06\/presidente-abinader-afirma-que-sajoma-y-sus-distritos-en-terminos-de-salud-no-tienen-por-que-envidiarle-nada-a-ningun-lugar-del-pais-al-contar-con-un-hospital-de-tercer-nivel-y-una-maternidad-de-se\/","title":{"rendered":"Presidente Abinader afirma que Sajoma y sus distritos, en t\u00e9rminos de salud, no tienen por qu\u00e9 envidiarle nada a ning\u00fan lugar del pa\u00eds, al contar con un hospital de tercer nivel y una maternidad de segundo nivel"},"content":{"rendered":"\n<figure class=\"wp-block-image size-large\"><img loading=\"lazy\" decoding=\"async\" width=\"1024\" height=\"683\" src=\"\" alt=\"\" class=\"wp-image-145660\" srcset=\"https:\/\/images.conexiondigital.com.do\/wp-content\/uploads\/2026\/09\/59972b6a-dfa1-45f5-ae2b-e727a47b0ced-1024x683.jpg 1024w, https:\/\/images.conexiondigital.com.do\/wp-content\/uploads\/2026\/09\/59972b6a-dfa1-45f5-ae2b-e727a47b0ced-800x534.jpg 800w, https:\/\/images.conexiondigital.com.do\/wp-content\/uploads\/2026\/09\/59972b6a-dfa1-45f5-ae2b-e727a47b0ced-767x512.jpg 767w, https:\/\/images.conexiondigital.com.do\/wp-content\/uploads\/2026\/09\/59972b6a-dfa1-45f5-ae2b-e727a47b0ced-300x200.jpg 300w, https:\/\/images.conexiondigital.com.do\/wp-content\/uploads\/2026\/09\/59972b6a-dfa1-45f5-ae2b-e727a47b0ced.jpg 1280w\" sizes=\"auto, (max-width: 1024px) 100vw, 1024px\"><\/figure>\n\n\n\n<p class=\"wp-block-paragraph\"><strong>Tambien anuncia la gesti\u00f3n para dotar de un tom\u00f3grafo al hospital general y la entrega de ambulancias para los centros de salud de la zona, a fin de evitar traslados a Santiago y fortalecer la capacidad de atenci\u00f3n de la poblaci\u00f3n<\/strong><\/p>\n\n\n\n<p class=\"wp-block-paragraph\"><strong>Director del SNS, Julio Landr\u00f3n, informa la construcci\u00f3n de una Unidad de Cuidados Intensivos Neonatal y Materna (UCIN) para evitar traslados a Santiago y garantizar una atenci\u00f3n m\u00e1s oportuna y humanizada<\/strong><\/p>\n\n\n\n<p class=\"wp-block-paragraph\">San Jos\u00e9 de las Matas, Santiago.\u2014 El presidente Luis Abinader destac\u00f3 este s\u00e1bado las inversiones y la modernizaci\u00f3n de los servicios de salud en la Sierra, especialmente en San Jos\u00e9 de las Matas (Sajoma) y sus distritos, al encabezar el acto de inauguraci\u00f3n del remozamiento general del Hospital Materno Infantil y resaltar que la zona cuenta con un hospital de tercer nivel y una maternidad de segundo nivel, lo que fortalece la capacidad de atenci\u00f3n de la poblaci\u00f3n.<\/p>\n\n\n\n<p class=\"wp-block-paragraph\">Durante el acto el mandatario anunci\u00f3 la entrega de un tom\u00f3grafo al Hospital General de San Jos\u00e9 de las Matas y la disposici\u00f3n de las ambulancias necesarias para los hospitales de la zona, con el prop\u00f3sito de evitar que los pacientes tengan que ser trasladados a Santiago para recibir estos servicios.<\/p>\n\n\n\n<p class=\"wp-block-paragraph\">El presidente afirm\u00f3 que la renovada maternidad est\u00e1 llamada a convertirse en un centro de referencia para toda la Sierra y contribuir\u00e1 a descongestionar los hospitales de otros municipios, al acercar la atenci\u00f3n a las mujeres embarazadas de la zona.<\/p>\n\n\n\n<p class=\"wp-block-paragraph\">\u201cHoy la Sierra y especialmente Sajoma y todos sus distritos, en t\u00e9rminos de salud, no tienen por qu\u00e9 envidiarle nada a ning\u00fan lugar de la Rep\u00fablica Dominicana\u201d, expres\u00f3 el jefe de Estado.<\/p>\n\n\n\n<p class=\"wp-block-paragraph\">Abinader llam\u00f3 a las autoridades y al personal sanitario a trabajar de manera conjunta para garantizar los mejores servicios a la poblaci\u00f3n.<\/p>\n\n\n\n<figure class=\"wp-block-image size-large\"><img loading=\"lazy\" decoding=\"async\" width=\"1024\" height=\"683\" src=\"https:\/\/images.conexiondigital.com.do\/wp-content\/uploads\/2026\/09\/ddf29fff-3a7e-44c9-ae09-14132693dafb-1024x683.jpg\" alt=\"\" class=\"wp-image-145661\" srcset=\"https:\/\/images.conexiondigital.com.do\/wp-content\/uploads\/2026\/09\/ddf29fff-3a7e-44c9-ae09-14132693dafb-1024x683.jpg 1024w, https:\/\/images.conexiondigital.com.do\/wp-content\/uploads\/2026\/09\/ddf29fff-3a7e-44c9-ae09-14132693dafb-800x534.jpg 800w, https:\/\/images.conexiondigital.com.do\/wp-content\/uploads\/2026\/09\/ddf29fff-3a7e-44c9-ae09-14132693dafb-767x512.jpg 767w, https:\/\/images.conexiondigital.com.do\/wp-content\/uploads\/2026\/09\/ddf29fff-3a7e-44c9-ae09-14132693dafb-300x400.jpg 300w, https:\/\/images.conexiondigital.com.do\/wp-content\/uploads\/2026\/09\/ddf29fff-3a7e-44c9-ae09-14132693dafb.jpg 1280w\" sizes=\"auto, (max-width: 1024px) 100vw, 1024px\"><\/figure>\n\n\n\n<p class=\"wp-block-paragraph\">Deuda hist\u00f3rica<\/p>\n\n\n\n<p class=\"wp-block-paragraph\">El jefe de Estado destac\u00f3 que las inversiones realizadas en San Jos\u00e9 de las Matas representan una deuda hist\u00f3rica del Gobierno con una comunidad que calific\u00f3 como productiva y emprendedora.\u201cPorque aqu\u00ed en Sajoma, estas inversiones que estamos haciendo, es una deuda hist\u00f3rica que tiene el Gobierno con esta comunidad tan productiva, tan emprendedora\u201d, sostuvo.<\/p>\n\n\n\n<p class=\"wp-block-paragraph\">Asimismo, resalt\u00f3 el aporte de los habitantes de la zona al desarrollo del pa\u00eds y el v\u00ednculo que mantienen con sus comunidades muchos dominicanos que han emigrado al exterior y regresan para invertir, construir sus viviendas y establecerse junto a sus familias, por lo que consider\u00f3 fundamental garantizarles servicios de salud adecuados.<\/p>\n\n\n\n<p class=\"wp-block-paragraph\">Abinader manifest\u00f3 su satisfacci\u00f3n por la terminaci\u00f3n de la maternidad y llam\u00f3 a la comunidad a contribuir con el cuidado de las nuevas instalaciones mediante la creaci\u00f3n de voluntariados.<\/p>\n\n\n\n<p class=\"wp-block-paragraph\">El mandatario reiter\u00f3 la importancia de fortalecer la capacidad de los centros de salud de la zona para evitar traslados innecesarios de pacientes hacia Santiago y garantizar una atenci\u00f3n m\u00e1s cercana y oportuna.<\/p>\n\n\n\n<p class=\"wp-block-paragraph\">Atenci\u00f3n m\u00e1s oportuna y humanizada<\/p>\n\n\n\n<figure class=\"wp-block-image size-large\"><img loading=\"lazy\" decoding=\"async\" width=\"1024\" height=\"683\" src=\"https:\/\/images.conexiondigital.com.do\/wp-content\/uploads\/2026\/09\/af626477-0c9a-4438-9012-1c90c8c117c6-1024x683.jpg\" alt=\"\" class=\"wp-image-145662\" srcset=\"https:\/\/images.conexiondigital.com.do\/wp-content\/uploads\/2026\/09\/af626477-0c9a-4438-9012-1c90c8c117c6-1024x683.jpg 1024w, https:\/\/images.conexiondigital.com.do\/wp-content\/uploads\/2026\/09\/af626477-0c9a-4438-9012-1c90c8c117c6-800x534.jpg 800w, https:\/\/images.conexiondigital.com.do\/wp-content\/uploads\/2026\/09\/af626477-0c9a-4438-9012-1c90c8c117c6-767x512.jpg 767w, https:\/\/images.conexiondigital.com.do\/wp-content\/uploads\/2026\/09\/af626477-0c9a-4438-9012-1c90c8c117c6-300x400.jpg 300w, https:\/\/images.conexiondigital.com.do\/wp-content\/uploads\/2026\/09\/af626477-0c9a-4438-9012-1c90c8c117c6.jpg 1280w\" sizes=\"auto, (max-width: 1024px) 100vw, 1024px\"><\/figure>\n\n\n\n<p class=\"wp-block-paragraph\">De su lado, el director ejecutivo del Servicio Nacional de Salud (SNS), doctor Julio Landr\u00f3n, destac\u00f3 la inversi\u00f3n de RD$75.5 millones en la renovaci\u00f3n y equipamiento del hospital y anunci\u00f3 la construcci\u00f3n de una Unidad de Cuidados Intensivos Neonatal y Materna (UCIN), con siete camas cada una, para evitar traslados a Santiago y garantizar una atenci\u00f3n m\u00e1s oportuna y humanizada.<\/p>\n\n\n\n<p class=\"wp-block-paragraph\">Landr\u00f3n explic\u00f3 que la intervenci\u00f3n incluy\u00f3 una moderna \u00e1rea de emergencia y el fortalecimiento de los servicios de consultas, pediatr\u00eda, ginecolog\u00eda, psicolog\u00eda, odontolog\u00eda, sonograf\u00eda, rayos X, laboratorio, farmacia y vacunaci\u00f3n, adem\u00e1s de la renovaci\u00f3n de las \u00e1reas quir\u00fargica y materno-infantil.<\/p>\n\n\n\n<p class=\"wp-block-paragraph\">El titular del SNS destac\u00f3 que estas mejoras permitir\u00e1n ampliar la capacidad de respuesta del centro y ofrecer servicios m\u00e1s organizados y humanizados. Tambi\u00e9n resalt\u00f3 los avances en salud materno-infantil y se\u00f1al\u00f3 que el bolet\u00edn epidemiol\u00f3gico n\u00famero 33 registra una reducci\u00f3n de 25 % en la mortalidad materna respecto a 2025 y de 52 % en comparaci\u00f3n con 2019.<\/p>\n\n\n\n<p class=\"wp-block-paragraph\">Agradecen al mandatario por las inversiones<\/p>\n\n\n\n<p class=\"wp-block-paragraph\">La gobernadora de Santiago, Rosa Santos, destac\u00f3 que la transformaci\u00f3n del antiguo hospital general en un centro especializado en atenci\u00f3n materno-infantil demuestra el compromiso del presidente Luis Abinader de trabajar sin dejar a nadie atr\u00e1s.<\/p>\n\n\n\n<p class=\"wp-block-paragraph\">La bendici\u00f3n del acto estuvo a cargo del p\u00e1rroco Manuel Segura, quien pidi\u00f3 a Dios por todas las personas que acudan al hospital, para que reciban un trato humano, atenci\u00f3n oportuna y cuidados de calidad que contribuyan a su recuperaci\u00f3n integral.<\/p>\n\n\n\n<p class=\"wp-block-paragraph\">Acompa\u00f1aron al presidente Abinader el senador por Santiago, Daniel Rivera; el alcalde de San Jos\u00e9 de las Matas, Alfredo Reyes; el director de la Corporaci\u00f3n del Acueducto y Alcantarillado de Santiago (CORAASAN), Andr\u00e9s Cueto Bernardo; el director regional de Salud, Miguel \u00c1ngel Mart\u00ednez, entre otras autoridades y representantes de la comunidad.<\/p>\n","protected":false},"excerpt":{"rendered":"<p>Tambien anuncia la gesti\u00f3n para dotar de un tom\u00f3grafo al hospital general y la entrega de ambulancias para los centros de salud de la zona, a fin de evitar traslados a Santiago y fortalecer la capacidad de atenci\u00f3n de la poblaci\u00f3n Director del SNS, Julio Landr\u00f3n, informa la construcci\u00f3n de una Unidad de Cuidados Intensivos Neonatal y Materna (UCIN) para evitar traslados a Santiago y garantizar una atenci\u00f3n m\u00e1s oportuna y humanizada San Jos\u00e9 de las Matas, Santiago.\u2014 El presidente Luis Abinader destac\u00f3 este s\u00e1bado las inversiones y la modernizaci\u00f3n de los servicios de salud en la Sierra, especialmente en San Jos\u00e9 de las Matas (Sajoma) y sus distritos, al encabezar el acto de inauguraci\u00f3n del remozamiento general del Hospital Materno Infantil y resaltar que la zona cuenta con un hospital de tercer nivel y una maternidad de segundo nivel, lo que fortalece la capacidad de atenci\u00f3n de la poblaci\u00f3n. Durante el acto el mandatario anunci\u00f3 la entrega de un tom\u00f3grafo al Hospital General de San Jos\u00e9 de las Matas y la disposici\u00f3n de las ambulancias necesarias para los hospitales de la zona, con el prop\u00f3sito de evitar que los pacientes tengan que ser trasladados a Santiago para recibir estos servicios. El presidente afirm\u00f3 que la renovada maternidad est\u00e1 llamada a convertirse en un centro de referencia para toda la Sierra y contribuir\u00e1 a descongestionar los hospitales de otros municipios, al acercar la atenci\u00f3n a las mujeres embarazadas de la zona. \u201cHoy la Sierra y especialmente Sajoma y todos sus distritos, en t\u00e9rminos de salud, no tienen por qu\u00e9 envidiarle nada a ning\u00fan lugar de la Rep\u00fablica Dominicana\u201d, expres\u00f3 el jefe de Estado. Abinader llam\u00f3 a las autoridades y al personal sanitario a trabajar de manera conjunta para garantizar los mejores servicios a la poblaci\u00f3n. Deuda hist\u00f3rica El jefe de Estado destac\u00f3 que las inversiones realizadas en San Jos\u00e9 de las Matas representan una deuda hist\u00f3rica del Gobierno con una comunidad que calific\u00f3 como productiva y emprendedora.\u201cPorque aqu\u00ed en Sajoma, estas inversiones que estamos haciendo, es una deuda hist\u00f3rica que tiene el Gobierno con esta comunidad tan productiva, tan emprendedora\u201d, sostuvo. Asimismo, resalt\u00f3 el aporte de los habitantes de la zona al desarrollo del pa\u00eds y el v\u00ednculo que mantienen con sus comunidades muchos dominicanos que han emigrado al exterior y regresan para invertir, construir sus viviendas y establecerse junto a sus familias, por lo que consider\u00f3 fundamental garantizarles servicios de salud adecuados. Abinader manifest\u00f3 su satisfacci\u00f3n por la terminaci\u00f3n de la maternidad y llam\u00f3 a la comunidad a contribuir con el cuidado de las nuevas instalaciones mediante la creaci\u00f3n de voluntariados. El mandatario reiter\u00f3 la importancia de fortalecer la capacidad de los centros de salud de la zona para evitar traslados innecesarios de pacientes hacia Santiago y garantizar una atenci\u00f3n m\u00e1s cercana y oportuna. Atenci\u00f3n m\u00e1s oportuna y humanizada De su lado, el director ejecutivo del Servicio Nacional de Salud (SNS), doctor Julio Landr\u00f3n, destac\u00f3 la inversi\u00f3n de RD$75.5 millones en la renovaci\u00f3n y equipamiento del hospital y anunci\u00f3 la construcci\u00f3n de una Unidad de Cuidados Intensivos Neonatal y Materna (UCIN), con siete camas cada una, para evitar traslados a Santiago y garantizar una atenci\u00f3n m\u00e1s oportuna y humanizada. Landr\u00f3n explic\u00f3 que la intervenci\u00f3n incluy\u00f3 una moderna \u00e1rea de emergencia y el fortalecimiento de los servicios de consultas, pediatr\u00eda, ginecolog\u00eda, psicolog\u00eda, odontolog\u00eda, sonograf\u00eda, rayos X, laboratorio, farmacia y vacunaci\u00f3n, adem\u00e1s de la renovaci\u00f3n de las \u00e1reas quir\u00fargica y materno-infantil. El titular del SNS destac\u00f3 que estas mejoras permitir\u00e1n ampliar la capacidad de respuesta del centro y ofrecer servicios m\u00e1s organizados y humanizados. Tambi\u00e9n resalt\u00f3 los avances en salud materno-infantil y se\u00f1al\u00f3 que el bolet\u00edn epidemiol\u00f3gico n\u00famero 33 registra una reducci\u00f3n de 25 % en la mortalidad materna respecto a 2025 y de 52 % en comparaci\u00f3n con 2019. Agradecen al mandatario por las inversiones La gobernadora de Santiago, Rosa Santos, destac\u00f3 que la transformaci\u00f3n del antiguo hospital general en un centro especializado en atenci\u00f3n materno-infantil demuestra el compromiso del presidente Luis Abinader de trabajar sin dejar a nadie atr\u00e1s. La bendici\u00f3n del acto estuvo a cargo del p\u00e1rroco Manuel Segura, quien pidi\u00f3 a Dios por todas las personas que acudan al hospital, para que reciban un trato humano, atenci\u00f3n oportuna y cuidados de calidad que contribuyan a su recuperaci\u00f3n integral. Acompa\u00f1aron al presidente Abinader el senador por Santiago, Daniel Rivera; el alcalde de San Jos\u00e9 de las Matas, Alfredo Reyes; el director de la Corporaci\u00f3n del Acueducto y Alcantarillado de Santiago (CORAASAN), Andr\u00e9s Cueto Bernardo; el director regional de Salud, Miguel \u00c1ngel Mart\u00ednez, entre otras autoridades y representantes de la comunidad.<\/p>\n","protected":false},"author":3,"featured_media":0,"comment_status":"open","ping_status":"open","sticky":false,"template":"","format":"standard","meta":{"om_disable_all_campaigns":false,"footnotes":""},"categories":[23],"tags":[],"class_list":["post-145659","post","type-post","status-publish","format-standard","hentry","category-nature"],"_links":{"self":[{"href":"https:\/\/conexiondigital.com.do\/index.php\/wp-json\/wp\/v2\/posts\/145659","targetHints":{"allow":["GET"]}}],"collection":[{"href":"https:\/\/conexiondigital.com.do\/index.php\/wp-json\/wp\/v2\/posts"}],"about":[{"href":"https:\/\/conexiondigital.com.do\/index.php\/wp-json\/wp\/v2\/types\/post"}],"author":[{"embeddable":true,"href":"https:\/\/conexiondigital.com.do\/index.php\/wp-json\/wp\/v2\/users\/3"}],"replies":[{"embeddable":true,"href":"https:\/\/conexiondigital.com.do\/index.php\/wp-json\/wp\/v2\/comments?post=145659"}],"version-history":[{"count":1,"href":"https:\/\/conexiondigital.com.do\/index.php\/wp-json\/wp\/v2\/posts\/145659\/revisions"}],"predecessor-version":[{"id":145663,"href":"https:\/\/conexiondigital.com.do\/index.php\/wp-json\/wp\/v2\/posts\/145659\/revisions\/145663"}],"wp:attachment":[{"href":"https:\/\/conexiondigital.com.do\/index.php\/wp-json\/wp\/v2\/media?parent=145659"}],"wp:term":[{"taxonomy":"category","embeddable":true,"href":"https:\/\/conexiondigital.com.do\/index.php\/wp-json\/wp\/v2\/categories?post=145659"},{"taxonomy":"post_tag","embeddable":true,"href":"https:\/\/conexiondigital.com.do\/index.php\/wp-json\/wp\/v2\/tags?post=145659"}],"curies":[{"name":"wp","href":"https:\/\/api.w.org\/{rel}","templated":true}]}}