{"id":145664,"date":"2026-09-06T13:44:48","date_gmt":"2026-09-06T17:44:48","guid":{"rendered":"https:\/\/conexiondigital.com.do\/?p=145664"},"modified":"2026-09-06T13:44:48","modified_gmt":"2026-09-06T17:44:48","slug":"luis-abinader-garantiza-un-prm-unido-abierto-a-la-sociedad-y-concentrado-en-gobernar-para-todos-los-dominicanos","status":"publish","type":"post","link":"https:\/\/conexiondigital.com.do\/index.php\/2026\/09\/06\/luis-abinader-garantiza-un-prm-unido-abierto-a-la-sociedad-y-concentrado-en-gobernar-para-todos-los-dominicanos\/","title":{"rendered":"Luis Abinader garantiza un PRM unido, abierto a la sociedad y concentrado en gobernar para todos los dominicanos"},"content":{"rendered":"\n<figure class=\"wp-block-image size-large\"><img loading=\"lazy\" decoding=\"async\" width=\"819\" height=\"1024\" src=\"https:\/\/images.conexiondigital.com.do\/wp-content\/uploads\/2026\/09\/5cd7fb41-1223-41af-bd41-100f17438f99-819x1024.jpg\" alt=\"\" class=\"wp-image-145665\" srcset=\"https:\/\/images.conexiondigital.com.do\/wp-content\/uploads\/2026\/09\/5cd7fb41-1223-41af-bd41-100f17438f99-819x1024.jpg 819w, https:\/\/images.conexiondigital.com.do\/wp-content\/uploads\/2026\/09\/5cd7fb41-1223-41af-bd41-100f17438f99-640x800.jpg 640w, https:\/\/images.conexiondigital.com.do\/wp-content\/uploads\/2026\/09\/5cd7fb41-1223-41af-bd41-100f17438f99-768x960.jpg 768w, https:\/\/images.conexiondigital.com.do\/wp-content\/uploads\/2026\/09\/5cd7fb41-1223-41af-bd41-100f17438f99-100x125.jpg 100w, https:\/\/images.conexiondigital.com.do\/wp-content\/uploads\/2026\/09\/5cd7fb41-1223-41af-bd41-100f17438f99.jpg 1024w\" sizes=\"auto, (max-width: 819px) 100vw, 819px\"><\/figure>\n\n\n\n<p class=\"wp-block-paragraph\"><strong>Deligne Ascensi\u00f3n tendr\u00e1 la responsabilidad de conducir el d\u00eda a d\u00eda de la organizaci\u00f3n, como vicepresidente ejecutivo<\/strong><\/p>\n\n\n\n<p class=\"wp-block-paragraph\"><strong>Juan Garrig\u00f3 asume la secretar\u00eda general y Gloria Reyes la secretar\u00eda nacional de organizaci\u00f3n<\/strong><\/p>\n\n\n\n<p class=\"wp-block-paragraph\">Santo Domingo. Al juramentarse como nuevo presidente del Partido Revolucionario Moderno (PRM), el presidente Luis Abinader garantiz\u00f3 que esa organizaci\u00f3n demostrar\u00e1 que dentro de ella se puede competir sin divisi\u00f3n, gobernar sin dejar de escuchar y renovarse sin perder sus principios.<\/p>\n\n\n\n<p class=\"wp-block-paragraph\">\u201cSoy presidente del Partido Revolucionario Moderno. Pero tambi\u00e9n soy Presidente de la Rep\u00fablica Dominicana\u201d, dijo.<\/p>\n\n\n\n<p class=\"wp-block-paragraph\">El l\u00edder del PRM se\u00f1al\u00f3 que esa obligaci\u00f3n est\u00e1 por encima de cualquier inter\u00e9s partidario. Y pidi\u00f3 que no exista ninguna duda sobre ello.<\/p>\n\n\n\n<p class=\"wp-block-paragraph\">Aclar\u00f3 que el partido debe apoyar al Gobierno en el cumplimiento de sus compromisos con la sociedad. Pero el Estado pertenece a todos los dominicanos.<\/p>\n\n\n\n<figure class=\"wp-block-image size-large\"><img loading=\"lazy\" decoding=\"async\" width=\"1024\" height=\"683\" src=\"https:\/\/images.conexiondigital.com.do\/wp-content\/uploads\/2026\/09\/d78553d0-e558-438c-bf90-5499e8a3b92f-1024x683.jpg\" alt=\"\" class=\"wp-image-145666\" srcset=\"https:\/\/images.conexiondigital.com.do\/wp-content\/uploads\/2026\/09\/d78553d0-e558-438c-bf90-5499e8a3b92f-1024x683.jpg 1024w, https:\/\/images.conexiondigital.com.do\/wp-content\/uploads\/2026\/09\/d78553d0-e558-438c-bf90-5499e8a3b92f-800x534.jpg 800w, https:\/\/images.conexiondigital.com.do\/wp-content\/uploads\/2026\/09\/d78553d0-e558-438c-bf90-5499e8a3b92f-767x512.jpg 767w, https:\/\/images.conexiondigital.com.do\/wp-content\/uploads\/2026\/09\/d78553d0-e558-438c-bf90-5499e8a3b92f-300x400.jpg 300w, https:\/\/images.conexiondigital.com.do\/wp-content\/uploads\/2026\/09\/d78553d0-e558-438c-bf90-5499e8a3b92f.jpg 1280w\" sizes=\"auto, (max-width: 1024px) 100vw, 1024px\"><\/figure>\n\n\n\n<p class=\"wp-block-paragraph\">\u201cGobierno y partido tienen responsabilidades distintas.<br>Y mientras yo sea Presidente de la Rep\u00fablica y presidente del PRM, cuidar\u00e9 celosamente esa diferencia\u201d, puntualiz\u00f3.<\/p>\n\n\n\n<p class=\"wp-block-paragraph\">Abinader precis\u00f3 que para ayudarle a completar esta tarea, el vicepresidente ejecutivo Deligne Ascensi\u00f3n tendr\u00e1 la responsabilidad de conducir el d\u00eda a d\u00eda de la organizaci\u00f3n.<\/p>\n\n\n\n<p class=\"wp-block-paragraph\">\u201cDeligne, como miembro fundador conoce este partido, sus dirigentes y sus bases. Cuenta con mi confianza y tendr\u00e1 todo mi respaldo para trabajar por su fortalecimiento, su unidad y su renovaci\u00f3n\u201d, expres\u00f3.<\/p>\n\n\n\n<p class=\"wp-block-paragraph\">Destac\u00f3 que hoy no llega a esta responsabilidad simplemente para administrar lo que se ha conquistado. \u201cLlego para ayudar a cuidar lo que construimos, fortalecerlo, renovarlo y consolidarlo de cara al futuro\u201d.<\/p>\n\n\n\n<p class=\"wp-block-paragraph\">Tambi\u00e9n enfatiz\u00f3: \u201cY eso significa gobernar para quienes votaron por nosotros y para quienes no lo hicieron. Para quienes nos apoyan y para quienes nos critican. Para quienes comparten nuestras ideas y para quienes leg\u00edtimamente las combaten\u201d.<\/p>\n\n\n\n<p class=\"wp-block-paragraph\">Juan Garrig\u00f3 asumi\u00f3 la secretar\u00eda general del partido y Gloria Reyes la secretaria nacional de organizaci\u00f3n.<\/p>\n\n\n\n<figure class=\"wp-block-image size-large\"><img loading=\"lazy\" decoding=\"async\" width=\"819\" height=\"1024\" src=\"https:\/\/images.conexiondigital.com.do\/wp-content\/uploads\/2026\/09\/848ba322-1e62-4431-aff7-ebfd598adaca-819x1024.jpg\" alt=\"\" class=\"wp-image-145667\" srcset=\"https:\/\/images.conexiondigital.com.do\/wp-content\/uploads\/2026\/09\/848ba322-1e62-4431-aff7-ebfd598adaca-819x1024.jpg 819w, https:\/\/images.conexiondigital.com.do\/wp-content\/uploads\/2026\/09\/848ba322-1e62-4431-aff7-ebfd598adaca-640x800.jpg 640w, https:\/\/images.conexiondigital.com.do\/wp-content\/uploads\/2026\/09\/848ba322-1e62-4431-aff7-ebfd598adaca-768x960.jpg 768w, https:\/\/images.conexiondigital.com.do\/wp-content\/uploads\/2026\/09\/848ba322-1e62-4431-aff7-ebfd598adaca-100x125.jpg 100w, https:\/\/images.conexiondigital.com.do\/wp-content\/uploads\/2026\/09\/848ba322-1e62-4431-aff7-ebfd598adaca.jpg 1024w\" sizes=\"auto, (max-width: 819px) 100vw, 819px\"><\/figure>\n\n\n\n<p class=\"wp-block-paragraph\">Sus prioridades<br>El presidente del PRM detall\u00f3 que va a concentrar su tarea en cuatro compromisos:<br>\u00b7 Cuidar la unidad sin imponer uniformidad.<br>\u00b7 Fortalecer nuestra democracia interna.<br>\u00b7 Renovar y formar permanentemente al partido.<br>\u00b7 Y mantener al PRM abierto a la sociedad.<\/p>\n\n\n\n<p class=\"wp-block-paragraph\">\u201cYo les garantizo que, si seguimos trabajando unidos y con el proyecto de cambio que esta transformando este pa\u00eds, no solo ganaremos las siguientes elecciones, sino que transformaremos el pa\u00eds para siempre y el PRM tendr\u00e1 muchas m\u00e1s victorias por delante\u201d, indic\u00f3.<\/p>\n\n\n\n<p class=\"wp-block-paragraph\">Abinader destac\u00f3 que el PRM debe ser siempre \u201cm\u00e1s grande que cualquiera de nosotros. M\u00e1s grande que cualquiera de sus dirigentes. M\u00e1s grande que nuestras diferencias. M\u00e1s grande que nuestras aspiraciones\u201d.<\/p>\n\n\n\n<p class=\"wp-block-paragraph\">La unidad ante todo<br>Abinader advirti\u00f3 que lo que se debe cuidar es la manera en que las aspiraciones se expresan.<\/p>\n\n\n\n<p class=\"wp-block-paragraph\">\u201cMi responsabilidad como presidente del PRM no ser\u00e1 escoger qui\u00e9n habr\u00e1 de sucederme en la Presidencia de la Rep\u00fablica\u201d, dijo.<\/p>\n\n\n\n<p class=\"wp-block-paragraph\">Sostuvo que no llega a la presidencia de este partido para construir una candidatura ni para imponer un heredero o heredera pol\u00edtica.<br>Garantiz\u00f3 que al terminar cada competencia los perremeistas deben seguir siendo compa\u00f1eros. Porque nuestro su adversario no est\u00e1 dentro de este partido.<\/p>\n\n\n\n<p class=\"wp-block-paragraph\">\u201cNuestro verdadero adversario sigue siendo la pobreza, la desigualdad, la inseguridad, las amenazas a la democracia, la falta de oportunidades y todo aquello que impida que un dominicano pueda vivir con dignidad y paz\u201d.<\/p>\n\n\n\n<figure class=\"wp-block-image size-large\"><img loading=\"lazy\" decoding=\"async\" width=\"819\" height=\"1024\" src=\"https:\/\/images.conexiondigital.com.do\/wp-content\/uploads\/2026\/09\/da9da8a2-9618-47f9-8c62-c33b62005d79-819x1024.jpg\" alt=\"\" class=\"wp-image-145668\" srcset=\"https:\/\/images.conexiondigital.com.do\/wp-content\/uploads\/2026\/09\/da9da8a2-9618-47f9-8c62-c33b62005d79-819x1024.jpg 819w, https:\/\/images.conexiondigital.com.do\/wp-content\/uploads\/2026\/09\/da9da8a2-9618-47f9-8c62-c33b62005d79-640x800.jpg 640w, https:\/\/images.conexiondigital.com.do\/wp-content\/uploads\/2026\/09\/da9da8a2-9618-47f9-8c62-c33b62005d79-768x960.jpg 768w, https:\/\/images.conexiondigital.com.do\/wp-content\/uploads\/2026\/09\/da9da8a2-9618-47f9-8c62-c33b62005d79-1229x1536.jpg 1229w, https:\/\/images.conexiondigital.com.do\/wp-content\/uploads\/2026\/09\/da9da8a2-9618-47f9-8c62-c33b62005d79-100x125.jpg 100w, https:\/\/images.conexiondigital.com.do\/wp-content\/uploads\/2026\/09\/da9da8a2-9618-47f9-8c62-c33b62005d79.jpg 1280w\" sizes=\"auto, (max-width: 819px) 100vw, 819px\"><\/figure>\n\n\n\n<p class=\"wp-block-paragraph\">Llego para garantizar algo mucho importante:<br>Que cuando llegue el momento, todos los compa\u00f1eros y compa\u00f1eras con aspiraciones leg\u00edtimas encuentren un partido institucional, democr\u00e1tico, imparcial y unido.<br>Que puedan competir con reglas claras. Que nadie utilice posiciones p\u00fablicas para obtener ventajas indebidas.<br>Y que ninguna aspiraci\u00f3n personal sea colocada por encima de la unidad del partido.<br>Ser\u00e1n los perreme\u00edstas, mediante los mecanismos democr\u00e1ticos de nuestra organizaci\u00f3n, quienes decidan.<br>Y despu\u00e9s ser\u00e1 el pueblo dominicano quien tenga la \u00faltima palabra.<br>Habr\u00e1 competencia. Debe haberla. Habr\u00e1 diferencias. Es saludable que existan.<\/p>\n\n\n\n<p class=\"wp-block-paragraph\">Cuidar al PRM<br>Pidi\u00f3 cuidar la unidad y democracia del PRM, \u201cQue cuidemos sus valores. Pero, sobre todo, que nunca permitamos que el poder nos haga olvidar la raz\u00f3n por la que un d\u00eda decidimos construirlo\u201d.<\/p>\n\n\n\n<p class=\"wp-block-paragraph\">Llam\u00f3 a que nadie olvide de d\u00f3nde venimos. Que nadie olvide para qui\u00e9n se gobierna.<br>\u201cY que nadie olvide que, por encima de cualquier aspiraci\u00f3n personal, de cualquier cargo, de cualquier partido y de cualquier elecci\u00f3n est\u00e1 siempre la Rep\u00fablica Dominicana\u201d.<br>Abinader manifest\u00f3 que la responsabilidad de todos es no es aferrarse a los cargos, sino dejar instituciones m\u00e1s fuertes y abrir caminos para quienes vienen detr\u00e1s. Demostrar que se puede ejercer el poder respetando sus l\u00edmites.<\/p>\n\n\n\n<p class=\"wp-block-paragraph\">\u201cY es dejar transformaciones que permanezcan en la vida de nuestra gente mucho despu\u00e9s de que nosotros hayamos terminado nuestra tarea. Ese debe ser nuestro verdadero legado\u201d, expuso.<\/p>\n\n\n\n<p class=\"wp-block-paragraph\">Abinader exhort\u00f3 a los perremeistas a volver siempre a sus bases, a los dirigentes y reconocer a quienes sostuvieron este proyecto cuando hacerlo era dif\u00edcil.<\/p>\n\n\n\n<p class=\"wp-block-paragraph\">Abrir m\u00e1s espacios para los j\u00f3venes y para las mujeres. Formar pol\u00edticamente a nuestra militancia. Modernizar nuestras estructuras.<\/p>\n\n\n\n<p class=\"wp-block-paragraph\">Incorporar nuevos talentos. Y mantener al PRM permanentemente abierto a la sociedad dominicana.<\/p>\n\n\n\n<p class=\"wp-block-paragraph\">\u201cPorque un partido que deja de escuchar comienza a alejarse de la gente. Un partido que deja de renovarse comienza a envejecer. Y un partido que abandona sus principios termina perdiendo su raz\u00f3n de ser\u201d.<\/p>\n\n\n\n<p class=\"wp-block-paragraph\">Reconoce a Paliza y Carolina<\/p>\n\n\n\n<p class=\"wp-block-paragraph\">Reconoci\u00f3 el extraordinario trabajo que, con dedicaci\u00f3n, lealtad y un profundo compromiso con el partido, han realizado durante estos \u00faltimos ocho a\u00f1os Jos\u00e9 Ignacio Paliza y Carolina Mej\u00eda, como presidente y secretaria general del PRM.<\/p>\n\n\n\n<p class=\"wp-block-paragraph\">Al igual que a la primera direcci\u00f3n del partido, encabezada por: Andr\u00e9s Bautista y Jes\u00fas Chu V\u00e1squez, en aquellos momentos decisivos de la etapa inicial.<\/p>\n\n\n\n<p class=\"wp-block-paragraph\">Manifest\u00f3 que el PRM es una organizaci\u00f3n que naci\u00f3 de la indignaci\u00f3n frente a una forma de hacer pol\u00edtica alejada del inter\u00e9s colectivo, pero, sobre todo, naci\u00f3 de la esperanza de miles de dominicanos que quer\u00edan instituciones m\u00e1s fuertes, una democracia m\u00e1s limpia y un gobierno al servicio de la gente.<\/p>\n\n\n\n<p class=\"wp-block-paragraph\">\u201cEsa es nuestra primera obligaci\u00f3n: No olvidar nunca de d\u00f3nde venimos.<br>Nosotros militamos en la democracia. Militamos en la libertad. Militamos en la honestidad, en la justicia social, en la igualdad de oportunidades y en el respeto a las instituciones\u201d, puntualiz\u00f3.<\/p>\n\n\n\n<p class=\"wp-block-paragraph\">Como vicepresidentes fueron juramentados Milagros Ortiz Bosch, Eddy Olivares, Nelson Arroyo y Salvador Ramos.<\/p>\n\n\n\n<p class=\"wp-block-paragraph\">Gloria Reyes fue juramentada como secretaria nacional de organizaci\u00f3n y Luis Delgado secretario nacional electoral.<\/p>\n\n\n\n<p class=\"wp-block-paragraph\">Como subsecretarios fueron juramentados Kelvin Cruz, Lia D\u00edaz, Jean Luis Rodriguez y Rosa Santos.<\/p>\n","protected":false},"excerpt":{"rendered":"<p>Deligne Ascensi\u00f3n tendr\u00e1 la responsabilidad de conducir el d\u00eda a d\u00eda de la organizaci\u00f3n, como vicepresidente ejecutivo Juan Garrig\u00f3 asume la secretar\u00eda general y Gloria Reyes la secretar\u00eda nacional de organizaci\u00f3n Santo Domingo. Al juramentarse como nuevo presidente del Partido Revolucionario Moderno (PRM), el presidente Luis Abinader garantiz\u00f3 que esa organizaci\u00f3n demostrar\u00e1 que dentro de ella se puede competir sin divisi\u00f3n, gobernar sin dejar de escuchar y renovarse sin perder sus principios. \u201cSoy presidente del Partido Revolucionario Moderno. Pero tambi\u00e9n soy Presidente de la Rep\u00fablica Dominicana\u201d, dijo. El l\u00edder del PRM se\u00f1al\u00f3 que esa obligaci\u00f3n est\u00e1 por encima de cualquier inter\u00e9s partidario. Y pidi\u00f3 que no exista ninguna duda sobre ello. Aclar\u00f3 que el partido debe apoyar al Gobierno en el cumplimiento de sus compromisos con la sociedad. Pero el Estado pertenece a todos los dominicanos. \u201cGobierno y partido tienen responsabilidades distintas.Y mientras yo sea Presidente de la Rep\u00fablica y presidente del PRM, cuidar\u00e9 celosamente esa diferencia\u201d, puntualiz\u00f3. Abinader precis\u00f3 que para ayudarle a completar esta tarea, el vicepresidente ejecutivo Deligne Ascensi\u00f3n tendr\u00e1 la responsabilidad de conducir el d\u00eda a d\u00eda de la organizaci\u00f3n. \u201cDeligne, como miembro fundador conoce este partido, sus dirigentes y sus bases. Cuenta con mi confianza y tendr\u00e1 todo mi respaldo para trabajar por su fortalecimiento, su unidad y su renovaci\u00f3n\u201d, expres\u00f3. Destac\u00f3 que hoy no llega a esta responsabilidad simplemente para administrar lo que se ha conquistado. \u201cLlego para ayudar a cuidar lo que construimos, fortalecerlo, renovarlo y consolidarlo de cara al futuro\u201d. Tambi\u00e9n enfatiz\u00f3: \u201cY eso significa gobernar para quienes votaron por nosotros y para quienes no lo hicieron. Para quienes nos apoyan y para quienes nos critican. Para quienes comparten nuestras ideas y para quienes leg\u00edtimamente las combaten\u201d. Juan Garrig\u00f3 asumi\u00f3 la secretar\u00eda general del partido y Gloria Reyes la secretaria nacional de organizaci\u00f3n. Sus prioridadesEl presidente del PRM detall\u00f3 que va a concentrar su tarea en cuatro compromisos:\u00b7 Cuidar la unidad sin imponer uniformidad.\u00b7 Fortalecer nuestra democracia interna.\u00b7 Renovar y formar permanentemente al partido.\u00b7 Y mantener al PRM abierto a la sociedad. \u201cYo les garantizo que, si seguimos trabajando unidos y con el proyecto de cambio que esta transformando este pa\u00eds, no solo ganaremos las siguientes elecciones, sino que transformaremos el pa\u00eds para siempre y el PRM tendr\u00e1 muchas m\u00e1s victorias por delante\u201d, indic\u00f3. Abinader destac\u00f3 que el PRM debe ser siempre \u201cm\u00e1s grande que cualquiera de nosotros. M\u00e1s grande que cualquiera de sus dirigentes. M\u00e1s grande que nuestras diferencias. M\u00e1s grande que nuestras aspiraciones\u201d. La unidad ante todoAbinader advirti\u00f3 que lo que se debe cuidar es la manera en que las aspiraciones se expresan. \u201cMi responsabilidad como presidente del PRM no ser\u00e1 escoger qui\u00e9n habr\u00e1 de sucederme en la Presidencia de la Rep\u00fablica\u201d, dijo. Sostuvo que no llega a la presidencia de este partido para construir una candidatura ni para imponer un heredero o heredera pol\u00edtica.Garantiz\u00f3 que al terminar cada competencia los perremeistas deben seguir siendo compa\u00f1eros. Porque nuestro su adversario no est\u00e1 dentro de este partido. \u201cNuestro verdadero adversario sigue siendo la pobreza, la desigualdad, la inseguridad, las amenazas a la democracia, la falta de oportunidades y todo aquello que impida que un dominicano pueda vivir con dignidad y paz\u201d. Llego para garantizar algo mucho importante:Que cuando llegue el momento, todos los compa\u00f1eros y compa\u00f1eras con aspiraciones leg\u00edtimas encuentren un partido institucional, democr\u00e1tico, imparcial y unido.Que puedan competir con reglas claras. Que nadie utilice posiciones p\u00fablicas para obtener ventajas indebidas.Y que ninguna aspiraci\u00f3n personal sea colocada por encima de la unidad del partido.Ser\u00e1n los perreme\u00edstas, mediante los mecanismos democr\u00e1ticos de nuestra organizaci\u00f3n, quienes decidan.Y despu\u00e9s ser\u00e1 el pueblo dominicano quien tenga la \u00faltima palabra.Habr\u00e1 competencia. Debe haberla. Habr\u00e1 diferencias. Es saludable que existan. Cuidar al PRMPidi\u00f3 cuidar la unidad y democracia del PRM, \u201cQue cuidemos sus valores. Pero, sobre todo, que nunca permitamos que el poder nos haga olvidar la raz\u00f3n por la que un d\u00eda decidimos construirlo\u201d. Llam\u00f3 a que nadie olvide de d\u00f3nde venimos. Que nadie olvide para qui\u00e9n se gobierna.\u201cY que nadie olvide que, por encima de cualquier aspiraci\u00f3n personal, de cualquier cargo, de cualquier partido y de cualquier elecci\u00f3n est\u00e1 siempre la Rep\u00fablica Dominicana\u201d.Abinader manifest\u00f3 que la responsabilidad de todos es no es aferrarse a los cargos, sino dejar instituciones m\u00e1s fuertes y abrir caminos para quienes vienen detr\u00e1s. Demostrar que se puede ejercer el poder respetando sus l\u00edmites. \u201cY es dejar transformaciones que permanezcan en la vida de nuestra gente mucho despu\u00e9s de que nosotros hayamos terminado nuestra tarea. Ese debe ser nuestro verdadero legado\u201d, expuso. Abinader exhort\u00f3 a los perremeistas a volver siempre a sus bases, a los dirigentes y reconocer a quienes sostuvieron este proyecto cuando hacerlo era dif\u00edcil. Abrir m\u00e1s espacios para los j\u00f3venes y para las mujeres. Formar pol\u00edticamente a nuestra militancia. Modernizar nuestras estructuras. Incorporar nuevos talentos. Y mantener al PRM permanentemente abierto a la sociedad dominicana. \u201cPorque un partido que deja de escuchar comienza a alejarse de la gente. Un partido que deja de renovarse comienza a envejecer. Y un partido que abandona sus principios termina perdiendo su raz\u00f3n de ser\u201d. Reconoce a Paliza y Carolina Reconoci\u00f3 el extraordinario trabajo que, con dedicaci\u00f3n, lealtad y un profundo compromiso con el partido, han realizado durante estos \u00faltimos ocho a\u00f1os Jos\u00e9 Ignacio Paliza y Carolina Mej\u00eda, como presidente y secretaria general del PRM. Al igual que a la primera direcci\u00f3n del partido, encabezada por: Andr\u00e9s Bautista y Jes\u00fas Chu V\u00e1squez, en aquellos momentos decisivos de la etapa inicial. Manifest\u00f3 que el PRM es una organizaci\u00f3n que naci\u00f3 de la indignaci\u00f3n frente a una forma de hacer pol\u00edtica alejada del inter\u00e9s colectivo, pero, sobre todo, naci\u00f3 de la esperanza de miles de dominicanos que quer\u00edan instituciones m\u00e1s fuertes, una democracia m\u00e1s limpia y un gobierno al servicio de la gente. \u201cEsa es nuestra primera obligaci\u00f3n: No olvidar nunca de d\u00f3nde venimos.Nosotros militamos en la democracia. Militamos en la libertad. Militamos en la honestidad, en la justicia social, en la igualdad de oportunidades y en el respeto a las instituciones\u201d, puntualiz\u00f3. Como vicepresidentes fueron juramentados Milagros Ortiz Bosch, Eddy Olivares, Nelson Arroyo y Salvador Ramos. Gloria Reyes fue juramentada como secretaria nacional de organizaci\u00f3n y Luis Delgado secretario nacional electoral. Como subsecretarios fueron juramentados Kelvin Cruz, Lia D\u00edaz, Jean Luis Rodriguez y Rosa Santos.<\/p>\n","protected":false},"author":3,"featured_media":0,"comment_status":"open","ping_status":"open","sticky":false,"template":"","format":"standard","meta":{"om_disable_all_campaigns":false,"footnotes":""},"categories":[12],"tags":[],"class_list":["post-145664","post","type-post","status-publish","format-standard","hentry","category-politic"],"_links":{"self":[{"href":"https:\/\/conexiondigital.com.do\/index.php\/wp-json\/wp\/v2\/posts\/145664","targetHints":{"allow":["GET"]}}],"collection":[{"href":"https:\/\/conexiondigital.com.do\/index.php\/wp-json\/wp\/v2\/posts"}],"about":[{"href":"https:\/\/conexiondigital.com.do\/index.php\/wp-json\/wp\/v2\/types\/post"}],"author":[{"embeddable":true,"href":"https:\/\/conexiondigital.com.do\/index.php\/wp-json\/wp\/v2\/users\/3"}],"replies":[{"embeddable":true,"href":"https:\/\/conexiondigital.com.do\/index.php\/wp-json\/wp\/v2\/comments?post=145664"}],"version-history":[{"count":1,"href":"https:\/\/conexiondigital.com.do\/index.php\/wp-json\/wp\/v2\/posts\/145664\/revisions"}],"predecessor-version":[{"id":145669,"href":"https:\/\/conexiondigital.com.do\/index.php\/wp-json\/wp\/v2\/posts\/145664\/revisions\/145669"}],"wp:attachment":[{"href":"https:\/\/conexiondigital.com.do\/index.php\/wp-json\/wp\/v2\/media?parent=145664"}],"wp:term":[{"taxonomy":"category","embeddable":true,"href":"https:\/\/conexiondigital.com.do\/index.php\/wp-json\/wp\/v2\/categories?post=145664"},{"taxonomy":"post_tag","embeddable":true,"href":"https:\/\/conexiondigital.com.do\/index.php\/wp-json\/wp\/v2\/tags?post=145664"}],"curies":[{"name":"wp","href":"https:\/\/api.w.org\/{rel}","templated":true}]}}