{"id":145670,"date":"2026-09-06T14:14:59","date_gmt":"2026-09-06T18:14:59","guid":{"rendered":"https:\/\/conexiondigital.com.do\/?p=145670"},"modified":"2026-09-06T14:15:00","modified_gmt":"2026-09-06T18:15:00","slug":"leonel-emplaza-a-funcionarios-por-crisis-electrica-ustedes-no-estan-para-quejarse-estan-para-resolver","status":"publish","type":"post","link":"https:\/\/conexiondigital.com.do\/index.php\/2026\/09\/06\/leonel-emplaza-a-funcionarios-por-crisis-electrica-ustedes-no-estan-para-quejarse-estan-para-resolver\/","title":{"rendered":"Leonel emplaza a funcionarios por crisis el\u00e9ctrica: \u201cUstedes no est\u00e1n para quejarse, est\u00e1n para resolver\u201d"},"content":{"rendered":"\n<figure class=\"wp-block-image size-large\"><img loading=\"lazy\" decoding=\"async\" width=\"1024\" height=\"829\" src=\"\" alt=\"\" class=\"wp-image-145671\" srcset=\"https:\/\/images.conexiondigital.com.do\/wp-content\/uploads\/2026\/09\/2f64ab7c-5542-40e4-befa-a2b903d92e0f-1024x829.jpg 1024w, https:\/\/images.conexiondigital.com.do\/wp-content\/uploads\/2026\/09\/2f64ab7c-5542-40e4-befa-a2b903d92e0f-800x648.jpg 800w, https:\/\/images.conexiondigital.com.do\/wp-content\/uploads\/2026\/09\/2f64ab7c-5542-40e4-befa-a2b903d92e0f-767x621.jpg 767w, https:\/\/images.conexiondigital.com.do\/wp-content\/uploads\/2026\/09\/2f64ab7c-5542-40e4-befa-a2b903d92e0f.jpg 1280w\" sizes=\"auto, (max-width: 1024px) 100vw, 1024px\"><\/figure>\n\n\n\n<p class=\"wp-block-paragraph\"><strong>Fern\u00e1ndez cuestiona que los del PRM pretendan enga\u00f1ar al pueblo queriendo ser \u201cgobierno y oposici\u00f3n al mismo tiempo\u201d para evadir sus responsabilidades.<\/strong><\/p>\n\n\n\n<p class=\"wp-block-paragraph\">SAN JUAN.\u2013 El presidente del partido Fuerza del Pueblo (FP), Leonel Fern\u00e1ndez, emplaz\u00f3 este domingo a los funcionarios del Gobierno a asumir su responsabilidad frente a la crisis el\u00e9ctrica que afecta al pa\u00eds, al considerar contradictorio que integrantes de la propia administraci\u00f3n se quejen p\u00fablicamente de un problema que est\u00e1n llamados a solucionar.<\/p>\n\n\n\n<p class=\"wp-block-paragraph\">\u201cUstedes no est\u00e1n para quejarse, ustedes est\u00e1n para resolver\u201d, expres\u00f3 Fern\u00e1ndez, quien cuestion\u00f3 que desde el propio oficialismo se quejen ahora de los problemas del sistema el\u00e9ctrico. \u201cNo nos vayan a enga\u00f1ar queriendo ser gobierno y oposici\u00f3n al mismo tiempo\u201d, agreg\u00f3.<\/p>\n\n\n\n<p class=\"wp-block-paragraph\">Fern\u00e1ndez se refiri\u00f3 al tema luego de que, durante la semana reci\u00e9n concluida, altos funcionarios oficialistas manifestaran p\u00fablicamente que sus facturas el\u00e9ctricas les est\u00e1n llegando m\u00e1s elevadas de lo habitual, en momentos en que tambi\u00e9n se registran constantes y prolongados apagones que han provocado protestas en distintas zonas del pa\u00eds.<\/p>\n\n\n\n<p class=\"wp-block-paragraph\">Las declaraciones del exmandatario se produjeron en San Juan de la Maguana, durante un encuentro con representantes de los sectores productivos y sociales con el que inici\u00f3 su agenda de este domingo, luego de escuchar planteamientos sobre la situaci\u00f3n de la agropecuaria, la salud, la educaci\u00f3n y otras \u00e1reas de la provincia.<\/p>\n\n\n\n<p class=\"wp-block-paragraph\">Al referirse espec\u00edficamente al sector el\u00e9ctrico, Fern\u00e1ndez sostuvo que el pa\u00eds ha experimentado un \u201cretroceso total\u201d y se\u00f1al\u00f3 como una de sus principales expresiones el nivel de endeudamiento con los generadores. \u201cHoy hemos tenido un retroceso total, hasta el punto de que la deuda que se tiene con los generadores llega a casi 2 mil millones de d\u00f3lares. Ese es el fracaso total\u201d, afirm\u00f3.<\/p>\n\n\n\n<p class=\"wp-block-paragraph\">El l\u00edder de la Fuerza del Pueblo contrast\u00f3 la situaci\u00f3n actual con las transformaciones realizadas durante sus administraciones y record\u00f3 que, con el proceso de capitalizaci\u00f3n, se increment\u00f3 la capacidad de generaci\u00f3n el\u00e9ctrica, se fortaleci\u00f3 la transmisi\u00f3n y se avanz\u00f3 en el establecimiento de circuitos con servicio permanente.<\/p>\n\n\n\n<figure class=\"wp-block-image size-large\"><img loading=\"lazy\" decoding=\"async\" width=\"1024\" height=\"683\" src=\"https:\/\/images.conexiondigital.com.do\/wp-content\/uploads\/2026\/09\/f1eefb76-da14-48db-be27-4bd841235606-1024x683.jpg\" alt=\"\" class=\"wp-image-145672\" srcset=\"https:\/\/images.conexiondigital.com.do\/wp-content\/uploads\/2026\/09\/f1eefb76-da14-48db-be27-4bd841235606-1024x683.jpg 1024w, https:\/\/images.conexiondigital.com.do\/wp-content\/uploads\/2026\/09\/f1eefb76-da14-48db-be27-4bd841235606-800x534.jpg 800w, https:\/\/images.conexiondigital.com.do\/wp-content\/uploads\/2026\/09\/f1eefb76-da14-48db-be27-4bd841235606-767x512.jpg 767w, https:\/\/images.conexiondigital.com.do\/wp-content\/uploads\/2026\/09\/f1eefb76-da14-48db-be27-4bd841235606-300x400.jpg 300w, https:\/\/images.conexiondigital.com.do\/wp-content\/uploads\/2026\/09\/f1eefb76-da14-48db-be27-4bd841235606.jpg 1280w\" sizes=\"auto, (max-width: 1024px) 100vw, 1024px\"><\/figure>\n\n\n\n<p class=\"wp-block-paragraph\">Durante el encuentro, Fern\u00e1ndez explic\u00f3 que este tipo de di\u00e1logo tiene un gran valor para la Fuerza del Pueblo porque permite conocer directamente las necesidades de las comunidades y convertirlas en propuestas espec\u00edficas.<\/p>\n\n\n\n<p class=\"wp-block-paragraph\">\u201cEste es un insumo valioso, porque nos permite entender qu\u00e9 pasa a nivel local\u201d, manifest\u00f3 Fern\u00e1ndez, quien explic\u00f3 que muchas veces las planificaciones son muy generales y abstractas y no conectan con las necesidades concretas de los territorios.<\/p>\n\n\n\n<p class=\"wp-block-paragraph\">Sostuvo que los planteamientos recogidos permitir\u00e1n a la organizaci\u00f3n pol\u00edtica construir agendas provinciales, municipales y sectoriales dirigidas a ofrecer respuestas espec\u00edficas a los problemas identificados.<\/p>\n\n\n\n<p class=\"wp-block-paragraph\">Uno de los principales reclamos provino del sector agropecuario. Robin Alc\u00e1ntara, presidente de la Fundaci\u00f3n Red Agropecuaria, describi\u00f3 las dificultades que atraviesan los productores y reclam\u00f3 un cambio de rumbo. \u201cNecesitamos un capit\u00e1n que pueda llevar el barco a puerto seguro\u201d, expres\u00f3.<\/p>\n\n\n\n<p class=\"wp-block-paragraph\">\u201cAqu\u00ed hay quienes comen una vez al d\u00eda, presidente\u201d, agreg\u00f3 Alc\u00e1ntara, quien record\u00f3 iniciativas de tecnificaci\u00f3n impulsadas durante los gobiernos de Fern\u00e1ndez, entre ellas una misi\u00f3n de productores dominicanos a Venezuela para conocer experiencias internacionales.<\/p>\n\n\n\n<p class=\"wp-block-paragraph\">Fern\u00e1ndez respondi\u00f3 se\u00f1alando que el sector agropecuario atraviesa un cuadro de retroceso y atribuy\u00f3 parte de las dificultades al despido de m\u00e1s de mil t\u00e9cnicos y profesionales especializados. Sostuvo que prescindir de ese personal calificado debilit\u00f3 la capacidad del Estado para acompa\u00f1ar a los productores en aspectos como preparaci\u00f3n de terrenos, semillas, asistencia t\u00e9cnica y procesos de producci\u00f3n.<\/p>\n\n\n\n<p class=\"wp-block-paragraph\">El exmandatario tambi\u00e9n llam\u00f3 la atenci\u00f3n sobre las deudas pendientes con productores de San Juan, que situ\u00f3 en alrededor de RD$500 millones, y asumi\u00f3 el compromiso de que, si la actual administraci\u00f3n no cumple con esas obligaciones, un gobierno de la Fuerza del Pueblo las honrar\u00eda.<\/p>\n\n\n\n<p class=\"wp-block-paragraph\">Fern\u00e1ndez plante\u00f3 adem\u00e1s la necesidad de ampliar el financiamiento agropecuario y garantizar que los pr\u00e9stamos a tasa cero lleguen fundamentalmente a peque\u00f1os y medianos productores, evitando que los recursos se concentren en las grandes empresas. Asimismo, reclam\u00f3 hacer funcionar adecuadamente el seguro agropecuario para proteger a los productores frente a inundaciones y otros fen\u00f3menos naturales.<\/p>\n\n\n\n<figure class=\"wp-block-image size-large\"><img loading=\"lazy\" decoding=\"async\" width=\"1024\" height=\"683\" src=\"https:\/\/images.conexiondigital.com.do\/wp-content\/uploads\/2026\/09\/fc63df17-910d-4ff7-a501-01f81dcbdc02-1024x683.jpg\" alt=\"\" class=\"wp-image-145673\" srcset=\"https:\/\/images.conexiondigital.com.do\/wp-content\/uploads\/2026\/09\/fc63df17-910d-4ff7-a501-01f81dcbdc02-1024x683.jpg 1024w, https:\/\/images.conexiondigital.com.do\/wp-content\/uploads\/2026\/09\/fc63df17-910d-4ff7-a501-01f81dcbdc02-800x534.jpg 800w, https:\/\/images.conexiondigital.com.do\/wp-content\/uploads\/2026\/09\/fc63df17-910d-4ff7-a501-01f81dcbdc02-767x512.jpg 767w, https:\/\/images.conexiondigital.com.do\/wp-content\/uploads\/2026\/09\/fc63df17-910d-4ff7-a501-01f81dcbdc02-300x400.jpg 300w, https:\/\/images.conexiondigital.com.do\/wp-content\/uploads\/2026\/09\/fc63df17-910d-4ff7-a501-01f81dcbdc02.jpg 1280w\" sizes=\"auto, (max-width: 1024px) 100vw, 1024px\"><\/figure>\n\n\n\n<p class=\"wp-block-paragraph\">La situaci\u00f3n sanitaria tambi\u00e9n ocup\u00f3 parte del encuentro. El neuropsic\u00f3logo Jeferson Romero plante\u00f3 la necesidad de colocar la salud entre las prioridades de las pol\u00edticas p\u00fablicas y fortalecer la atenci\u00f3n primaria como verdadera puerta de entrada al sistema, de forma que se descongestionen los centros de segundo nivel y los hospitales puedan concentrarse en los servicios especializados.<\/p>\n\n\n\n<p class=\"wp-block-paragraph\">Romero describi\u00f3 las limitaciones de personal que enfrentan los centros de salud y se\u00f1al\u00f3 que, en determinadas circunstancias, los propios m\u00e9dicos terminan realizando labores de enfermer\u00eda, camilleros y otras \u00e1reas debido a la falta de trabajadores.<\/p>\n\n\n\n<p class=\"wp-block-paragraph\">Desde el sector educativo, la maestra Laritza Ogando, directora de la Asociaci\u00f3n de Directores de Centros Educativos de la provincia San Juan Oeste, expuso dificultades que afectan a las escuelas y destac\u00f3 el papel que desempe\u00f1an los docentes en la formaci\u00f3n integral de los estudiantes.<\/p>\n\n\n\n<p class=\"wp-block-paragraph\">Al responder al conjunto de planteamientos, Fern\u00e1ndez sostuvo que la situaci\u00f3n de San Juan refleja una problem\u00e1tica m\u00e1s amplia que afecta a distintos sectores de la econom\u00eda nacional.<\/p>\n\n\n\n<p class=\"wp-block-paragraph\">\u201cEl tema agropecuario ha tenido un retroceso en este momento, es muy evidente. Ha habido un retroceso, mucha publicidad, pero en el fondo pocos resultados\u201d, afirm\u00f3.<\/p>\n\n\n\n<p class=\"wp-block-paragraph\">Al concluir sus consideraciones sobre los reclamos escuchados, Fern\u00e1ndez resumi\u00f3 su diagn\u00f3stico se\u00f1alando que existe \u201cretroceso en la agricultura, retroceso en la ganader\u00eda, retroceso en salud, retroceso en educaci\u00f3n\u201d y otras \u00e1reas.<\/p>\n\n\n\n<p class=\"wp-block-paragraph\">Contin\u00faa recorrido por el Sur<\/p>\n\n\n\n<p class=\"wp-block-paragraph\">El encuentro forma parte de la agenda territorial que Fern\u00e1ndez desarrolla durante el fin de semana por las provincias Azua, San Juan y El\u00edas Pi\u00f1a.<\/p>\n\n\n\n<p class=\"wp-block-paragraph\">M\u00e1s tarde este domingo, el presidente de la Fuerza del Pueblo encabezar\u00e1 en San Juan una gran juramentaci\u00f3n de nuevos miembros de esa organizaci\u00f3n pol\u00edtica.<\/p>\n\n\n\n<p class=\"wp-block-paragraph\">Posteriormente se trasladar\u00e1 a Azua, donde encabezar\u00e1 una asamblea de dirigentes de la Fuerza del Pueblo, como parte del cierre de su recorrido de este fin de semana por la regi\u00f3n Sur.<\/p>\n\n\n\n<p class=\"wp-block-paragraph\">La jornada de este domingo da continuidad al recorrido desarrollado el s\u00e1bado por Fern\u00e1ndez, durante el cual sostuvo encuentros con distintos sectores y encabez\u00f3 actividades pol\u00edticas en varias localidades de la regi\u00f3n.<\/p>\n","protected":false},"excerpt":{"rendered":"<p>Fern\u00e1ndez cuestiona que los del PRM pretendan enga\u00f1ar al pueblo queriendo ser \u201cgobierno y oposici\u00f3n al mismo tiempo\u201d para evadir sus responsabilidades. SAN JUAN.\u2013 El presidente del partido Fuerza del Pueblo (FP), Leonel Fern\u00e1ndez, emplaz\u00f3 este domingo a los funcionarios del Gobierno a asumir su responsabilidad frente a la crisis el\u00e9ctrica que afecta al pa\u00eds, al considerar contradictorio que integrantes de la propia administraci\u00f3n se quejen p\u00fablicamente de un problema que est\u00e1n llamados a solucionar. \u201cUstedes no est\u00e1n para quejarse, ustedes est\u00e1n para resolver\u201d, expres\u00f3 Fern\u00e1ndez, quien cuestion\u00f3 que desde el propio oficialismo se quejen ahora de los problemas del sistema el\u00e9ctrico. \u201cNo nos vayan a enga\u00f1ar queriendo ser gobierno y oposici\u00f3n al mismo tiempo\u201d, agreg\u00f3. Fern\u00e1ndez se refiri\u00f3 al tema luego de que, durante la semana reci\u00e9n concluida, altos funcionarios oficialistas manifestaran p\u00fablicamente que sus facturas el\u00e9ctricas les est\u00e1n llegando m\u00e1s elevadas de lo habitual, en momentos en que tambi\u00e9n se registran constantes y prolongados apagones que han provocado protestas en distintas zonas del pa\u00eds. Las declaraciones del exmandatario se produjeron en San Juan de la Maguana, durante un encuentro con representantes de los sectores productivos y sociales con el que inici\u00f3 su agenda de este domingo, luego de escuchar planteamientos sobre la situaci\u00f3n de la agropecuaria, la salud, la educaci\u00f3n y otras \u00e1reas de la provincia. Al referirse espec\u00edficamente al sector el\u00e9ctrico, Fern\u00e1ndez sostuvo que el pa\u00eds ha experimentado un \u201cretroceso total\u201d y se\u00f1al\u00f3 como una de sus principales expresiones el nivel de endeudamiento con los generadores. \u201cHoy hemos tenido un retroceso total, hasta el punto de que la deuda que se tiene con los generadores llega a casi 2 mil millones de d\u00f3lares. Ese es el fracaso total\u201d, afirm\u00f3. El l\u00edder de la Fuerza del Pueblo contrast\u00f3 la situaci\u00f3n actual con las transformaciones realizadas durante sus administraciones y record\u00f3 que, con el proceso de capitalizaci\u00f3n, se increment\u00f3 la capacidad de generaci\u00f3n el\u00e9ctrica, se fortaleci\u00f3 la transmisi\u00f3n y se avanz\u00f3 en el establecimiento de circuitos con servicio permanente. Durante el encuentro, Fern\u00e1ndez explic\u00f3 que este tipo de di\u00e1logo tiene un gran valor para la Fuerza del Pueblo porque permite conocer directamente las necesidades de las comunidades y convertirlas en propuestas espec\u00edficas. \u201cEste es un insumo valioso, porque nos permite entender qu\u00e9 pasa a nivel local\u201d, manifest\u00f3 Fern\u00e1ndez, quien explic\u00f3 que muchas veces las planificaciones son muy generales y abstractas y no conectan con las necesidades concretas de los territorios. Sostuvo que los planteamientos recogidos permitir\u00e1n a la organizaci\u00f3n pol\u00edtica construir agendas provinciales, municipales y sectoriales dirigidas a ofrecer respuestas espec\u00edficas a los problemas identificados. Uno de los principales reclamos provino del sector agropecuario. Robin Alc\u00e1ntara, presidente de la Fundaci\u00f3n Red Agropecuaria, describi\u00f3 las dificultades que atraviesan los productores y reclam\u00f3 un cambio de rumbo. \u201cNecesitamos un capit\u00e1n que pueda llevar el barco a puerto seguro\u201d, expres\u00f3. \u201cAqu\u00ed hay quienes comen una vez al d\u00eda, presidente\u201d, agreg\u00f3 Alc\u00e1ntara, quien record\u00f3 iniciativas de tecnificaci\u00f3n impulsadas durante los gobiernos de Fern\u00e1ndez, entre ellas una misi\u00f3n de productores dominicanos a Venezuela para conocer experiencias internacionales. Fern\u00e1ndez respondi\u00f3 se\u00f1alando que el sector agropecuario atraviesa un cuadro de retroceso y atribuy\u00f3 parte de las dificultades al despido de m\u00e1s de mil t\u00e9cnicos y profesionales especializados. Sostuvo que prescindir de ese personal calificado debilit\u00f3 la capacidad del Estado para acompa\u00f1ar a los productores en aspectos como preparaci\u00f3n de terrenos, semillas, asistencia t\u00e9cnica y procesos de producci\u00f3n. El exmandatario tambi\u00e9n llam\u00f3 la atenci\u00f3n sobre las deudas pendientes con productores de San Juan, que situ\u00f3 en alrededor de RD$500 millones, y asumi\u00f3 el compromiso de que, si la actual administraci\u00f3n no cumple con esas obligaciones, un gobierno de la Fuerza del Pueblo las honrar\u00eda. Fern\u00e1ndez plante\u00f3 adem\u00e1s la necesidad de ampliar el financiamiento agropecuario y garantizar que los pr\u00e9stamos a tasa cero lleguen fundamentalmente a peque\u00f1os y medianos productores, evitando que los recursos se concentren en las grandes empresas. Asimismo, reclam\u00f3 hacer funcionar adecuadamente el seguro agropecuario para proteger a los productores frente a inundaciones y otros fen\u00f3menos naturales. La situaci\u00f3n sanitaria tambi\u00e9n ocup\u00f3 parte del encuentro. El neuropsic\u00f3logo Jeferson Romero plante\u00f3 la necesidad de colocar la salud entre las prioridades de las pol\u00edticas p\u00fablicas y fortalecer la atenci\u00f3n primaria como verdadera puerta de entrada al sistema, de forma que se descongestionen los centros de segundo nivel y los hospitales puedan concentrarse en los servicios especializados. Romero describi\u00f3 las limitaciones de personal que enfrentan los centros de salud y se\u00f1al\u00f3 que, en determinadas circunstancias, los propios m\u00e9dicos terminan realizando labores de enfermer\u00eda, camilleros y otras \u00e1reas debido a la falta de trabajadores. Desde el sector educativo, la maestra Laritza Ogando, directora de la Asociaci\u00f3n de Directores de Centros Educativos de la provincia San Juan Oeste, expuso dificultades que afectan a las escuelas y destac\u00f3 el papel que desempe\u00f1an los docentes en la formaci\u00f3n integral de los estudiantes. Al responder al conjunto de planteamientos, Fern\u00e1ndez sostuvo que la situaci\u00f3n de San Juan refleja una problem\u00e1tica m\u00e1s amplia que afecta a distintos sectores de la econom\u00eda nacional. \u201cEl tema agropecuario ha tenido un retroceso en este momento, es muy evidente. Ha habido un retroceso, mucha publicidad, pero en el fondo pocos resultados\u201d, afirm\u00f3. Al concluir sus consideraciones sobre los reclamos escuchados, Fern\u00e1ndez resumi\u00f3 su diagn\u00f3stico se\u00f1alando que existe \u201cretroceso en la agricultura, retroceso en la ganader\u00eda, retroceso en salud, retroceso en educaci\u00f3n\u201d y otras \u00e1reas. Contin\u00faa recorrido por el Sur El encuentro forma parte de la agenda territorial que Fern\u00e1ndez desarrolla durante el fin de semana por las provincias Azua, San Juan y El\u00edas Pi\u00f1a. M\u00e1s tarde este domingo, el presidente de la Fuerza del Pueblo encabezar\u00e1 en San Juan una gran juramentaci\u00f3n de nuevos miembros de esa organizaci\u00f3n pol\u00edtica. Posteriormente se trasladar\u00e1 a Azua, donde encabezar\u00e1 una asamblea de dirigentes de la Fuerza del Pueblo, como parte del cierre de su recorrido de este fin de semana por la regi\u00f3n Sur. La jornada de este domingo da continuidad al recorrido desarrollado el s\u00e1bado por Fern\u00e1ndez, durante el cual sostuvo encuentros con distintos sectores y encabez\u00f3 actividades pol\u00edticas en varias localidades de la regi\u00f3n.<\/p>\n","protected":false},"author":3,"featured_media":0,"comment_status":"open","ping_status":"open","sticky":false,"template":"","format":"standard","meta":{"om_disable_all_campaigns":false,"footnotes":""},"categories":[12],"tags":[],"class_list":["post-145670","post","type-post","status-publish","format-standard","hentry","category-politic"],"_links":{"self":[{"href":"https:\/\/conexiondigital.com.do\/index.php\/wp-json\/wp\/v2\/posts\/145670","targetHints":{"allow":["GET"]}}],"collection":[{"href":"https:\/\/conexiondigital.com.do\/index.php\/wp-json\/wp\/v2\/posts"}],"about":[{"href":"https:\/\/conexiondigital.com.do\/index.php\/wp-json\/wp\/v2\/types\/post"}],"author":[{"embeddable":true,"href":"https:\/\/conexiondigital.com.do\/index.php\/wp-json\/wp\/v2\/users\/3"}],"replies":[{"embeddable":true,"href":"https:\/\/conexiondigital.com.do\/index.php\/wp-json\/wp\/v2\/comments?post=145670"}],"version-history":[{"count":1,"href":"https:\/\/conexiondigital.com.do\/index.php\/wp-json\/wp\/v2\/posts\/145670\/revisions"}],"predecessor-version":[{"id":145674,"href":"https:\/\/conexiondigital.com.do\/index.php\/wp-json\/wp\/v2\/posts\/145670\/revisions\/145674"}],"wp:attachment":[{"href":"https:\/\/conexiondigital.com.do\/index.php\/wp-json\/wp\/v2\/media?parent=145670"}],"wp:term":[{"taxonomy":"category","embeddable":true,"href":"https:\/\/conexiondigital.com.do\/index.php\/wp-json\/wp\/v2\/categories?post=145670"},{"taxonomy":"post_tag","embeddable":true,"href":"https:\/\/conexiondigital.com.do\/index.php\/wp-json\/wp\/v2\/tags?post=145670"}],"curies":[{"name":"wp","href":"https:\/\/api.w.org\/{rel}","templated":true}]}}