{"id":75712,"date":"2018-09-03T03:11:15","date_gmt":"2018-09-03T03:11:15","guid":{"rendered":"http:\/\/conexiondigital.com.do\/?p=75712"},"modified":"2018-09-03T03:11:15","modified_gmt":"2018-09-03T03:11:15","slug":"ministro-salud-publica-afirma-toma-medidas-para-controlar-foco-de-malaria","status":"publish","type":"post","link":"https:\/\/conexiondigital.com.do\/index.php\/2018\/09\/03\/ministro-salud-publica-afirma-toma-medidas-para-controlar-foco-de-malaria\/","title":{"rendered":"Ministro Salud P\u00fablica afirma toma medidas para controlar foco de malaria"},"content":{"rendered":"<p><img loading=\"lazy\" decoding=\"async\" class=\"size-medium wp-image-75713 alignleft\" src=\"https:\/\/images.conexiondigital.com.do\/wp-content\/uploads\/wp-content\/uploads\/2018\/09\/UNSET-3-300x176.jpg\" alt=\"\" width=\"300\" height=\"176\" \/>El ministro de Salud P\u00fablica, Rafael S\u00e1nchez C\u00e1rdenas, recorri\u00f3 los sectores del \u00e1rea VIII de Salud para verificar la situaci\u00f3n sobre la ocurrencia de un foco de malaria en la zona.<\/p>\n<p>De acuerdo a un comunicado, S\u00e1nchez C\u00e1rdenas explic\u00f3 que se persigue controlar y evitar la aparici\u00f3n de nuevos casos en esa demarcaci\u00f3n, debido a la presencia de criaderos de mosquitos causante de la enfermedad y asegur\u00f3 que con relaci\u00f3n al 2017, la incidencia es menor.<\/p>\n<p>Entre los barrios que comprende esta \u00c1rea de salud figuran Los Alcarrizos, Juan Guzm\u00e1n y \u00a0Villa Verde en Manoguayabo y La Ci\u00e9naga.<\/p>\n<p>En La Ci\u00e9naga el ministro, junto a autoridades y comunitarios, observ\u00f3 la existencia de una cancha de baloncesto que se convirti\u00f3 en laguna debido al desnivel del terreno y que con las lluvias acontecidas se producen criaderos de mosquitos por el agua acumulada.<\/p>\n<p>Destaca beneficios de la vacuna contra el rotavirus \u201cEl organismo de salud est\u00e1 tomando las medidas preventivas necesarias para controlar esta enfermedad de la que se registraron varios casos, pero los mismos est\u00e1n dentro de lo esperado, no obstante, se ha inici\u00f3 una ardua labor para controlarlos\u201d, asegur\u00f3.<\/p>\n<p>Indic\u00f3 hasta el momento el Ministerio detect\u00f3 170 casos presumiblemente de malaria de los que se confirmaron siete.<\/p>\n<p>Inform\u00f3 que la instituci\u00f3n desarrolla un plan de 60 d\u00edas (van por el 26) y que est\u00e1n inmerso permanentemente en la comunidad con operativos de fumigaci\u00f3n por las casas, calles, escuelas y otros espacios. Entregaron adem\u00e1s mosquiteros en colaboraci\u00f3n de la Organizaci\u00f3n Panamericana\/Mundial de la Salud (OPS\/OMS).<\/p>\n<p>Resalt\u00f3 que personal del Ministerio se desplaz\u00f3 por la zona entregando informaci\u00f3n y educando a las personas sobre el correcto almacenamiento del agua, la cloraci\u00f3n correcta, entre otras orientaciones.<\/p>\n<p>En el recorrido estuvieron acompa\u00f1ados por autoridades del Ministerio de Obras P\u00fablicas y Comunicaciones (MOPC) para hacer un levantamiento sobre el drenaje de las aguas.<\/p>\n<p>En Juan Guzm\u00e1n en Manoguayabo, constataron que la existencia de m\u00faltiples lagunas, que son focos de reproducci\u00f3n del mosquito que transmite la malaria.<\/p>\n<p>Estad\u00edsticas: Aseguraron que la incidencia de malaria se redujo este a\u00f1o un 31 % con relaci\u00f3n a igual periodo de 2017, pero a\u00fan persisten algunos focos debido a que es una enfermedad end\u00e9mica y \u00a0por la cual el pa\u00eds fue ganador del primer lugar en la premiaci\u00f3n \u201cCampeones de lucha contra el Paludismo en las Am\u00e9ricas\u201d, por su desempe\u00f1o en las acciones de prevenci\u00f3n y control de la misma.<\/p>\n","protected":false},"excerpt":{"rendered":"<p>El ministro de Salud P\u00fablica, Rafael S\u00e1nchez C\u00e1rdenas, recorri\u00f3 los sectores del \u00e1rea VIII de Salud para verificar la situaci\u00f3n sobre la ocurrencia de un foco de malaria en la zona. De acuerdo a un comunicado, S\u00e1nchez C\u00e1rdenas explic\u00f3 que se persigue controlar y evitar la aparici\u00f3n de nuevos casos en esa demarcaci\u00f3n, debido a la presencia de criaderos de mosquitos causante de la enfermedad y asegur\u00f3 que con relaci\u00f3n al 2017, la incidencia es menor. Entre los barrios que comprende esta \u00c1rea de salud figuran Los Alcarrizos, Juan Guzm\u00e1n y \u00a0Villa Verde en Manoguayabo y La Ci\u00e9naga. En La Ci\u00e9naga el ministro, junto a autoridades y comunitarios, observ\u00f3 la existencia de una cancha de baloncesto que se convirti\u00f3 en laguna debido al desnivel del terreno y que con las lluvias acontecidas se producen criaderos de mosquitos por el agua acumulada. Destaca beneficios de la vacuna contra el rotavirus \u201cEl organismo de salud est\u00e1 tomando las medidas preventivas necesarias para controlar esta enfermedad de la que se registraron varios casos, pero los mismos est\u00e1n dentro de lo esperado, no obstante, se ha inici\u00f3 una ardua labor para controlarlos\u201d, asegur\u00f3. Indic\u00f3 hasta el momento el Ministerio detect\u00f3 170 casos presumiblemente de malaria de los que se confirmaron siete. Inform\u00f3 que la instituci\u00f3n desarrolla un plan de 60 d\u00edas (van por el 26) y que est\u00e1n inmerso permanentemente en la comunidad con operativos de fumigaci\u00f3n por las casas, calles, escuelas y otros espacios. Entregaron adem\u00e1s mosquiteros en colaboraci\u00f3n de la Organizaci\u00f3n Panamericana\/Mundial de la Salud (OPS\/OMS). Resalt\u00f3 que personal del Ministerio se desplaz\u00f3 por la zona entregando informaci\u00f3n y educando a las personas sobre el correcto almacenamiento del agua, la cloraci\u00f3n correcta, entre otras orientaciones. En el recorrido estuvieron acompa\u00f1ados por autoridades del Ministerio de Obras P\u00fablicas y Comunicaciones (MOPC) para hacer un levantamiento sobre el drenaje de las aguas. En Juan Guzm\u00e1n en Manoguayabo, constataron que la existencia de m\u00faltiples lagunas, que son focos de reproducci\u00f3n del mosquito que transmite la malaria. Estad\u00edsticas: Aseguraron que la incidencia de malaria se redujo este a\u00f1o un 31 % con relaci\u00f3n a igual periodo de 2017, pero a\u00fan persisten algunos focos debido a que es una enfermedad end\u00e9mica y \u00a0por la cual el pa\u00eds fue ganador del primer lugar en la premiaci\u00f3n \u201cCampeones de lucha contra el Paludismo en las Am\u00e9ricas\u201d, por su desempe\u00f1o en las acciones de prevenci\u00f3n y control de la misma.<\/p>\n","protected":false},"author":3,"featured_media":75713,"comment_status":"open","ping_status":"open","sticky":false,"template":"","format":"standard","meta":{"om_disable_all_campaigns":false,"footnotes":""},"categories":[23],"tags":[],"class_list":["post-75712","post","type-post","status-publish","format-standard","has-post-thumbnail","hentry","category-nature"],"_links":{"self":[{"href":"https:\/\/conexiondigital.com.do\/index.php\/wp-json\/wp\/v2\/posts\/75712","targetHints":{"allow":["GET"]}}],"collection":[{"href":"https:\/\/conexiondigital.com.do\/index.php\/wp-json\/wp\/v2\/posts"}],"about":[{"href":"https:\/\/conexiondigital.com.do\/index.php\/wp-json\/wp\/v2\/types\/post"}],"author":[{"embeddable":true,"href":"https:\/\/conexiondigital.com.do\/index.php\/wp-json\/wp\/v2\/users\/3"}],"replies":[{"embeddable":true,"href":"https:\/\/conexiondigital.com.do\/index.php\/wp-json\/wp\/v2\/comments?post=75712"}],"version-history":[{"count":1,"href":"https:\/\/conexiondigital.com.do\/index.php\/wp-json\/wp\/v2\/posts\/75712\/revisions"}],"predecessor-version":[{"id":75714,"href":"https:\/\/conexiondigital.com.do\/index.php\/wp-json\/wp\/v2\/posts\/75712\/revisions\/75714"}],"wp:featuredmedia":[{"embeddable":true,"href":"https:\/\/conexiondigital.com.do\/index.php\/wp-json\/wp\/v2\/media\/75713"}],"wp:attachment":[{"href":"https:\/\/conexiondigital.com.do\/index.php\/wp-json\/wp\/v2\/media?parent=75712"}],"wp:term":[{"taxonomy":"category","embeddable":true,"href":"https:\/\/conexiondigital.com.do\/index.php\/wp-json\/wp\/v2\/categories?post=75712"},{"taxonomy":"post_tag","embeddable":true,"href":"https:\/\/conexiondigital.com.do\/index.php\/wp-json\/wp\/v2\/tags?post=75712"}],"curies":[{"name":"wp","href":"https:\/\/api.w.org\/{rel}","templated":true}]}}