{"id":77295,"date":"2018-09-22T21:01:44","date_gmt":"2018-09-22T21:01:44","guid":{"rendered":"http:\/\/conexiondigital.com.do\/?p=77295"},"modified":"2018-09-22T21:01:44","modified_gmt":"2018-09-22T21:01:44","slug":"atentado-contra-ejercito-de-iran-causa-25-muertos-en-desfile-militar","status":"publish","type":"post","link":"https:\/\/conexiondigital.com.do\/index.php\/2018\/09\/22\/atentado-contra-ejercito-de-iran-causa-25-muertos-en-desfile-militar\/","title":{"rendered":"Atentado contra ej\u00e9rcito de Ir\u00e1n causa 25 muertos en desfile militar"},"content":{"rendered":"<img loading=\"lazy\" decoding=\"async\" class=\"size-medium wp-image-77296 alignleft\" src=\"https:\/\/images.conexiondigital.com.do\/wp-content\/uploads\/wp-content\/uploads\/2018\/09\/936670-01-08-300x197.jpg\" alt=\"\" width=\"300\" height=\"197\" \/>\n<p>Por Efe<\/p>\n<p>Un atentado terrorista caus\u00f3 hoy al menos 25 muertos y 60 heridos durante un desfile militar en la ciudad de Ahvaz, en el suroeste de Ir\u00e1n, tras el que el presidente Hasan Rohan\u00ed prometi\u00f3 dar \u201cuna respuesta aplastante\u201d.<\/p>\n<p>La autor\u00eda del atentado es confusa. El grupo yihadista Estado Isl\u00e1mico (EI) lo reivindic\u00f3 en su agencia de propaganda Amaq, pero los Guardianes de la Revoluci\u00f3n de Ir\u00e1n acusaron del mismo al movimiento separatista \u00e1rabe Alahvazi\u00e9.<\/p>\n<p>Cuatro extremistas, vestidos con uniformes militares, abrieron fuego con fusiles Kal\u00e1shnikov desde detr\u00e1s de la tribuna de las autoridades contra las unidades del Ej\u00e9rcito y de los Guardianes que desfilaban y contra los asistentes, provocando el caos.<\/p>\n<p>Entre las 25 v\u00edctimas mortales figuran militares y civiles, incluidos mujeres y ni\u00f1os, mientras que todos los responsables gubernamentales presentes salieron ilesos, seg\u00fan inform\u00f3 el vicegobernador de la provincia de Juzest\u00e1n, cuya capital es Ahvaz, Ali Hosein Hoseinzadeh.<\/p>\n<p>Las fuentes no descartaron que aumente la cifra de muertos debido a que algunos de los heridos hospitalizados est\u00e1n en estado grave. El portavoz de las Fuerzas Armadas, Abolfazl Shekarch\u00ed, explic\u00f3 que los terroristas escondieron previamente las armas cerca del lugar en el que se celebr\u00f3 el desfile militar.<\/p>\n<p>De los cuatro terroristas, tres murieron en el acto abatidos por las fuerzas de seguridad y el cuarto falleci\u00f3 en el hospital al que fue trasladado debido a las heridas sufridas, precis\u00f3 el portavoz. Seg\u00fan testigos, citados por los medios oficiales, los disparos comenzaron pocos minutos despu\u00e9s del inicio del desfile y al principio los asistentes creyeron que eran parte del espect\u00e1culo.<\/p>\n<p>Este tipo de atentados no son frecuentes en el interior de Ir\u00e1n, donde s\u00ed son habituales los ataques de grupos extremistas contra guardias fronterizos en los l\u00edmites del pa\u00eds con Pakist\u00e1n o Irak. El pasado julio, militantes separatistas kurdos atacaron a miembros de los Guardianes de la Revoluci\u00f3n en la frontera con Irak, causando diez bajas en las filas de este cuerpo militar de \u00e9lite.<\/p>\n<p>El ataque terrorista reciente m\u00e1s grave, perpetrado en junio de 2017 contra el Parlamento iran\u00ed y el mausoleo del im\u00e1n Jomein\u00ed en Teher\u00e1n, fue reivindicado por el EI y se sald\u00f3 con 17 muertos y m\u00e1s de 50 heridos.<\/p>\n<p>Antes de que el EI asumiera la autor\u00eda del atentado de hoy, el ministro iran\u00ed de Exteriores, Mohamad Yavad Zarif, responsabiliz\u00f3 a \u201cun r\u00e9gimen extranjero\u201d patrocinado por EE.UU. de la masacre, por haber \u201creclutado, entrenado, armado y financiado\u201d a los terroristas.<\/p>\n<p>\u201cIr\u00e1n responder\u00e1 r\u00e1pida y decisivamente en defensa de las vidas iran\u00edes\u201d, advirti\u00f3 en un mensaje en su cuenta oficial de Twitter. Zarif y Rohan\u00ed no precisaron en sus mensajes el pa\u00eds o grupo al que responsabilizaban de lo ocurrido, pero el portavoz de los Guardianes de la Revoluci\u00f3n, Ramazan Sharif, acus\u00f3 directamente a Arabia Saud\u00ed de financiar al movimiento Alahvazi\u00e9.<\/p>\n<p>Por su parte, el portavoz militar Shekarch\u00ed descart\u00f3 la autor\u00eda del EI y dijo a la agencia Tasnim que Alahvazi\u00e9 no tiene la capacidad de llevar a cabo un atentado de este calibre, por lo que apunt\u00f3 a que detr\u00e1s del mismo est\u00e1 el respaldo de \u201cEE.UU., Israel y sus aliados en la regi\u00f3n del Golfo P\u00e9rsico\u201d.<\/p>\n<p>El grupo separatista, que busca el derrocamiento del r\u00e9gimen isl\u00e1mico de Ir\u00e1n y la liberaci\u00f3n de las zonas de mayor\u00eda \u00e1rabe del pa\u00eds, perpetr\u00f3 en el pasado otros ataques en la zona.<\/p>\n<p>El desfile militar de Ahvaz se celebraba, al igual que en otras ciudades de Ir\u00e1n, con motivo de la Semana de la Sagrada Defensa, que conmemora la guerra entre Ir\u00e1n e Irak (1980-1988).<\/p>\n","protected":false},"excerpt":{"rendered":"<p>Por Efe Un atentado terrorista caus\u00f3 hoy al menos 25 muertos y 60 heridos durante un desfile militar en la ciudad de Ahvaz, en el suroeste de Ir\u00e1n, tras el que el presidente Hasan Rohan\u00ed prometi\u00f3 dar \u201cuna respuesta aplastante\u201d. La autor\u00eda del atentado es confusa. El grupo yihadista Estado Isl\u00e1mico (EI) lo reivindic\u00f3 en su agencia de propaganda Amaq, pero los Guardianes de la Revoluci\u00f3n de Ir\u00e1n acusaron del mismo al movimiento separatista \u00e1rabe Alahvazi\u00e9. Cuatro extremistas, vestidos con uniformes militares, abrieron fuego con fusiles Kal\u00e1shnikov desde detr\u00e1s de la tribuna de las autoridades contra las unidades del Ej\u00e9rcito y de los Guardianes que desfilaban y contra los asistentes, provocando el caos. Entre las 25 v\u00edctimas mortales figuran militares y civiles, incluidos mujeres y ni\u00f1os, mientras que todos los responsables gubernamentales presentes salieron ilesos, seg\u00fan inform\u00f3 el vicegobernador de la provincia de Juzest\u00e1n, cuya capital es Ahvaz, Ali Hosein Hoseinzadeh. Las fuentes no descartaron que aumente la cifra de muertos debido a que algunos de los heridos hospitalizados est\u00e1n en estado grave. El portavoz de las Fuerzas Armadas, Abolfazl Shekarch\u00ed, explic\u00f3 que los terroristas escondieron previamente las armas cerca del lugar en el que se celebr\u00f3 el desfile militar. De los cuatro terroristas, tres murieron en el acto abatidos por las fuerzas de seguridad y el cuarto falleci\u00f3 en el hospital al que fue trasladado debido a las heridas sufridas, precis\u00f3 el portavoz. Seg\u00fan testigos, citados por los medios oficiales, los disparos comenzaron pocos minutos despu\u00e9s del inicio del desfile y al principio los asistentes creyeron que eran parte del espect\u00e1culo. Este tipo de atentados no son frecuentes en el interior de Ir\u00e1n, donde s\u00ed son habituales los ataques de grupos extremistas contra guardias fronterizos en los l\u00edmites del pa\u00eds con Pakist\u00e1n o Irak. El pasado julio, militantes separatistas kurdos atacaron a miembros de los Guardianes de la Revoluci\u00f3n en la frontera con Irak, causando diez bajas en las filas de este cuerpo militar de \u00e9lite. El ataque terrorista reciente m\u00e1s grave, perpetrado en junio de 2017 contra el Parlamento iran\u00ed y el mausoleo del im\u00e1n Jomein\u00ed en Teher\u00e1n, fue reivindicado por el EI y se sald\u00f3 con 17 muertos y m\u00e1s de 50 heridos. Antes de que el EI asumiera la autor\u00eda del atentado de hoy, el ministro iran\u00ed de Exteriores, Mohamad Yavad Zarif, responsabiliz\u00f3 a \u201cun r\u00e9gimen extranjero\u201d patrocinado por EE.UU. de la masacre, por haber \u201creclutado, entrenado, armado y financiado\u201d a los terroristas. \u201cIr\u00e1n responder\u00e1 r\u00e1pida y decisivamente en defensa de las vidas iran\u00edes\u201d, advirti\u00f3 en un mensaje en su cuenta oficial de Twitter. Zarif y Rohan\u00ed no precisaron en sus mensajes el pa\u00eds o grupo al que responsabilizaban de lo ocurrido, pero el portavoz de los Guardianes de la Revoluci\u00f3n, Ramazan Sharif, acus\u00f3 directamente a Arabia Saud\u00ed de financiar al movimiento Alahvazi\u00e9. Por su parte, el portavoz militar Shekarch\u00ed descart\u00f3 la autor\u00eda del EI y dijo a la agencia Tasnim que Alahvazi\u00e9 no tiene la capacidad de llevar a cabo un atentado de este calibre, por lo que apunt\u00f3 a que detr\u00e1s del mismo est\u00e1 el respaldo de \u201cEE.UU., Israel y sus aliados en la regi\u00f3n del Golfo P\u00e9rsico\u201d. El grupo separatista, que busca el derrocamiento del r\u00e9gimen isl\u00e1mico de Ir\u00e1n y la liberaci\u00f3n de las zonas de mayor\u00eda \u00e1rabe del pa\u00eds, perpetr\u00f3 en el pasado otros ataques en la zona. El desfile militar de Ahvaz se celebraba, al igual que en otras ciudades de Ir\u00e1n, con motivo de la Semana de la Sagrada Defensa, que conmemora la guerra entre Ir\u00e1n e Irak (1980-1988).<\/p>\n","protected":false},"author":10,"featured_media":0,"comment_status":"open","ping_status":"open","sticky":false,"template":"","format":"standard","meta":{"om_disable_all_campaigns":false,"footnotes":""},"categories":[14],"tags":[],"class_list":["post-77295","post","type-post","status-publish","format-standard","hentry","category-culture"],"_links":{"self":[{"href":"https:\/\/conexiondigital.com.do\/index.php\/wp-json\/wp\/v2\/posts\/77295","targetHints":{"allow":["GET"]}}],"collection":[{"href":"https:\/\/conexiondigital.com.do\/index.php\/wp-json\/wp\/v2\/posts"}],"about":[{"href":"https:\/\/conexiondigital.com.do\/index.php\/wp-json\/wp\/v2\/types\/post"}],"author":[{"embeddable":true,"href":"https:\/\/conexiondigital.com.do\/index.php\/wp-json\/wp\/v2\/users\/10"}],"replies":[{"embeddable":true,"href":"https:\/\/conexiondigital.com.do\/index.php\/wp-json\/wp\/v2\/comments?post=77295"}],"version-history":[{"count":1,"href":"https:\/\/conexiondigital.com.do\/index.php\/wp-json\/wp\/v2\/posts\/77295\/revisions"}],"predecessor-version":[{"id":77297,"href":"https:\/\/conexiondigital.com.do\/index.php\/wp-json\/wp\/v2\/posts\/77295\/revisions\/77297"}],"wp:attachment":[{"href":"https:\/\/conexiondigital.com.do\/index.php\/wp-json\/wp\/v2\/media?parent=77295"}],"wp:term":[{"taxonomy":"category","embeddable":true,"href":"https:\/\/conexiondigital.com.do\/index.php\/wp-json\/wp\/v2\/categories?post=77295"},{"taxonomy":"post_tag","embeddable":true,"href":"https:\/\/conexiondigital.com.do\/index.php\/wp-json\/wp\/v2\/tags?post=77295"}],"curies":[{"name":"wp","href":"https:\/\/api.w.org\/{rel}","templated":true}]}}