{"id":78299,"date":"2018-10-11T16:30:12","date_gmt":"2018-10-11T16:30:12","guid":{"rendered":"http:\/\/conexiondigital.com.do\/?p=78299"},"modified":"2018-10-11T16:30:12","modified_gmt":"2018-10-11T16:30:12","slug":"danilo-preside-reunion-del-consejo-nacional-de-la-competitividad","status":"publish","type":"post","link":"https:\/\/conexiondigital.com.do\/index.php\/2018\/10\/11\/danilo-preside-reunion-del-consejo-nacional-de-la-competitividad\/","title":{"rendered":"Danilo preside reuni\u00f3n del Consejo Nacional de la Competitividad"},"content":{"rendered":"<p><img loading=\"lazy\" decoding=\"async\" class=\"size-medium wp-image-78301 alignleft\" src=\"https:\/\/images.conexiondigital.com.do\/wp-content\/uploads\/2018\/10\/image_content_10729881_20181011111740-300x160.jpg\" alt=\"\" width=\"300\" height=\"160\" \/>SANTO DOMINGO. Se inici\u00f3 a las 11:00 de la ma\u00f1ana de este jueves la reuni\u00f3n del Consejo Nacional de la Competitividad, presidida por el presidente de la Rep\u00fablica, Danilo Medina S\u00e1nchez, en el Palacio Nacional.<\/p>\n<p>Al encuentro asisten empresarios y funcionarios del Gobierno para darle continuaci\u00f3n a las metas establecidas en asuntos de la competitividad.<\/p>\n<p>El encuentro se realiza en el sal\u00f3n del Consejo de Ministros, en la segunda planta de la casa de Gobierno.<\/p>\n<p>Al t\u00e9rmino de la reuni\u00f3n se dar\u00e1n detalles de lo acordado.<\/p>\n","protected":false},"excerpt":{"rendered":"<p>SANTO DOMINGO. Se inici\u00f3 a las 11:00 de la ma\u00f1ana de este jueves la reuni\u00f3n del Consejo Nacional de la Competitividad, presidida por el presidente de la Rep\u00fablica, Danilo Medina S\u00e1nchez, en el Palacio Nacional. Al encuentro asisten empresarios y funcionarios del Gobierno para darle continuaci\u00f3n a las metas establecidas en asuntos de la competitividad. El encuentro se realiza en el sal\u00f3n del Consejo de Ministros, en la segunda planta de la casa de Gobierno. Al t\u00e9rmino de la reuni\u00f3n se dar\u00e1n detalles de lo acordado.<\/p>\n","protected":false},"author":1,"featured_media":78301,"comment_status":"open","ping_status":"open","sticky":false,"template":"","format":"standard","meta":{"om_disable_all_campaigns":false,"footnotes":""},"categories":[15],"tags":[],"class_list":["post-78299","post","type-post","status-publish","format-standard","has-post-thumbnail","hentry","category-nacionales"],"_links":{"self":[{"href":"https:\/\/conexiondigital.com.do\/index.php\/wp-json\/wp\/v2\/posts\/78299","targetHints":{"allow":["GET"]}}],"collection":[{"href":"https:\/\/conexiondigital.com.do\/index.php\/wp-json\/wp\/v2\/posts"}],"about":[{"href":"https:\/\/conexiondigital.com.do\/index.php\/wp-json\/wp\/v2\/types\/post"}],"author":[{"embeddable":true,"href":"https:\/\/conexiondigital.com.do\/index.php\/wp-json\/wp\/v2\/users\/1"}],"replies":[{"embeddable":true,"href":"https:\/\/conexiondigital.com.do\/index.php\/wp-json\/wp\/v2\/comments?post=78299"}],"version-history":[{"count":1,"href":"https:\/\/conexiondigital.com.do\/index.php\/wp-json\/wp\/v2\/posts\/78299\/revisions"}],"predecessor-version":[{"id":78302,"href":"https:\/\/conexiondigital.com.do\/index.php\/wp-json\/wp\/v2\/posts\/78299\/revisions\/78302"}],"wp:featuredmedia":[{"embeddable":true,"href":"https:\/\/conexiondigital.com.do\/index.php\/wp-json\/wp\/v2\/media\/78301"}],"wp:attachment":[{"href":"https:\/\/conexiondigital.com.do\/index.php\/wp-json\/wp\/v2\/media?parent=78299"}],"wp:term":[{"taxonomy":"category","embeddable":true,"href":"https:\/\/conexiondigital.com.do\/index.php\/wp-json\/wp\/v2\/categories?post=78299"},{"taxonomy":"post_tag","embeddable":true,"href":"https:\/\/conexiondigital.com.do\/index.php\/wp-json\/wp\/v2\/tags?post=78299"}],"curies":[{"name":"wp","href":"https:\/\/api.w.org\/{rel}","templated":true}]}}