{"id":78541,"date":"2018-10-15T15:55:53","date_gmt":"2018-10-15T15:55:53","guid":{"rendered":"https:\/\/conexiondigital.com.do\/?p=78541"},"modified":"2018-10-15T15:55:53","modified_gmt":"2018-10-15T15:55:53","slug":"comite-ejecutivo-nacional-del-sntp-rinde-informe-ante-la-asamblea-general-ordinaria","status":"publish","type":"post","link":"https:\/\/conexiondigital.com.do\/index.php\/2018\/10\/15\/comite-ejecutivo-nacional-del-sntp-rinde-informe-ante-la-asamblea-general-ordinaria\/","title":{"rendered":"Comit\u00e9 ejecutivo nacional del SNTP rinde informe ante la asamblea general ordinaria"},"content":{"rendered":"<p>Santo Domingo, Rep. Dom.-<\/p>\n<p><img loading=\"lazy\" decoding=\"async\" src=\"https:\/\/images.conexiondigital.com.do\/wp-content\/uploads\/2018\/10\/img-20181014-wa0029794768803.jpg\" class=\"alignnone wp-image-78539 size-full\" width=\"1280\" height=\"720\"><\/p>\n<p>El secretario general del Sindicato Nacional de Trabajadores de la Prensa rindi\u00f3 ayer un amplio informe de las acciones que ha llevado a cabo el gremio desde la m\u00e1s reciente juramentaci\u00f3n del comit\u00e9 ejecutivo nacional hasta la fecha.<\/p>\n<p>Jos\u00e9 Beato se present\u00f3 ante los dem\u00e1s miembros del comit\u00e9, secretarios generales de las treinta y un filiales del sindicato y dem\u00e1s directivos del mismo, conforme lo establecen los estatutos y cumpliendo con los mandatos de las asambleas anteriores, las cuales ordenaron que, en la presentaci\u00f3n del informe del Comit\u00e9 Ejecutivo Nacional, tambi\u00e9n sean incluidas al menos dos acciones realizadas desde las filiales del SNTP.<\/p>\n<p>Dentro de las acciones administrativas que ha llevado a cabo la presente gesti\u00f3n se cita la adquisici\u00f3n de nuevos equipos para la oficina, as\u00ed como art\u00edculos de primera necesidad, mantenimiento sistem\u00e1tico y otras iniciativas.<\/p>\n<p>El SNTP a la cabeza del licenciado Jos\u00e9 Beato ha mantenido una posici\u00f3n inquebrantable y aguerrida de defensa a favor de los y las trabajadores de la Prensa en la custodia de sus derechos y en ese sentido a realizado importantes acompa\u00f1amientos, as\u00ed como acciones judiciales a favor de compa\u00f1eros que han resultado v\u00edctimas de la intolerancia por parte de algunos sectores en el ejercicio de sus funciones y en otros casos donde la vida de los mismos se ha visto en peligro.<br \/>\nDe igual modo ha ampliado su programa de capacitaci\u00f3n y educaci\u00f3n continuada beneficiando a un gran n\u00famero de periodistas, camar\u00f3grafos y otros integrantes del sector, fuera y dentro del pa\u00eds.<\/p>\n<p>El gremio se ha solidarizado con compa\u00f1eros a los que se les ha presentado situaciones dif\u00edciles y en otros casos que han sufrido p\u00e9rdidas familiares.<\/p>\n<p>Participaci\u00f3n en cientos de actividades tales como actos de aniversarios, paneles, conferencias, ofrendas florales y otras de \u00edndole social en las que el gremio ha tenido notoriedad.<br \/>\nBeato tambi\u00e9n destac\u00f3 en medio de su ponencia, la realizaci\u00f3n del \u201cemblem\u00e1tico e hist\u00f3rico\u201d marat\u00f3n de la prensa 2017, en esa ocasi\u00f3n bajo el eslogan \u201cUn clamor contra los feminicidios\u201d el que cont\u00f3 con la presencia de la ministra de la mujer Yanet Camilo y diversas organizaciones.<br \/>\nEl secretario general del Sindicato Nacional de Trabajadores de la Prensa tambi\u00e9n ofreci\u00f3 detalles financieros, cuyo informe expl\u00edcito consta en su portal web.<br \/>\nEnumer\u00f3 al menos dos o tres de las acciones m\u00e1s importantes desarrolladas por las filiales provinciales, destac\u00e1ndose un activo empoderamiento de las mismas.<br \/>\nEsta actividad fue desarrollada en el sal\u00f3n de conferencias del edificio que alberga la agrupaci\u00f3n, as\u00ed como al Colegio Dominicano de Periodistas.<br \/>\nLa filial de Peravia estuvo representada por la secretaria general Stephanie Mart\u00ednez, secretaria de organizaci\u00f3n, Anabellys Reyes y secretario de comunicaciones Tom\u00e1s Arias. Inici\u00f3 a las 10 de la ma\u00f1ana y culmin\u00f3 cerca de las 02.00 de la tarde del pasado domingo 14 de octubre.<\/p>\n","protected":false},"excerpt":{"rendered":"<p>Santo Domingo, Rep. Dom.- El secretario general del Sindicato Nacional de Trabajadores de la Prensa rindi\u00f3 ayer un amplio informe de las acciones que ha llevado a cabo el gremio desde la m\u00e1s reciente juramentaci\u00f3n del comit\u00e9 ejecutivo nacional hasta la fecha. Jos\u00e9 Beato se present\u00f3 ante los dem\u00e1s miembros del comit\u00e9, secretarios generales de las treinta y un filiales del sindicato y dem\u00e1s directivos del mismo, conforme lo establecen los estatutos y cumpliendo con los mandatos de las asambleas anteriores, las cuales ordenaron que, en la presentaci\u00f3n del informe del Comit\u00e9 Ejecutivo Nacional, tambi\u00e9n sean incluidas al menos dos acciones realizadas desde las filiales del SNTP. Dentro de las acciones administrativas que ha llevado a cabo la presente gesti\u00f3n se cita la adquisici\u00f3n de nuevos equipos para la oficina, as\u00ed como art\u00edculos de primera necesidad, mantenimiento sistem\u00e1tico y otras iniciativas. El SNTP a la cabeza del licenciado Jos\u00e9 Beato ha mantenido una posici\u00f3n inquebrantable y aguerrida de defensa a favor de los y las trabajadores de la Prensa en la custodia de sus derechos y en ese sentido a realizado importantes acompa\u00f1amientos, as\u00ed como acciones judiciales a favor de compa\u00f1eros que han resultado v\u00edctimas de la intolerancia por parte de algunos sectores en el ejercicio de sus funciones y en otros casos donde la vida de los mismos se ha visto en peligro. De igual modo ha ampliado su programa de capacitaci\u00f3n y educaci\u00f3n continuada beneficiando a un gran n\u00famero de periodistas, camar\u00f3grafos y otros integrantes del sector, fuera y dentro del pa\u00eds. El gremio se ha solidarizado con compa\u00f1eros a los que se les ha presentado situaciones dif\u00edciles y en otros casos que han sufrido p\u00e9rdidas familiares. Participaci\u00f3n en cientos de actividades tales como actos de aniversarios, paneles, conferencias, ofrendas florales y otras de \u00edndole social en las que el gremio ha tenido notoriedad. Beato tambi\u00e9n destac\u00f3 en medio de su ponencia, la realizaci\u00f3n del \u201cemblem\u00e1tico e hist\u00f3rico\u201d marat\u00f3n de la prensa 2017, en esa ocasi\u00f3n bajo el eslogan \u201cUn clamor contra los feminicidios\u201d el que cont\u00f3 con la presencia de la ministra de la mujer Yanet Camilo y diversas organizaciones. El secretario general del Sindicato Nacional de Trabajadores de la Prensa tambi\u00e9n ofreci\u00f3 detalles financieros, cuyo informe expl\u00edcito consta en su portal web. Enumer\u00f3 al menos dos o tres de las acciones m\u00e1s importantes desarrolladas por las filiales provinciales, destac\u00e1ndose un activo empoderamiento de las mismas. Esta actividad fue desarrollada en el sal\u00f3n de conferencias del edificio que alberga la agrupaci\u00f3n, as\u00ed como al Colegio Dominicano de Periodistas. La filial de Peravia estuvo representada por la secretaria general Stephanie Mart\u00ednez, secretaria de organizaci\u00f3n, Anabellys Reyes y secretario de comunicaciones Tom\u00e1s Arias. Inici\u00f3 a las 10 de la ma\u00f1ana y culmin\u00f3 cerca de las 02.00 de la tarde del pasado domingo 14 de octubre.<\/p>\n","protected":false},"author":5,"featured_media":78540,"comment_status":"open","ping_status":"open","sticky":false,"template":"","format":"standard","meta":{"om_disable_all_campaigns":false,"footnotes":""},"categories":[1],"tags":[],"class_list":["post-78541","post","type-post","status-publish","format-standard","has-post-thumbnail","hentry","category-uncategorized"],"_links":{"self":[{"href":"https:\/\/conexiondigital.com.do\/index.php\/wp-json\/wp\/v2\/posts\/78541","targetHints":{"allow":["GET"]}}],"collection":[{"href":"https:\/\/conexiondigital.com.do\/index.php\/wp-json\/wp\/v2\/posts"}],"about":[{"href":"https:\/\/conexiondigital.com.do\/index.php\/wp-json\/wp\/v2\/types\/post"}],"author":[{"embeddable":true,"href":"https:\/\/conexiondigital.com.do\/index.php\/wp-json\/wp\/v2\/users\/5"}],"replies":[{"embeddable":true,"href":"https:\/\/conexiondigital.com.do\/index.php\/wp-json\/wp\/v2\/comments?post=78541"}],"version-history":[{"count":1,"href":"https:\/\/conexiondigital.com.do\/index.php\/wp-json\/wp\/v2\/posts\/78541\/revisions"}],"predecessor-version":[{"id":78542,"href":"https:\/\/conexiondigital.com.do\/index.php\/wp-json\/wp\/v2\/posts\/78541\/revisions\/78542"}],"wp:featuredmedia":[{"embeddable":true,"href":"https:\/\/conexiondigital.com.do\/index.php\/wp-json\/wp\/v2\/media\/78540"}],"wp:attachment":[{"href":"https:\/\/conexiondigital.com.do\/index.php\/wp-json\/wp\/v2\/media?parent=78541"}],"wp:term":[{"taxonomy":"category","embeddable":true,"href":"https:\/\/conexiondigital.com.do\/index.php\/wp-json\/wp\/v2\/categories?post=78541"},{"taxonomy":"post_tag","embeddable":true,"href":"https:\/\/conexiondigital.com.do\/index.php\/wp-json\/wp\/v2\/tags?post=78541"}],"curies":[{"name":"wp","href":"https:\/\/api.w.org\/{rel}","templated":true}]}}