{"id":80723,"date":"2018-11-19T13:07:52","date_gmt":"2018-11-19T17:07:52","guid":{"rendered":"http:\/\/conexiondigital.com.do\/?p=80723"},"modified":"2018-11-19T13:07:52","modified_gmt":"2018-11-19T17:07:52","slug":"andres-navarro-sostiene-encuentro-politico-con-dirigentes-del-pld-en-los-alcarrizos","status":"publish","type":"post","link":"https:\/\/conexiondigital.com.do\/index.php\/2018\/11\/19\/andres-navarro-sostiene-encuentro-politico-con-dirigentes-del-pld-en-los-alcarrizos\/","title":{"rendered":"Andr\u00e9s Navarro sostiene encuentro pol\u00edtico con dirigentes del PLD en Los Alcarrizos"},"content":{"rendered":"<p><img loading=\"lazy\" decoding=\"async\" class=\" wp-image-80726 alignleft\" src=\"https:\/\/images.conexiondigital.com.do\/wp-content\/uploads\/wp-content\/uploads\/2018\/11\/thumbnail_Andr\u00e9s-Navarro-se-dirige-a-las-personas3.jpg\" alt=\"\" width=\"349\" height=\"200\" \/>ANTO DOMINGO.-\u00a0El ministro de Educaci\u00f3n, Andr\u00e9s Navarro, encabez\u00f3 ayer un encuentro pol\u00edtico en la oficina pol\u00edtica del diputado Domingo de Le\u00f3n, ubicada en el kil\u00f3metro 14 de la Autopista Duarte del sector La Ci\u00e9naga.<\/p>\n<p>Durante la actividad pol\u00edtica en apoyo a la candidatura presidencial de cara a las elecciones del 2020, el arquitecto Andr\u00e9s Navarro, recibi\u00f3 el respaldo de militantes, dirigentes, presidentes de intermedio y de comit\u00e9 de base del Partido de la Liberaci\u00f3n Dominicana en el Municipio de Los Alcarrizos y sectores aleda\u00f1os.<\/p>\n<p>Otros que dieron a apoyo a Navarro fueron profesionales del derecho, deportistas, educadores, miembros de la sociedad civil, comunicadores sociales, comerciantes, presidentes de juntas de vecinos, sectores de las diferentes iglesias y otros.<\/p>\n<p>En la actividad Andr\u00e9s Navarro, consultaba a los presentes sobre sus aspiraciones a la candidatura presidencial por esa organizaci\u00f3n de cara a los venideros comicios del a\u00f1o 2020.<\/p>\n<p>El encuentro pol\u00edtico organizado en la oficina pol\u00edtica del diputado y empresario Domingo de Le\u00f3n, estuvo encabezado por el gobernador de la provincia de santo domingo, Dr. Juan Fr\u00edas, el diputado Domingo de Le\u00f3n, y el Ingeniero Eriklis de Le\u00f3n Rivera, regidor del PLD y Presidente de la Sala Capitular del Ayuntamiento Municipal de Los Alcarrizos, entre otras personalidades.<\/p>\n<p>Al final del acto el arquitecto Andr\u00e9s Navarro, fue saludado por los presentes quienes dijeron estar listos para trabajar a favor de la candidatura presidencial con miras a las elecciones venideras.<\/p>\n","protected":false},"excerpt":{"rendered":"<p>ANTO DOMINGO.-\u00a0El ministro de Educaci\u00f3n, Andr\u00e9s Navarro, encabez\u00f3 ayer un encuentro pol\u00edtico en la oficina pol\u00edtica del diputado Domingo de Le\u00f3n, ubicada en el kil\u00f3metro 14 de la Autopista Duarte del sector La Ci\u00e9naga. Durante la actividad pol\u00edtica en apoyo a la candidatura presidencial de cara a las elecciones del 2020, el arquitecto Andr\u00e9s Navarro, recibi\u00f3 el respaldo de militantes, dirigentes, presidentes de intermedio y de comit\u00e9 de base del Partido de la Liberaci\u00f3n Dominicana en el Municipio de Los Alcarrizos y sectores aleda\u00f1os. Otros que dieron a apoyo a Navarro fueron profesionales del derecho, deportistas, educadores, miembros de la sociedad civil, comunicadores sociales, comerciantes, presidentes de juntas de vecinos, sectores de las diferentes iglesias y otros. En la actividad Andr\u00e9s Navarro, consultaba a los presentes sobre sus aspiraciones a la candidatura presidencial por esa organizaci\u00f3n de cara a los venideros comicios del a\u00f1o 2020. El encuentro pol\u00edtico organizado en la oficina pol\u00edtica del diputado y empresario Domingo de Le\u00f3n, estuvo encabezado por el gobernador de la provincia de santo domingo, Dr. Juan Fr\u00edas, el diputado Domingo de Le\u00f3n, y el Ingeniero Eriklis de Le\u00f3n Rivera, regidor del PLD y Presidente de la Sala Capitular del Ayuntamiento Municipal de Los Alcarrizos, entre otras personalidades. Al final del acto el arquitecto Andr\u00e9s Navarro, fue saludado por los presentes quienes dijeron estar listos para trabajar a favor de la candidatura presidencial con miras a las elecciones venideras.<\/p>\n","protected":false},"author":3,"featured_media":80726,"comment_status":"open","ping_status":"open","sticky":false,"template":"","format":"standard","meta":{"om_disable_all_campaigns":false,"footnotes":""},"categories":[12],"tags":[],"class_list":["post-80723","post","type-post","status-publish","format-standard","has-post-thumbnail","hentry","category-politic"],"_links":{"self":[{"href":"https:\/\/conexiondigital.com.do\/index.php\/wp-json\/wp\/v2\/posts\/80723","targetHints":{"allow":["GET"]}}],"collection":[{"href":"https:\/\/conexiondigital.com.do\/index.php\/wp-json\/wp\/v2\/posts"}],"about":[{"href":"https:\/\/conexiondigital.com.do\/index.php\/wp-json\/wp\/v2\/types\/post"}],"author":[{"embeddable":true,"href":"https:\/\/conexiondigital.com.do\/index.php\/wp-json\/wp\/v2\/users\/3"}],"replies":[{"embeddable":true,"href":"https:\/\/conexiondigital.com.do\/index.php\/wp-json\/wp\/v2\/comments?post=80723"}],"version-history":[{"count":1,"href":"https:\/\/conexiondigital.com.do\/index.php\/wp-json\/wp\/v2\/posts\/80723\/revisions"}],"predecessor-version":[{"id":80727,"href":"https:\/\/conexiondigital.com.do\/index.php\/wp-json\/wp\/v2\/posts\/80723\/revisions\/80727"}],"wp:featuredmedia":[{"embeddable":true,"href":"https:\/\/conexiondigital.com.do\/index.php\/wp-json\/wp\/v2\/media\/80726"}],"wp:attachment":[{"href":"https:\/\/conexiondigital.com.do\/index.php\/wp-json\/wp\/v2\/media?parent=80723"}],"wp:term":[{"taxonomy":"category","embeddable":true,"href":"https:\/\/conexiondigital.com.do\/index.php\/wp-json\/wp\/v2\/categories?post=80723"},{"taxonomy":"post_tag","embeddable":true,"href":"https:\/\/conexiondigital.com.do\/index.php\/wp-json\/wp\/v2\/tags?post=80723"}],"curies":[{"name":"wp","href":"https:\/\/api.w.org\/{rel}","templated":true}]}}