{"id":80941,"date":"2018-11-22T11:45:46","date_gmt":"2018-11-22T15:45:46","guid":{"rendered":"http:\/\/conexiondigital.com.do\/?p=80941"},"modified":"2018-11-22T11:45:46","modified_gmt":"2018-11-22T15:45:46","slug":"castro-marte-rechaza-medidas-tomadas-por-el-ministerio-de-interior-y-policia","status":"publish","type":"post","link":"https:\/\/conexiondigital.com.do\/index.php\/2018\/11\/22\/castro-marte-rechaza-medidas-tomadas-por-el-ministerio-de-interior-y-policia\/","title":{"rendered":"Castro Marte rechaza medidas tomadas por el Ministerio de Interior y Polic\u00eda"},"content":{"rendered":"<p><img loading=\"lazy\" decoding=\"async\" class=\" wp-image-80942 alignleft\" src=\"https:\/\/images.conexiondigital.com.do\/wp-content\/uploads\/wp-content\/uploads\/2018\/11\/FOTO-23-800x559.jpg\" alt=\"\" width=\"591\" height=\"413\" \/>Santo Domingo-El obispo auxiliar de Santo Domingo, monse\u00f1or Jes\u00fas Castro Marte rechaz\u00f3 ayer medida tomada por el Ministerio de Interior y Polic\u00eda \u00a0de aplicar restricciones de horario para venta de bebidas alcoh\u00f3licas.<\/p>\n<p>&nbsp;<\/p>\n<p>En ese sentido, monse\u00f1or Castro Marte dijo que apelan a la sensatez de las autoridades, \u201cya que el esp\u00edritu de la restricci\u00f3n respecto del horario de expendio de bebidas alcoh\u00f3licas en el pa\u00eds fortalece la seguridad ciudadana y disminuye las muertes\u201d.<\/p>\n<p>&nbsp;<\/p>\n<p>El Ministerio de Interior y Polic\u00eda anunci\u00f3 como en a\u00f1os anteriores, que durante el per\u00edodo comprendido entre el s\u00e1bado 1 de diciembre hasta el lunes 7 de enero de 2019, no se aplicar\u00e1n restricciones de horario para venta de bebidas alcoh\u00f3licas<\/p>\n<p>&nbsp;<\/p>\n<p>En una nota de prensa, el tambi\u00e9n vicario de la Vicar\u00eda Territorial Norte, asegur\u00f3 que esta medida disminuir\u00e1 las lesiones y muertes que resultan mediadas por el alcohol, en un desorden que parece no importarle a nadie cu\u00e1ntos mueren en accidentes de tr\u00e1nsito, cu\u00e1ntas son las victimas que no volver\u00e1n a caminar como secuela de un choque de tr\u00e1nsito.<\/p>\n<p>&nbsp;<\/p>\n<p>Dijo que \u00a0con la restricci\u00f3n del horario para la venta de bebidas alcoh\u00f3lica se beneficia tanto\u00a0 el ser humano, el n\u00facleo familiar, la propiedad p\u00fablica y privada de nuestra naci\u00f3n, disminuyen las v\u00edctimas de los cr\u00edmenes y delitos que se acometen en las altas horas de la noche y entrada la madrugada.<\/p>\n<p>&nbsp;<\/p>\n<p>&nbsp;<\/p>\n","protected":false},"excerpt":{"rendered":"<p>Santo Domingo-El obispo auxiliar de Santo Domingo, monse\u00f1or Jes\u00fas Castro Marte rechaz\u00f3 ayer medida tomada por el Ministerio de Interior y Polic\u00eda \u00a0de aplicar restricciones de horario para venta de bebidas alcoh\u00f3licas. &nbsp; En ese sentido, monse\u00f1or Castro Marte dijo que apelan a la sensatez de las autoridades, \u201cya que el esp\u00edritu de la restricci\u00f3n respecto del horario de expendio de bebidas alcoh\u00f3licas en el pa\u00eds fortalece la seguridad ciudadana y disminuye las muertes\u201d. &nbsp; El Ministerio de Interior y Polic\u00eda anunci\u00f3 como en a\u00f1os anteriores, que durante el per\u00edodo comprendido entre el s\u00e1bado 1 de diciembre hasta el lunes 7 de enero de 2019, no se aplicar\u00e1n restricciones de horario para venta de bebidas alcoh\u00f3licas &nbsp; En una nota de prensa, el tambi\u00e9n vicario de la Vicar\u00eda Territorial Norte, asegur\u00f3 que esta medida disminuir\u00e1 las lesiones y muertes que resultan mediadas por el alcohol, en un desorden que parece no importarle a nadie cu\u00e1ntos mueren en accidentes de tr\u00e1nsito, cu\u00e1ntas son las victimas que no volver\u00e1n a caminar como secuela de un choque de tr\u00e1nsito. &nbsp; Dijo que \u00a0con la restricci\u00f3n del horario para la venta de bebidas alcoh\u00f3lica se beneficia tanto\u00a0 el ser humano, el n\u00facleo familiar, la propiedad p\u00fablica y privada de nuestra naci\u00f3n, disminuyen las v\u00edctimas de los cr\u00edmenes y delitos que se acometen en las altas horas de la noche y entrada la madrugada. &nbsp; &nbsp;<\/p>\n","protected":false},"author":1,"featured_media":80942,"comment_status":"open","ping_status":"open","sticky":false,"template":"","format":"standard","meta":{"om_disable_all_campaigns":false,"footnotes":""},"categories":[1],"tags":[],"class_list":["post-80941","post","type-post","status-publish","format-standard","has-post-thumbnail","hentry","category-uncategorized"],"_links":{"self":[{"href":"https:\/\/conexiondigital.com.do\/index.php\/wp-json\/wp\/v2\/posts\/80941","targetHints":{"allow":["GET"]}}],"collection":[{"href":"https:\/\/conexiondigital.com.do\/index.php\/wp-json\/wp\/v2\/posts"}],"about":[{"href":"https:\/\/conexiondigital.com.do\/index.php\/wp-json\/wp\/v2\/types\/post"}],"author":[{"embeddable":true,"href":"https:\/\/conexiondigital.com.do\/index.php\/wp-json\/wp\/v2\/users\/1"}],"replies":[{"embeddable":true,"href":"https:\/\/conexiondigital.com.do\/index.php\/wp-json\/wp\/v2\/comments?post=80941"}],"version-history":[{"count":1,"href":"https:\/\/conexiondigital.com.do\/index.php\/wp-json\/wp\/v2\/posts\/80941\/revisions"}],"predecessor-version":[{"id":80943,"href":"https:\/\/conexiondigital.com.do\/index.php\/wp-json\/wp\/v2\/posts\/80941\/revisions\/80943"}],"wp:featuredmedia":[{"embeddable":true,"href":"https:\/\/conexiondigital.com.do\/index.php\/wp-json\/wp\/v2\/media\/80942"}],"wp:attachment":[{"href":"https:\/\/conexiondigital.com.do\/index.php\/wp-json\/wp\/v2\/media?parent=80941"}],"wp:term":[{"taxonomy":"category","embeddable":true,"href":"https:\/\/conexiondigital.com.do\/index.php\/wp-json\/wp\/v2\/categories?post=80941"},{"taxonomy":"post_tag","embeddable":true,"href":"https:\/\/conexiondigital.com.do\/index.php\/wp-json\/wp\/v2\/tags?post=80941"}],"curies":[{"name":"wp","href":"https:\/\/api.w.org\/{rel}","templated":true}]}}