{"id":81390,"date":"2018-11-30T12:11:59","date_gmt":"2018-11-30T16:11:59","guid":{"rendered":"http:\/\/conexiondigital.com.do\/?p=81390"},"modified":"2018-11-30T12:22:03","modified_gmt":"2018-11-30T16:22:03","slug":"valentin-propone-unificacion-de-las-elecciones-despues-de-la-escogencia-interna","status":"publish","type":"post","link":"https:\/\/conexiondigital.com.do\/index.php\/2018\/11\/30\/valentin-propone-unificacion-de-las-elecciones-despues-de-la-escogencia-interna\/","title":{"rendered":"Valentin propone unificaci\u00f3n de las elecciones despu\u00e9s de la escogencia interna"},"content":{"rendered":"<img loading=\"lazy\" decoding=\"async\" class=\"size-full wp-image-81391 alignleft\" src=\"https:\/\/images.conexiondigital.com.do\/wp-content\/uploads\/wp-content\/uploads\/2018\/11\/download-81.jpg\" alt=\"\" width=\"276\" height=\"183\" \/>\n<p>Periodista: Yolaine V\u00e1squez<\/p>\n<p>Santo Domingo-El senador de la provincia Santiago, por el Partido de la Liberaci\u00f3n Dominicana, Julio C\u00e9sar Valent\u00edn, propuso la unificaci\u00f3n de las elecciones municipales, congresuales y presidenciales, despu\u00e9s que sean elegidos los candidatos en la primarias internas que se celebraran en octubre del a\u00f1o pr\u00f3ximo.<\/p>\n<p>Julio Cesar Valent\u00edn, as\u00ed mismo plante\u00f3 que se incluya la modificaci\u00f3n de la constituci\u00f3n.<\/p>\n<p>El senador de la provincia Santiago, garantiz\u00f2 que el proceso electoral que se tiene contemplado para el 2020 podr\u00eda salir menos costoso y prolongado, como tambi\u00e9n se evitar\u00eda el caos en la poblaci\u00f3n dominicana.<\/p>\n","protected":false},"excerpt":{"rendered":"<p>Periodista: Yolaine V\u00e1squez Santo Domingo-El senador de la provincia Santiago, por el Partido de la Liberaci\u00f3n Dominicana, Julio C\u00e9sar Valent\u00edn, propuso la unificaci\u00f3n de las elecciones municipales, congresuales y presidenciales, despu\u00e9s que sean elegidos los candidatos en la primarias internas que se celebraran en octubre del a\u00f1o pr\u00f3ximo. Julio Cesar Valent\u00edn, as\u00ed mismo plante\u00f3 que se incluya la modificaci\u00f3n de la constituci\u00f3n. El senador de la provincia Santiago, garantiz\u00f2 que el proceso electoral que se tiene contemplado para el 2020 podr\u00eda salir menos costoso y prolongado, como tambi\u00e9n se evitar\u00eda el caos en la poblaci\u00f3n dominicana.<\/p>\n","protected":false},"author":1,"featured_media":81391,"comment_status":"open","ping_status":"open","sticky":false,"template":"","format":"standard","meta":{"om_disable_all_campaigns":false,"footnotes":""},"categories":[12],"tags":[],"class_list":["post-81390","post","type-post","status-publish","format-standard","has-post-thumbnail","hentry","category-politic"],"_links":{"self":[{"href":"https:\/\/conexiondigital.com.do\/index.php\/wp-json\/wp\/v2\/posts\/81390","targetHints":{"allow":["GET"]}}],"collection":[{"href":"https:\/\/conexiondigital.com.do\/index.php\/wp-json\/wp\/v2\/posts"}],"about":[{"href":"https:\/\/conexiondigital.com.do\/index.php\/wp-json\/wp\/v2\/types\/post"}],"author":[{"embeddable":true,"href":"https:\/\/conexiondigital.com.do\/index.php\/wp-json\/wp\/v2\/users\/1"}],"replies":[{"embeddable":true,"href":"https:\/\/conexiondigital.com.do\/index.php\/wp-json\/wp\/v2\/comments?post=81390"}],"version-history":[{"count":3,"href":"https:\/\/conexiondigital.com.do\/index.php\/wp-json\/wp\/v2\/posts\/81390\/revisions"}],"predecessor-version":[{"id":81394,"href":"https:\/\/conexiondigital.com.do\/index.php\/wp-json\/wp\/v2\/posts\/81390\/revisions\/81394"}],"wp:featuredmedia":[{"embeddable":true,"href":"https:\/\/conexiondigital.com.do\/index.php\/wp-json\/wp\/v2\/media\/81391"}],"wp:attachment":[{"href":"https:\/\/conexiondigital.com.do\/index.php\/wp-json\/wp\/v2\/media?parent=81390"}],"wp:term":[{"taxonomy":"category","embeddable":true,"href":"https:\/\/conexiondigital.com.do\/index.php\/wp-json\/wp\/v2\/categories?post=81390"},{"taxonomy":"post_tag","embeddable":true,"href":"https:\/\/conexiondigital.com.do\/index.php\/wp-json\/wp\/v2\/tags?post=81390"}],"curies":[{"name":"wp","href":"https:\/\/api.w.org\/{rel}","templated":true}]}}