{"id":82283,"date":"2018-12-18T09:38:17","date_gmt":"2018-12-18T13:38:17","guid":{"rendered":"http:\/\/conexiondigital.com.do\/?p=82283"},"modified":"2018-12-18T09:38:17","modified_gmt":"2018-12-18T13:38:17","slug":"gobiernoentrega-un-moderno-centro-educativo-y-una-infantil-en-san-juan-de-la-maguana","status":"publish","type":"post","link":"https:\/\/conexiondigital.com.do\/index.php\/2018\/12\/18\/gobiernoentrega-un-moderno-centro-educativo-y-una-infantil-en-san-juan-de-la-maguana\/","title":{"rendered":"Gobiernoentrega un moderno centro educativo y una infantil en san juan de la maguana"},"content":{"rendered":"<p><img loading=\"lazy\" decoding=\"async\" class=\" wp-image-82265 alignleft\" src=\"https:\/\/images.conexiondigital.com.do\/wp-content\/uploads\/wp-content\/uploads\/2018\/12\/Hospital-San-Juan-800x600.jpg\" alt=\"\" width=\"580\" height=\"435\" \/>San Juan-La Revoluci\u00f3n Educativa que impulsa el presidente Danilo Medina vuelve a impactar esta provincia con la entrega de un moderno centro educativo que funcionar\u00e1 en Jornada Escolar Extendida, y una estancia infantil, los cuales beneficiar\u00e1n a 980 estudiantes y a 226 infantes respectivamente, en el sector Villa Flores, en el municipio cabecera.<\/p>\n<p>El nuevo plantel escolar consta de 29 aulas y est\u00e1 dotado de rincones tecnol\u00f3gicos, bibliotecas, espacios administrativos, salones de profesores, de orientaci\u00f3n, enfermer\u00eda, cocina-comedor, plaza c\u00edvica y cancha.<\/p>\n<p>En tanto, la nueva estancia infantil favorecer\u00e1 a unas 1,330 familias integradas a trav\u00e9s de las diferentes redes comunitarias. La obra dispone de 10 \u00e1reas para atender ni\u00f1os de 0 a 5 a\u00f1os de edad. Cuenta con espacios administrativos, salones de profesores, psicolog\u00eda, enfermer\u00eda, reuniones, cocina-comedor y \u00e1reas de juegos infantiles.<\/p>\n<p>La entrega del centro educativo y de la estancia infantil se realiz\u00f3 en una ceremonia de inauguraci\u00f3n conjunta de diversas obras, encabezada por el presidente Danilo Medina en el Hospital Regional Dr. Alejandro Cabral de esta provincia.<\/p>\n","protected":false},"excerpt":{"rendered":"<p>San Juan-La Revoluci\u00f3n Educativa que impulsa el presidente Danilo Medina vuelve a impactar esta provincia con la entrega de un moderno centro educativo que funcionar\u00e1 en Jornada Escolar Extendida, y una estancia infantil, los cuales beneficiar\u00e1n a 980 estudiantes y a 226 infantes respectivamente, en el sector Villa Flores, en el municipio cabecera. El nuevo plantel escolar consta de 29 aulas y est\u00e1 dotado de rincones tecnol\u00f3gicos, bibliotecas, espacios administrativos, salones de profesores, de orientaci\u00f3n, enfermer\u00eda, cocina-comedor, plaza c\u00edvica y cancha. En tanto, la nueva estancia infantil favorecer\u00e1 a unas 1,330 familias integradas a trav\u00e9s de las diferentes redes comunitarias. La obra dispone de 10 \u00e1reas para atender ni\u00f1os de 0 a 5 a\u00f1os de edad. Cuenta con espacios administrativos, salones de profesores, psicolog\u00eda, enfermer\u00eda, reuniones, cocina-comedor y \u00e1reas de juegos infantiles. La entrega del centro educativo y de la estancia infantil se realiz\u00f3 en una ceremonia de inauguraci\u00f3n conjunta de diversas obras, encabezada por el presidente Danilo Medina en el Hospital Regional Dr. Alejandro Cabral de esta provincia.<\/p>\n","protected":false},"author":1,"featured_media":82284,"comment_status":"open","ping_status":"open","sticky":false,"template":"","format":"standard","meta":{"om_disable_all_campaigns":false,"footnotes":""},"categories":[155],"tags":[],"class_list":["post-82283","post","type-post","status-publish","format-standard","has-post-thumbnail","hentry","category-educacion"],"_links":{"self":[{"href":"https:\/\/conexiondigital.com.do\/index.php\/wp-json\/wp\/v2\/posts\/82283","targetHints":{"allow":["GET"]}}],"collection":[{"href":"https:\/\/conexiondigital.com.do\/index.php\/wp-json\/wp\/v2\/posts"}],"about":[{"href":"https:\/\/conexiondigital.com.do\/index.php\/wp-json\/wp\/v2\/types\/post"}],"author":[{"embeddable":true,"href":"https:\/\/conexiondigital.com.do\/index.php\/wp-json\/wp\/v2\/users\/1"}],"replies":[{"embeddable":true,"href":"https:\/\/conexiondigital.com.do\/index.php\/wp-json\/wp\/v2\/comments?post=82283"}],"version-history":[{"count":1,"href":"https:\/\/conexiondigital.com.do\/index.php\/wp-json\/wp\/v2\/posts\/82283\/revisions"}],"predecessor-version":[{"id":82285,"href":"https:\/\/conexiondigital.com.do\/index.php\/wp-json\/wp\/v2\/posts\/82283\/revisions\/82285"}],"wp:featuredmedia":[{"embeddable":true,"href":"https:\/\/conexiondigital.com.do\/index.php\/wp-json\/wp\/v2\/media\/82284"}],"wp:attachment":[{"href":"https:\/\/conexiondigital.com.do\/index.php\/wp-json\/wp\/v2\/media?parent=82283"}],"wp:term":[{"taxonomy":"category","embeddable":true,"href":"https:\/\/conexiondigital.com.do\/index.php\/wp-json\/wp\/v2\/categories?post=82283"},{"taxonomy":"post_tag","embeddable":true,"href":"https:\/\/conexiondigital.com.do\/index.php\/wp-json\/wp\/v2\/tags?post=82283"}],"curies":[{"name":"wp","href":"https:\/\/api.w.org\/{rel}","templated":true}]}}