{"id":82318,"date":"2018-12-18T13:28:05","date_gmt":"2018-12-18T17:28:05","guid":{"rendered":"http:\/\/conexiondigital.com.do\/?p=82318"},"modified":"2018-12-18T13:28:05","modified_gmt":"2018-12-18T17:28:05","slug":"la-oiss-favorece-implementacion-de-atencion-primaria-en-rd","status":"publish","type":"post","link":"https:\/\/conexiondigital.com.do\/index.php\/2018\/12\/18\/la-oiss-favorece-implementacion-de-atencion-primaria-en-rd\/","title":{"rendered":"La OISS favorece implementaci\u00f3n de Atenci\u00f3n Primaria en RD"},"content":{"rendered":"<p><img loading=\"lazy\" decoding=\"async\" class=\" wp-image-82319 alignleft\" src=\"https:\/\/images.conexiondigital.com.do\/wp-content\/uploads\/wp-content\/uploads\/2018\/12\/Reuni\u00f3n-OISS-800x613.jpg\" alt=\"\" width=\"562\" height=\"431\" \/>Santo Domingo-La Organizaci\u00f3n Iberoamericana de Seguridad Social (OISS), reconoce y valora como positivo el inter\u00e9s y los esfuerzos que realiza el Consejo Nacional de Seguridad Social (CNSS) y la Superintendencia de Salud y Riesgos Laborales (SISALRIL), para incorporar en el cat\u00e1logo de prestaciones del Seguro Familiar de Salud del R\u00e9gimen Contributivo la implementaci\u00f3n de la Atenci\u00f3n Primaria.<\/p>\n<p>El Comit\u00e9 Permanente de la OISS, destac\u00f3 que la atenci\u00f3n primaria previene las complicaciones y da\u00f1os severos ocasionados por las principales patolog\u00edas cr\u00f3nicas, tales como la hipertensi\u00f3n arterial y la diabetes.<\/p>\n<p>En la declaraci\u00f3n firmada a unanimidad por los representantes de los pa\u00edses miembros de la OISS se favoreci\u00f3 la propuesta aprobada por el pleno regional de Centroam\u00e9rica y El Caribe que acogi\u00f3 la \u201cDeclaraci\u00f3n acerca de la importancia de la Atenci\u00f3n Primaria de Salud, y del fortalecimiento de enfoques preventivos en las coberturas de la seguridad social en salud para todos los grupos de edad y sexo\u201d.<\/p>\n<p>El documento detalla que los Sistemas de Seguridad Social constituyen una de las m\u00e1s importantes conquistas sociales de la humanidad y tienen como objetivo principal la protecci\u00f3n de las poblaciones ante los riesgos y vulnerabilidades inherentes a la vida en sociedad, tanto en el \u00e1mbito laboral como el residencial. Constituyen un componente esencial de las sociedades contempor\u00e1neas para reducir las desigualdades sociales y mejorar la calidad de vida de las poblaciones.<\/p>\n<p>Resalta que la estrategia de Atenci\u00f3n Primaria de la Salud representa la mejor respuesta ante los desaf\u00edos que confrontan las poblaciones iberoamericanas y los Sistema de Salud y de Seguridad Social para preservar y fortalecer la protecci\u00f3n social del derecho a la salud de las poblaciones.<\/p>\n<p>&nbsp;<\/p>\n<p>&nbsp;<\/p>\n<p>&nbsp;<\/p>\n","protected":false},"excerpt":{"rendered":"<p>Santo Domingo-La Organizaci\u00f3n Iberoamericana de Seguridad Social (OISS), reconoce y valora como positivo el inter\u00e9s y los esfuerzos que realiza el Consejo Nacional de Seguridad Social (CNSS) y la Superintendencia de Salud y Riesgos Laborales (SISALRIL), para incorporar en el cat\u00e1logo de prestaciones del Seguro Familiar de Salud del R\u00e9gimen Contributivo la implementaci\u00f3n de la Atenci\u00f3n Primaria. El Comit\u00e9 Permanente de la OISS, destac\u00f3 que la atenci\u00f3n primaria previene las complicaciones y da\u00f1os severos ocasionados por las principales patolog\u00edas cr\u00f3nicas, tales como la hipertensi\u00f3n arterial y la diabetes. En la declaraci\u00f3n firmada a unanimidad por los representantes de los pa\u00edses miembros de la OISS se favoreci\u00f3 la propuesta aprobada por el pleno regional de Centroam\u00e9rica y El Caribe que acogi\u00f3 la \u201cDeclaraci\u00f3n acerca de la importancia de la Atenci\u00f3n Primaria de Salud, y del fortalecimiento de enfoques preventivos en las coberturas de la seguridad social en salud para todos los grupos de edad y sexo\u201d. El documento detalla que los Sistemas de Seguridad Social constituyen una de las m\u00e1s importantes conquistas sociales de la humanidad y tienen como objetivo principal la protecci\u00f3n de las poblaciones ante los riesgos y vulnerabilidades inherentes a la vida en sociedad, tanto en el \u00e1mbito laboral como el residencial. Constituyen un componente esencial de las sociedades contempor\u00e1neas para reducir las desigualdades sociales y mejorar la calidad de vida de las poblaciones. Resalta que la estrategia de Atenci\u00f3n Primaria de la Salud representa la mejor respuesta ante los desaf\u00edos que confrontan las poblaciones iberoamericanas y los Sistema de Salud y de Seguridad Social para preservar y fortalecer la protecci\u00f3n social del derecho a la salud de las poblaciones. &nbsp; &nbsp; &nbsp;<\/p>\n","protected":false},"author":1,"featured_media":82319,"comment_status":"open","ping_status":"open","sticky":false,"template":"","format":"standard","meta":{"om_disable_all_campaigns":false,"footnotes":""},"categories":[23],"tags":[],"class_list":["post-82318","post","type-post","status-publish","format-standard","has-post-thumbnail","hentry","category-nature"],"_links":{"self":[{"href":"https:\/\/conexiondigital.com.do\/index.php\/wp-json\/wp\/v2\/posts\/82318","targetHints":{"allow":["GET"]}}],"collection":[{"href":"https:\/\/conexiondigital.com.do\/index.php\/wp-json\/wp\/v2\/posts"}],"about":[{"href":"https:\/\/conexiondigital.com.do\/index.php\/wp-json\/wp\/v2\/types\/post"}],"author":[{"embeddable":true,"href":"https:\/\/conexiondigital.com.do\/index.php\/wp-json\/wp\/v2\/users\/1"}],"replies":[{"embeddable":true,"href":"https:\/\/conexiondigital.com.do\/index.php\/wp-json\/wp\/v2\/comments?post=82318"}],"version-history":[{"count":1,"href":"https:\/\/conexiondigital.com.do\/index.php\/wp-json\/wp\/v2\/posts\/82318\/revisions"}],"predecessor-version":[{"id":82320,"href":"https:\/\/conexiondigital.com.do\/index.php\/wp-json\/wp\/v2\/posts\/82318\/revisions\/82320"}],"wp:featuredmedia":[{"embeddable":true,"href":"https:\/\/conexiondigital.com.do\/index.php\/wp-json\/wp\/v2\/media\/82319"}],"wp:attachment":[{"href":"https:\/\/conexiondigital.com.do\/index.php\/wp-json\/wp\/v2\/media?parent=82318"}],"wp:term":[{"taxonomy":"category","embeddable":true,"href":"https:\/\/conexiondigital.com.do\/index.php\/wp-json\/wp\/v2\/categories?post=82318"},{"taxonomy":"post_tag","embeddable":true,"href":"https:\/\/conexiondigital.com.do\/index.php\/wp-json\/wp\/v2\/tags?post=82318"}],"curies":[{"name":"wp","href":"https:\/\/api.w.org\/{rel}","templated":true}]}}