{"id":82550,"date":"2018-12-23T13:42:05","date_gmt":"2018-12-23T17:42:05","guid":{"rendered":"http:\/\/conexiondigital.com.do\/?p=82550"},"modified":"2018-12-23T13:42:06","modified_gmt":"2018-12-23T17:42:06","slug":"rectora-de-la-uasd-confia-en-un-ano-2019-fructifero-para-el-pais","status":"publish","type":"post","link":"https:\/\/conexiondigital.com.do\/index.php\/2018\/12\/23\/rectora-de-la-uasd-confia-en-un-ano-2019-fructifero-para-el-pais\/","title":{"rendered":"RECTORA DE LA UASD CONFIA EN UN A\u00d1O 2019 FRUCTIFERO PARA EL PAIS"},"content":{"rendered":"<p><img loading=\"lazy\" decoding=\"async\" class=\"size-full wp-image-82551 alignleft\" src=\"https:\/\/images.conexiondigital.com.do\/wp-content\/uploads\/wp-content\/uploads\/2018\/12\/thumbnail_thumbnail__TON8851-copiaemma.jpg\" alt=\"\" width=\"250\" height=\"374\" \/>La doctora Emma Polanco Melo, rectora de la Universidad Aut\u00f3noma de Santo Domingo (UASD), mostr\u00f3 su confianza de que el a\u00f1o 2019 ser\u00e1 muy fruct\u00edfero para la casa de altos estudios y para la\u00a0 Rep\u00fablica Dominicana.<\/p>\n<p>Asimismo, Polanco Melo se\u00f1al\u00f3\u00a0 que la UASD espera recibir a los 26 mil nuevos estudiantes que eligieron a esta academia para sus estudios con aulas adecuadas y propiciar un clima que garantice la seguridad, la paz y tranquilidad como estandarte de esta gesti\u00f3n.<\/p>\n<p>Dijo esperar que a la Primada de Am\u00e9rica le sea asignado un presupuesto justo y adecuado que le permita hacerle frente a los compromisos contra\u00eddos en bien la familia universitaria.<\/p>\n<p>Extern\u00f3 su posici\u00f3n al felicitar a la familia uasdiana y al pueblo dominicano con motivo de los d\u00edas navide\u00f1os y la llegada del nuevo a\u00f1o.<\/p>\n<p>Al reflexionar sobre el venidero a\u00f1o, la principal funcionaria de la Primada de Am\u00e9rica consider\u00f3 que la sociedad dominicana debe utilizar los aires navide\u00f1os para poner un alto a los feminicidios y la criminalidad que se entronizan en la poblaci\u00f3n.<\/p>\n<p>Tambi\u00e9n pidi\u00f3 a la poblaci\u00f3n nacional aprovechar los d\u00edas navide\u00f1os para meditar sobre los principales problemas que afectan a la sociedad actual.<\/p>\n<p>En su mensaje navide\u00f1o, la rectora manifest\u00f3 que \u201cdeseo, en sentido particular, que la familia universitaria disfrute en salud y armon\u00eda estas festividades y que reciban el a\u00f1o 2019 en un ambiente rebosante de dicha, ventura personal y noticias gratificantes\u201d.<\/p>\n<p>Invoc\u00f3 al Todopoderoso para que colme de amor y bendiciones\u00a0 al pueblo dominicano en el tr\u00e1nsito de un a\u00f1o bueno hacia otro mejor.<\/p>\n<p>Sostuvo que la Primada de Am\u00e9rica siempre estar\u00e1 al lado de los sectores nacionales que buscan las mejores propuestas para el bienestar del pa\u00eds.<\/p>\n<p>\u201cQuiero mostrar mi convencimiento de que \u2013en el 2019- el pueblo dominicano mantendr\u00e1 su proceso de empoderamiento para encontrar las mejores v\u00edas que lo conduzcan a una cultura de paz y de trabajo\u201d, proclam\u00f3 la doctora Polanco Melo.<\/p>\n","protected":false},"excerpt":{"rendered":"<p>La doctora Emma Polanco Melo, rectora de la Universidad Aut\u00f3noma de Santo Domingo (UASD), mostr\u00f3 su confianza de que el a\u00f1o 2019 ser\u00e1 muy fruct\u00edfero para la casa de altos estudios y para la\u00a0 Rep\u00fablica Dominicana. Asimismo, Polanco Melo se\u00f1al\u00f3\u00a0 que la UASD espera recibir a los 26 mil nuevos estudiantes que eligieron a esta academia para sus estudios con aulas adecuadas y propiciar un clima que garantice la seguridad, la paz y tranquilidad como estandarte de esta gesti\u00f3n. Dijo esperar que a la Primada de Am\u00e9rica le sea asignado un presupuesto justo y adecuado que le permita hacerle frente a los compromisos contra\u00eddos en bien la familia universitaria. Extern\u00f3 su posici\u00f3n al felicitar a la familia uasdiana y al pueblo dominicano con motivo de los d\u00edas navide\u00f1os y la llegada del nuevo a\u00f1o. Al reflexionar sobre el venidero a\u00f1o, la principal funcionaria de la Primada de Am\u00e9rica consider\u00f3 que la sociedad dominicana debe utilizar los aires navide\u00f1os para poner un alto a los feminicidios y la criminalidad que se entronizan en la poblaci\u00f3n. Tambi\u00e9n pidi\u00f3 a la poblaci\u00f3n nacional aprovechar los d\u00edas navide\u00f1os para meditar sobre los principales problemas que afectan a la sociedad actual. En su mensaje navide\u00f1o, la rectora manifest\u00f3 que \u201cdeseo, en sentido particular, que la familia universitaria disfrute en salud y armon\u00eda estas festividades y que reciban el a\u00f1o 2019 en un ambiente rebosante de dicha, ventura personal y noticias gratificantes\u201d. Invoc\u00f3 al Todopoderoso para que colme de amor y bendiciones\u00a0 al pueblo dominicano en el tr\u00e1nsito de un a\u00f1o bueno hacia otro mejor. Sostuvo que la Primada de Am\u00e9rica siempre estar\u00e1 al lado de los sectores nacionales que buscan las mejores propuestas para el bienestar del pa\u00eds. \u201cQuiero mostrar mi convencimiento de que \u2013en el 2019- el pueblo dominicano mantendr\u00e1 su proceso de empoderamiento para encontrar las mejores v\u00edas que lo conduzcan a una cultura de paz y de trabajo\u201d, proclam\u00f3 la doctora Polanco Melo.<\/p>\n","protected":false},"author":3,"featured_media":82551,"comment_status":"open","ping_status":"open","sticky":false,"template":"","format":"standard","meta":{"om_disable_all_campaigns":false,"footnotes":""},"categories":[155],"tags":[],"class_list":["post-82550","post","type-post","status-publish","format-standard","has-post-thumbnail","hentry","category-educacion"],"_links":{"self":[{"href":"https:\/\/conexiondigital.com.do\/index.php\/wp-json\/wp\/v2\/posts\/82550","targetHints":{"allow":["GET"]}}],"collection":[{"href":"https:\/\/conexiondigital.com.do\/index.php\/wp-json\/wp\/v2\/posts"}],"about":[{"href":"https:\/\/conexiondigital.com.do\/index.php\/wp-json\/wp\/v2\/types\/post"}],"author":[{"embeddable":true,"href":"https:\/\/conexiondigital.com.do\/index.php\/wp-json\/wp\/v2\/users\/3"}],"replies":[{"embeddable":true,"href":"https:\/\/conexiondigital.com.do\/index.php\/wp-json\/wp\/v2\/comments?post=82550"}],"version-history":[{"count":1,"href":"https:\/\/conexiondigital.com.do\/index.php\/wp-json\/wp\/v2\/posts\/82550\/revisions"}],"predecessor-version":[{"id":82552,"href":"https:\/\/conexiondigital.com.do\/index.php\/wp-json\/wp\/v2\/posts\/82550\/revisions\/82552"}],"wp:featuredmedia":[{"embeddable":true,"href":"https:\/\/conexiondigital.com.do\/index.php\/wp-json\/wp\/v2\/media\/82551"}],"wp:attachment":[{"href":"https:\/\/conexiondigital.com.do\/index.php\/wp-json\/wp\/v2\/media?parent=82550"}],"wp:term":[{"taxonomy":"category","embeddable":true,"href":"https:\/\/conexiondigital.com.do\/index.php\/wp-json\/wp\/v2\/categories?post=82550"},{"taxonomy":"post_tag","embeddable":true,"href":"https:\/\/conexiondigital.com.do\/index.php\/wp-json\/wp\/v2\/tags?post=82550"}],"curies":[{"name":"wp","href":"https:\/\/api.w.org\/{rel}","templated":true}]}}