{"id":82587,"date":"2018-12-25T22:04:31","date_gmt":"2018-12-26T02:04:31","guid":{"rendered":"http:\/\/conexiondigital.com.do\/?p=82587"},"modified":"2018-12-25T22:09:42","modified_gmt":"2018-12-26T02:09:42","slug":"frente-civico-y-social-deplora-desalojo-llevado-a-cabo-en-los-guandules-y-la-cienaga","status":"publish","type":"post","link":"https:\/\/conexiondigital.com.do\/index.php\/2018\/12\/25\/frente-civico-y-social-deplora-desalojo-llevado-a-cabo-en-los-guandules-y-la-cienaga\/","title":{"rendered":"FCS deplora desalojo llevado a cabo en Los Guandules"},"content":{"rendered":"<p><a href=\"https:\/\/images.conexiondigital.com.do\/wp-content\/uploads\/wp-content\/uploads\/2018\/12\/0-17.jpg\"><img loading=\"lazy\" decoding=\"async\" class=\" wp-image-82588 alignleft\" src=\"https:\/\/images.conexiondigital.com.do\/wp-content\/uploads\/wp-content\/uploads\/2018\/12\/0-17.jpg\" alt=\"\" width=\"351\" height=\"260\" \/><\/a>La organizaci\u00f3n c\u00edvica Frente C\u00edvico y Social deplor\u00f3 el desalojo llevado a cabo por las autoridades en los barrios Los Guandules y La Ci\u00e9naga, el cual dej\u00f3 a decenas de familias sin hogar.<\/p>\n<p>\u201cA los desalojados de los Guandules y la Ci\u00e9naga, estamos conscientes de la gran injusticia cometida en este desalojo conocemos la consecuencias y les advierto que administren de manera austera la compensaci\u00f3n con que le han pagado el estado\u201d expres\u00f3 el doctor Isa\u00edas Ramos, presidente del Frente C\u00edvico y Social.<\/p>\n<p>Ramos expres\u00f3 adem\u00e1s que m\u00e1s tarde que temprano quedaran sin dinero y sin techo \u201cpero les aseguro que tan pronto lleguemos al poder estar\u00e1n dentro de nuestras prioridades junto a los miembros de las Fuerzas Armadas, Educaci\u00f3n, Salud y Polic\u00eda Nacional.<\/p>\n<p>Anunci\u00f3 que una vez en el gobierno, se propone crear el Gran Plan Nacional de Vivienda, a implementar con el apoyo del sector privado y financiero, a trav\u00e9s del cual tendr\u00e1n la oportunidad de que se les haga justicia con viviendas dignas y asequibles a sus posibilidades.<\/p>\n<p>El Frente C\u00edvico y Social se pronunci\u00f3 en estos t\u00e9rminos, al referirse a las familias desalojadas en Los Guandules y La Ci\u00e9naga las cuales son llevadas en camiones con sus ajuares a los lugares donde van a residir y al llegar a su destino se les entrega el cheque por el supuesto valor de la vivienda que ocupaban y que es inmediatamente destruida.<\/p>\n<p>Seg\u00fan lo que se ha informado, el gobierno pretende desalojar unas 25 viviendas por d\u00eda para darle paso al proyecto Nuevo Domingo Savio.<\/p>\n<p>El Frente C\u00edvico y Social est\u00e1 integrado por un grupo de ciudadanos insatisfechos con la crisis que atraviesa nuestro pa\u00eds, y que buscan un cambio positivo para la Rep\u00fablica Dominicana con el fin de retornar al pa\u00eds el Orden, la Justicia y la Igualdad de Oportunidades.<\/p>\n<p>&nbsp;<\/p>\n<p>&nbsp;<\/p>\n","protected":false},"excerpt":{"rendered":"<p>La organizaci\u00f3n c\u00edvica Frente C\u00edvico y Social deplor\u00f3 el desalojo llevado a cabo por las autoridades en los barrios Los Guandules y La Ci\u00e9naga, el cual dej\u00f3 a decenas de familias sin hogar. \u201cA los desalojados de los Guandules y la Ci\u00e9naga, estamos conscientes de la gran injusticia cometida en este desalojo conocemos la consecuencias y les advierto que administren de manera austera la compensaci\u00f3n con que le han pagado el estado\u201d expres\u00f3 el doctor Isa\u00edas Ramos, presidente del Frente C\u00edvico y Social. Ramos expres\u00f3 adem\u00e1s que m\u00e1s tarde que temprano quedaran sin dinero y sin techo \u201cpero les aseguro que tan pronto lleguemos al poder estar\u00e1n dentro de nuestras prioridades junto a los miembros de las Fuerzas Armadas, Educaci\u00f3n, Salud y Polic\u00eda Nacional. Anunci\u00f3 que una vez en el gobierno, se propone crear el Gran Plan Nacional de Vivienda, a implementar con el apoyo del sector privado y financiero, a trav\u00e9s del cual tendr\u00e1n la oportunidad de que se les haga justicia con viviendas dignas y asequibles a sus posibilidades. El Frente C\u00edvico y Social se pronunci\u00f3 en estos t\u00e9rminos, al referirse a las familias desalojadas en Los Guandules y La Ci\u00e9naga las cuales son llevadas en camiones con sus ajuares a los lugares donde van a residir y al llegar a su destino se les entrega el cheque por el supuesto valor de la vivienda que ocupaban y que es inmediatamente destruida. Seg\u00fan lo que se ha informado, el gobierno pretende desalojar unas 25 viviendas por d\u00eda para darle paso al proyecto Nuevo Domingo Savio. El Frente C\u00edvico y Social est\u00e1 integrado por un grupo de ciudadanos insatisfechos con la crisis que atraviesa nuestro pa\u00eds, y que buscan un cambio positivo para la Rep\u00fablica Dominicana con el fin de retornar al pa\u00eds el Orden, la Justicia y la Igualdad de Oportunidades. &nbsp; &nbsp;<\/p>\n","protected":false},"author":1,"featured_media":82589,"comment_status":"open","ping_status":"open","sticky":false,"template":"","format":"standard","meta":{"om_disable_all_campaigns":false,"footnotes":""},"categories":[12],"tags":[],"class_list":["post-82587","post","type-post","status-publish","format-standard","has-post-thumbnail","hentry","category-politic"],"_links":{"self":[{"href":"https:\/\/conexiondigital.com.do\/index.php\/wp-json\/wp\/v2\/posts\/82587","targetHints":{"allow":["GET"]}}],"collection":[{"href":"https:\/\/conexiondigital.com.do\/index.php\/wp-json\/wp\/v2\/posts"}],"about":[{"href":"https:\/\/conexiondigital.com.do\/index.php\/wp-json\/wp\/v2\/types\/post"}],"author":[{"embeddable":true,"href":"https:\/\/conexiondigital.com.do\/index.php\/wp-json\/wp\/v2\/users\/1"}],"replies":[{"embeddable":true,"href":"https:\/\/conexiondigital.com.do\/index.php\/wp-json\/wp\/v2\/comments?post=82587"}],"version-history":[{"count":3,"href":"https:\/\/conexiondigital.com.do\/index.php\/wp-json\/wp\/v2\/posts\/82587\/revisions"}],"predecessor-version":[{"id":82599,"href":"https:\/\/conexiondigital.com.do\/index.php\/wp-json\/wp\/v2\/posts\/82587\/revisions\/82599"}],"wp:featuredmedia":[{"embeddable":true,"href":"https:\/\/conexiondigital.com.do\/index.php\/wp-json\/wp\/v2\/media\/82589"}],"wp:attachment":[{"href":"https:\/\/conexiondigital.com.do\/index.php\/wp-json\/wp\/v2\/media?parent=82587"}],"wp:term":[{"taxonomy":"category","embeddable":true,"href":"https:\/\/conexiondigital.com.do\/index.php\/wp-json\/wp\/v2\/categories?post=82587"},{"taxonomy":"post_tag","embeddable":true,"href":"https:\/\/conexiondigital.com.do\/index.php\/wp-json\/wp\/v2\/tags?post=82587"}],"curies":[{"name":"wp","href":"https:\/\/api.w.org\/{rel}","templated":true}]}}