{"id":82649,"date":"2018-12-27T10:12:09","date_gmt":"2018-12-27T14:12:09","guid":{"rendered":"http:\/\/conexiondigital.com.do\/?p=82649"},"modified":"2018-12-27T10:12:09","modified_gmt":"2018-12-27T14:12:09","slug":"minerd-establece-plan-de-gestion-ambiental-y-riesgos-para-escuelas-con-apoyo-del-pund","status":"publish","type":"post","link":"https:\/\/conexiondigital.com.do\/index.php\/2018\/12\/27\/minerd-establece-plan-de-gestion-ambiental-y-riesgos-para-escuelas-con-apoyo-del-pund\/","title":{"rendered":"MINERD establece plan de gesti\u00f3n ambiental y riesgos para escuelas con apoyo del PUND"},"content":{"rendered":"<p><img loading=\"lazy\" decoding=\"async\" class=\" wp-image-82650 alignleft\" src=\"https:\/\/images.conexiondigital.com.do\/wp-content\/uploads\/wp-content\/uploads\/2018\/12\/GRO_2061-800x494.jpg\" alt=\"\" width=\"655\" height=\"404\" \/>Santo Domingo-En el objetivo de contar con centros educativos m\u00e1s seguros, resilientes, inclusivos y sostenibles, el Ministerio de Educaci\u00f3n culmin\u00f3 la elaboraci\u00f3n del Plan Estrat\u00e9gico de Gesti\u00f3n Ambiental y de Riesgos 2018-2020, con el acompa\u00f1amiento t\u00e9cnico del Programa de las Naciones Unidas para el Desarrollo (PNUD), en el marco de un acuerdo interinstitucional impulsado por el ministro Andr\u00e9s Navarro en aras de garantizar la protecci\u00f3n de los estudiantes, docentes y personal administrativo de los planteles escolares.<\/p>\n<p>La elaboraci\u00f3n del plan estuvo a cargo del equipo de la Direcci\u00f3n General de Gesti\u00f3n Ambiental y de Riesgos del Ministerio de Educaci\u00f3n, encabezada por el Ing. Jos\u00e9 Miguel Mart\u00ednez, con el apoyo y asesor\u00eda del PNUD, y es el producto de un amplio proceso de consultas con los actores de la comunidad educativa y consultores internaciones.<\/p>\n<p>Durante la entrega del plan al ministro Andr\u00e9s Navarro, el funcionario expuso que \u201cel paso que estamos dando es dejando institucionalizada la pol\u00edtica del ministerio en materia de gesti\u00f3n ambiental y de riesgos\u201d. Agradeci\u00f3 al PNUD por la asistencia brindada, no s\u00f3lo para la formulaci\u00f3n del plan, sino, adem\u00e1s, en la atenci\u00f3n oportuna en m\u00faltiples situaciones lamentables que se han suscitado con estudiantes y docentes en los planteles educativos.<\/p>\n<p>Sostuvo que el reto es tambi\u00e9n elaborar una estrategia para socializar el plan para que no se quede solamente como un instrumento de la Direcci\u00f3n Ambiental y de Riesgos, sino que debe ser un instrumento cotidiano de toda la escuela dominicana y de los equipos de gesti\u00f3n en todo el territorio nacional.<\/p>\n<p>Navarro solicit\u00f3 que no quede en el olvido, que una situaci\u00f3n lamentable como el accidente ocurrido con la ni\u00f1a Sunelly Arias, de 12 a\u00f1os, que muri\u00f3 electrocutada en una escuela en Villa Mella, dio origen a que tomara la decisi\u00f3n de elaborar el plan.<\/p>\n","protected":false},"excerpt":{"rendered":"<p>Santo Domingo-En el objetivo de contar con centros educativos m\u00e1s seguros, resilientes, inclusivos y sostenibles, el Ministerio de Educaci\u00f3n culmin\u00f3 la elaboraci\u00f3n del Plan Estrat\u00e9gico de Gesti\u00f3n Ambiental y de Riesgos 2018-2020, con el acompa\u00f1amiento t\u00e9cnico del Programa de las Naciones Unidas para el Desarrollo (PNUD), en el marco de un acuerdo interinstitucional impulsado por el ministro Andr\u00e9s Navarro en aras de garantizar la protecci\u00f3n de los estudiantes, docentes y personal administrativo de los planteles escolares. La elaboraci\u00f3n del plan estuvo a cargo del equipo de la Direcci\u00f3n General de Gesti\u00f3n Ambiental y de Riesgos del Ministerio de Educaci\u00f3n, encabezada por el Ing. Jos\u00e9 Miguel Mart\u00ednez, con el apoyo y asesor\u00eda del PNUD, y es el producto de un amplio proceso de consultas con los actores de la comunidad educativa y consultores internaciones. Durante la entrega del plan al ministro Andr\u00e9s Navarro, el funcionario expuso que \u201cel paso que estamos dando es dejando institucionalizada la pol\u00edtica del ministerio en materia de gesti\u00f3n ambiental y de riesgos\u201d. Agradeci\u00f3 al PNUD por la asistencia brindada, no s\u00f3lo para la formulaci\u00f3n del plan, sino, adem\u00e1s, en la atenci\u00f3n oportuna en m\u00faltiples situaciones lamentables que se han suscitado con estudiantes y docentes en los planteles educativos. Sostuvo que el reto es tambi\u00e9n elaborar una estrategia para socializar el plan para que no se quede solamente como un instrumento de la Direcci\u00f3n Ambiental y de Riesgos, sino que debe ser un instrumento cotidiano de toda la escuela dominicana y de los equipos de gesti\u00f3n en todo el territorio nacional. Navarro solicit\u00f3 que no quede en el olvido, que una situaci\u00f3n lamentable como el accidente ocurrido con la ni\u00f1a Sunelly Arias, de 12 a\u00f1os, que muri\u00f3 electrocutada en una escuela en Villa Mella, dio origen a que tomara la decisi\u00f3n de elaborar el plan.<\/p>\n","protected":false},"author":1,"featured_media":82650,"comment_status":"open","ping_status":"open","sticky":false,"template":"","format":"standard","meta":{"om_disable_all_campaigns":false,"footnotes":""},"categories":[155],"tags":[],"class_list":["post-82649","post","type-post","status-publish","format-standard","has-post-thumbnail","hentry","category-educacion"],"_links":{"self":[{"href":"https:\/\/conexiondigital.com.do\/index.php\/wp-json\/wp\/v2\/posts\/82649","targetHints":{"allow":["GET"]}}],"collection":[{"href":"https:\/\/conexiondigital.com.do\/index.php\/wp-json\/wp\/v2\/posts"}],"about":[{"href":"https:\/\/conexiondigital.com.do\/index.php\/wp-json\/wp\/v2\/types\/post"}],"author":[{"embeddable":true,"href":"https:\/\/conexiondigital.com.do\/index.php\/wp-json\/wp\/v2\/users\/1"}],"replies":[{"embeddable":true,"href":"https:\/\/conexiondigital.com.do\/index.php\/wp-json\/wp\/v2\/comments?post=82649"}],"version-history":[{"count":1,"href":"https:\/\/conexiondigital.com.do\/index.php\/wp-json\/wp\/v2\/posts\/82649\/revisions"}],"predecessor-version":[{"id":82651,"href":"https:\/\/conexiondigital.com.do\/index.php\/wp-json\/wp\/v2\/posts\/82649\/revisions\/82651"}],"wp:featuredmedia":[{"embeddable":true,"href":"https:\/\/conexiondigital.com.do\/index.php\/wp-json\/wp\/v2\/media\/82650"}],"wp:attachment":[{"href":"https:\/\/conexiondigital.com.do\/index.php\/wp-json\/wp\/v2\/media?parent=82649"}],"wp:term":[{"taxonomy":"category","embeddable":true,"href":"https:\/\/conexiondigital.com.do\/index.php\/wp-json\/wp\/v2\/categories?post=82649"},{"taxonomy":"post_tag","embeddable":true,"href":"https:\/\/conexiondigital.com.do\/index.php\/wp-json\/wp\/v2\/tags?post=82649"}],"curies":[{"name":"wp","href":"https:\/\/api.w.org\/{rel}","templated":true}]}}