{"id":83068,"date":"2019-01-07T11:59:43","date_gmt":"2019-01-07T15:59:43","guid":{"rendered":"http:\/\/conexiondigital.com.do\/?p=83068"},"modified":"2019-01-07T11:59:43","modified_gmt":"2019-01-07T15:59:43","slug":"asistencia-estudiantil-del-regreso-a-clase-del-sector-san-carlos-estuvo-reducida-a-un-25","status":"publish","type":"post","link":"https:\/\/conexiondigital.com.do\/index.php\/2019\/01\/07\/asistencia-estudiantil-del-regreso-a-clase-del-sector-san-carlos-estuvo-reducida-a-un-25\/","title":{"rendered":"Asistencia estudiantil del regreso a clase del sector San Carlos estuvo reducida a un 25%"},"content":{"rendered":"<p><img loading=\"lazy\" decoding=\"async\" class=\"size-medium wp-image-83070 alignleft\" src=\"https:\/\/images.conexiondigital.com.do\/wp-content\/uploads\/wp-content\/uploads\/2019\/01\/8c333f3d-b124-4fb3-bbb3-9ffeaffcbe22-450x800.jpg\" alt=\"\" width=\"450\" height=\"800\" \/>Santo Domingo-El regreso a clase en las aulas de la escuela \u00a0Rep\u00fablica de Chile en el sector San Carlos, estuvo reducida a un 25% del estudiantado seg\u00fan expres\u00f3 la directora Elizabeth Michel Mustaf\u00e1.<\/p>\n<p>La directora hizo un llamado a los padres para que integren sus hijos a las actividades escolares, por la m\u00ednima asistencia pese al llamado que realizo el ministro de educaci\u00f3n Andr\u00e9s navarro.<\/p>\n<p>Se recuerda que las clases iniciaron en el d\u00eda hoy luego del asueto con motivo a las festividades navide\u00f1as. \u00a0Al concluir las festividades de Navidad, fin de a\u00f1o y de los Reyes Magos, el ministro de Educaci\u00f3n, Andr\u00e9s Navarro exhort\u00f3 a toda la familia dominicana a enviar sus hijos con puntualidad a los centros educativos este lunes 7 de enero, para retomar el presente a\u00f1o escolar y aprovechar al m\u00e1ximo la inversi\u00f3n y el tiempo de la Revoluci\u00f3n Educativa que impulsa el presidente Danilo Medina.<\/p>\n<p>Navarro dijo que los planteles escolares est\u00e1n listos para el regreso a clases de los m\u00e1s de 2.8 millones de estudiantes de los centros educativos p\u00fablicos y privados en todo el territorio nacional, por lo que apela a los padres de los estudiantes para que los env\u00eden puntualmente, con entusiasmo y amor, \u201cen esta nueva realidad de transformaci\u00f3n e impulso que vive la escuela dominicana\u201d.<\/p>\n<p>En un mensaje dirigido a los estudiantes, docentes, personal administrativo y las familias, Navarro aprovech\u00f3 la ocasi\u00f3n para augurar el mayor de los \u00e9xitos a toda la comunidad educativa en el nuevo a\u00f1o 2019, dese\u00e1ndole que logre el mejor provecho de las grandes iniciativas que se implementar\u00e1n desde el Ministerio de Educaci\u00f3n, en el objetivo fundamental de optimizar en calidad, el proceso ense\u00f1anza-aprendizaje.<\/p>\n","protected":false},"excerpt":{"rendered":"<p>Santo Domingo-El regreso a clase en las aulas de la escuela \u00a0Rep\u00fablica de Chile en el sector San Carlos, estuvo reducida a un 25% del estudiantado seg\u00fan expres\u00f3 la directora Elizabeth Michel Mustaf\u00e1. La directora hizo un llamado a los padres para que integren sus hijos a las actividades escolares, por la m\u00ednima asistencia pese al llamado que realizo el ministro de educaci\u00f3n Andr\u00e9s navarro. Se recuerda que las clases iniciaron en el d\u00eda hoy luego del asueto con motivo a las festividades navide\u00f1as. \u00a0Al concluir las festividades de Navidad, fin de a\u00f1o y de los Reyes Magos, el ministro de Educaci\u00f3n, Andr\u00e9s Navarro exhort\u00f3 a toda la familia dominicana a enviar sus hijos con puntualidad a los centros educativos este lunes 7 de enero, para retomar el presente a\u00f1o escolar y aprovechar al m\u00e1ximo la inversi\u00f3n y el tiempo de la Revoluci\u00f3n Educativa que impulsa el presidente Danilo Medina. Navarro dijo que los planteles escolares est\u00e1n listos para el regreso a clases de los m\u00e1s de 2.8 millones de estudiantes de los centros educativos p\u00fablicos y privados en todo el territorio nacional, por lo que apela a los padres de los estudiantes para que los env\u00eden puntualmente, con entusiasmo y amor, \u201cen esta nueva realidad de transformaci\u00f3n e impulso que vive la escuela dominicana\u201d. En un mensaje dirigido a los estudiantes, docentes, personal administrativo y las familias, Navarro aprovech\u00f3 la ocasi\u00f3n para augurar el mayor de los \u00e9xitos a toda la comunidad educativa en el nuevo a\u00f1o 2019, dese\u00e1ndole que logre el mejor provecho de las grandes iniciativas que se implementar\u00e1n desde el Ministerio de Educaci\u00f3n, en el objetivo fundamental de optimizar en calidad, el proceso ense\u00f1anza-aprendizaje.<\/p>\n","protected":false},"author":1,"featured_media":83070,"comment_status":"open","ping_status":"open","sticky":false,"template":"","format":"standard","meta":{"om_disable_all_campaigns":false,"footnotes":""},"categories":[155],"tags":[],"class_list":["post-83068","post","type-post","status-publish","format-standard","has-post-thumbnail","hentry","category-educacion"],"_links":{"self":[{"href":"https:\/\/conexiondigital.com.do\/index.php\/wp-json\/wp\/v2\/posts\/83068","targetHints":{"allow":["GET"]}}],"collection":[{"href":"https:\/\/conexiondigital.com.do\/index.php\/wp-json\/wp\/v2\/posts"}],"about":[{"href":"https:\/\/conexiondigital.com.do\/index.php\/wp-json\/wp\/v2\/types\/post"}],"author":[{"embeddable":true,"href":"https:\/\/conexiondigital.com.do\/index.php\/wp-json\/wp\/v2\/users\/1"}],"replies":[{"embeddable":true,"href":"https:\/\/conexiondigital.com.do\/index.php\/wp-json\/wp\/v2\/comments?post=83068"}],"version-history":[{"count":1,"href":"https:\/\/conexiondigital.com.do\/index.php\/wp-json\/wp\/v2\/posts\/83068\/revisions"}],"predecessor-version":[{"id":83071,"href":"https:\/\/conexiondigital.com.do\/index.php\/wp-json\/wp\/v2\/posts\/83068\/revisions\/83071"}],"wp:featuredmedia":[{"embeddable":true,"href":"https:\/\/conexiondigital.com.do\/index.php\/wp-json\/wp\/v2\/media\/83070"}],"wp:attachment":[{"href":"https:\/\/conexiondigital.com.do\/index.php\/wp-json\/wp\/v2\/media?parent=83068"}],"wp:term":[{"taxonomy":"category","embeddable":true,"href":"https:\/\/conexiondigital.com.do\/index.php\/wp-json\/wp\/v2\/categories?post=83068"},{"taxonomy":"post_tag","embeddable":true,"href":"https:\/\/conexiondigital.com.do\/index.php\/wp-json\/wp\/v2\/tags?post=83068"}],"curies":[{"name":"wp","href":"https:\/\/api.w.org\/{rel}","templated":true}]}}