{"id":83074,"date":"2019-01-07T12:12:05","date_gmt":"2019-01-07T16:12:05","guid":{"rendered":"http:\/\/conexiondigital.com.do\/?p=83074"},"modified":"2019-01-07T12:12:17","modified_gmt":"2019-01-07T16:12:17","slug":"ministro-andres-navarro-exhorta-familias-enviar-sus-hijos-puntualmente-a-clase-este-07-enero","status":"publish","type":"post","link":"https:\/\/conexiondigital.com.do\/index.php\/2019\/01\/07\/ministro-andres-navarro-exhorta-familias-enviar-sus-hijos-puntualmente-a-clase-este-07-enero\/","title":{"rendered":"Ministro Andres Navarro exhorta familias enviar sus hijos puntualmente a clase este 07 Enero"},"content":{"rendered":"<p><img loading=\"lazy\" decoding=\"async\" class=\" wp-image-83075 alignleft\" src=\"https:\/\/images.conexiondigital.com.do\/wp-content\/uploads\/wp-content\/uploads\/2019\/01\/239a07c37113d2214a5da46f12a6ed8a26ee4737vmv-5392jpg-800x629.jpg\" alt=\"\" width=\"654\" height=\"514\" \/>Santo Domingo-Al concluir las festividades de Navidad, fin de a\u00f1o y de los Reyes Magos, el ministro de Educaci\u00f3n, Andr\u00e9s Navarro exhort\u00f3 a toda la familia dominicana a enviar sus hijos con puntualidad a los centros educativos\u00a0este lunes 7 de enero, para retomar el presente a\u00f1o escolar y aprovechar al m\u00e1ximo la inversi\u00f3n y el tiempo de la Revoluci\u00f3n Educativa que impulsa el presidente Danilo Medina.<\/p>\n<p>Navarro dijo que los planteles escolares est\u00e1n listos para el regreso a clases de los m\u00e1s de 2.8 millones de estudiantes de los centros educativos p\u00fablicos y privados en todo el territorio nacional, por lo que apela a los padres de los estudiantes para que los env\u00eden puntualmente, con entusiasmo y amor, \u201cen esta nueva realidad de transformaci\u00f3n e impulso que vive la escuela dominicana\u201d.<\/p>\n<p>En un mensaje dirigido a los estudiantes, docentes, personal administrativo y las familias, Navarro aprovech\u00f3 la ocasi\u00f3n para augurar el mayor de los \u00e9xitos a toda la comunidad educativa en el nuevo a\u00f1o 2019, dese\u00e1ndole que logre el mejor provecho de las grandes iniciativas que se implementar\u00e1n desde el Ministerio de Educaci\u00f3n, en el objetivo fundamental de optimizar en calidad, el proceso ense\u00f1anza-aprendizaje.<\/p>\n<p>Expuso que la Revoluci\u00f3n Educativa que con tanta voluntad pol\u00edtica impulsa el presidente Danilo Medina \u201ctrae consigo este nuevo a\u00f1o, grandiosas iniciativas sin precedentes que fortalecer\u00e1n la calidad de la educaci\u00f3n, y para eso debemos reiniciar la docencia puntualmente\u00a0este lunes 7, con mucho entusiasmo de nuestros estudiantes, maestros, personal administrativo y las familias\u201d.<\/p>\n<p>El ministro Navarro se\u00f1al\u00f3 que los centros educativos y su personal docente y administrativo esperan recibir a los cerca de tres millones de estudiantes, entusiasmados y decididos a seguir avanzando \u201ctarea para la cual tambi\u00e9n contaremos con el valioso y gran compromiso de todas las familias para asegurarse que sus hijos lleguen puntualmente a las escuelas\u2026 Les esperamos a todos\u201d.<\/p>\n<p>Indic\u00f3 que los avances alcanzados por el sistema educativo durante el pasado a\u00f1o por la mejora de la calidad de la ense\u00f1anza-aprendizaje, en \u00e1reas como la capacitaci\u00f3n docente, entrega de cientos de escuelas, el fortalecimiento institucional del Ministerio de Educaci\u00f3n, la implementaci\u00f3n del programa Rep\u00fablica Digital, y muchos otros m\u00e1s, ser\u00e1n reforzados y, con el concurso de todos los sectores que inciden en el tema educativo, este 2019 ser\u00e1 el a\u00f1o del brillo de la educaci\u00f3n dominicana.<\/p>\n<p>&nbsp;<\/p>\n","protected":false},"excerpt":{"rendered":"<p>Santo Domingo-Al concluir las festividades de Navidad, fin de a\u00f1o y de los Reyes Magos, el ministro de Educaci\u00f3n, Andr\u00e9s Navarro exhort\u00f3 a toda la familia dominicana a enviar sus hijos con puntualidad a los centros educativos\u00a0este lunes 7 de enero, para retomar el presente a\u00f1o escolar y aprovechar al m\u00e1ximo la inversi\u00f3n y el tiempo de la Revoluci\u00f3n Educativa que impulsa el presidente Danilo Medina. Navarro dijo que los planteles escolares est\u00e1n listos para el regreso a clases de los m\u00e1s de 2.8 millones de estudiantes de los centros educativos p\u00fablicos y privados en todo el territorio nacional, por lo que apela a los padres de los estudiantes para que los env\u00eden puntualmente, con entusiasmo y amor, \u201cen esta nueva realidad de transformaci\u00f3n e impulso que vive la escuela dominicana\u201d. En un mensaje dirigido a los estudiantes, docentes, personal administrativo y las familias, Navarro aprovech\u00f3 la ocasi\u00f3n para augurar el mayor de los \u00e9xitos a toda la comunidad educativa en el nuevo a\u00f1o 2019, dese\u00e1ndole que logre el mejor provecho de las grandes iniciativas que se implementar\u00e1n desde el Ministerio de Educaci\u00f3n, en el objetivo fundamental de optimizar en calidad, el proceso ense\u00f1anza-aprendizaje. Expuso que la Revoluci\u00f3n Educativa que con tanta voluntad pol\u00edtica impulsa el presidente Danilo Medina \u201ctrae consigo este nuevo a\u00f1o, grandiosas iniciativas sin precedentes que fortalecer\u00e1n la calidad de la educaci\u00f3n, y para eso debemos reiniciar la docencia puntualmente\u00a0este lunes 7, con mucho entusiasmo de nuestros estudiantes, maestros, personal administrativo y las familias\u201d. El ministro Navarro se\u00f1al\u00f3 que los centros educativos y su personal docente y administrativo esperan recibir a los cerca de tres millones de estudiantes, entusiasmados y decididos a seguir avanzando \u201ctarea para la cual tambi\u00e9n contaremos con el valioso y gran compromiso de todas las familias para asegurarse que sus hijos lleguen puntualmente a las escuelas\u2026 Les esperamos a todos\u201d. Indic\u00f3 que los avances alcanzados por el sistema educativo durante el pasado a\u00f1o por la mejora de la calidad de la ense\u00f1anza-aprendizaje, en \u00e1reas como la capacitaci\u00f3n docente, entrega de cientos de escuelas, el fortalecimiento institucional del Ministerio de Educaci\u00f3n, la implementaci\u00f3n del programa Rep\u00fablica Digital, y muchos otros m\u00e1s, ser\u00e1n reforzados y, con el concurso de todos los sectores que inciden en el tema educativo, este 2019 ser\u00e1 el a\u00f1o del brillo de la educaci\u00f3n dominicana. &nbsp;<\/p>\n","protected":false},"author":1,"featured_media":83075,"comment_status":"open","ping_status":"open","sticky":false,"template":"","format":"standard","meta":{"om_disable_all_campaigns":false,"footnotes":""},"categories":[155],"tags":[],"class_list":["post-83074","post","type-post","status-publish","format-standard","has-post-thumbnail","hentry","category-educacion"],"_links":{"self":[{"href":"https:\/\/conexiondigital.com.do\/index.php\/wp-json\/wp\/v2\/posts\/83074","targetHints":{"allow":["GET"]}}],"collection":[{"href":"https:\/\/conexiondigital.com.do\/index.php\/wp-json\/wp\/v2\/posts"}],"about":[{"href":"https:\/\/conexiondigital.com.do\/index.php\/wp-json\/wp\/v2\/types\/post"}],"author":[{"embeddable":true,"href":"https:\/\/conexiondigital.com.do\/index.php\/wp-json\/wp\/v2\/users\/1"}],"replies":[{"embeddable":true,"href":"https:\/\/conexiondigital.com.do\/index.php\/wp-json\/wp\/v2\/comments?post=83074"}],"version-history":[{"count":1,"href":"https:\/\/conexiondigital.com.do\/index.php\/wp-json\/wp\/v2\/posts\/83074\/revisions"}],"predecessor-version":[{"id":83076,"href":"https:\/\/conexiondigital.com.do\/index.php\/wp-json\/wp\/v2\/posts\/83074\/revisions\/83076"}],"wp:featuredmedia":[{"embeddable":true,"href":"https:\/\/conexiondigital.com.do\/index.php\/wp-json\/wp\/v2\/media\/83075"}],"wp:attachment":[{"href":"https:\/\/conexiondigital.com.do\/index.php\/wp-json\/wp\/v2\/media?parent=83074"}],"wp:term":[{"taxonomy":"category","embeddable":true,"href":"https:\/\/conexiondigital.com.do\/index.php\/wp-json\/wp\/v2\/categories?post=83074"},{"taxonomy":"post_tag","embeddable":true,"href":"https:\/\/conexiondigital.com.do\/index.php\/wp-json\/wp\/v2\/tags?post=83074"}],"curies":[{"name":"wp","href":"https:\/\/api.w.org\/{rel}","templated":true}]}}