{"id":83199,"date":"2019-01-09T09:25:00","date_gmt":"2019-01-09T13:25:00","guid":{"rendered":"http:\/\/conexiondigital.com.do\/?p=83199"},"modified":"2019-01-10T12:23:44","modified_gmt":"2019-01-10T16:23:44","slug":"prm-y-alpais-responden-a-versiones-de-reeleccion","status":"publish","type":"post","link":"https:\/\/conexiondigital.com.do\/index.php\/2019\/01\/09\/prm-y-alpais-responden-a-versiones-de-reeleccion\/","title":{"rendered":"PRM y Alpa\u00eds responden a versiones de reelecci\u00f3n"},"content":{"rendered":"<p><img loading=\"lazy\" decoding=\"async\" class=\" wp-image-83200 alignleft\" src=\"https:\/\/images.conexiondigital.com.do\/wp-content\/uploads\/2019\/01\/alpais-y-prm_11103520_20190108174207.jpg\" alt=\"\" width=\"342\" height=\"273\" \/>Los presidentes de los partidos opositores Revolucionario Moderno (PRM) y Alianza Pa\u00eds (Alpa\u00eds), salieron ayer al frente de los versiones que dan cuenta habr\u00eda un reparto millonario para facilitar la modificaci\u00f3n de la Constituci\u00f3n de la Rep\u00fablica.<\/p>\n<p>Jos\u00e9 Ignacio Paliza, del PRM, sostuvo que no le consta que existan esfuerzos de esa naturaleza en el Congreso Nacional, para que se permita la repostulaci\u00f3n del presidente Danilo Medina.<\/p>\n<p>Asegur\u00f3 que los pelede\u00edstas no cuentan con los votos necesarios para lograrlo, y que m\u00e1s all\u00e1 de ello, el 70% de la poblaci\u00f3n quiere un cambio para el a\u00f1o 2020.<\/p>\n<p>\u201cFrente a esa realidad nadie detiene la posibilidad de que en la Rep\u00fablica Dominicana en el 2020 haya un cambio de direcci\u00f3n y en el rumbo del Estado\u201d, dijo.<\/p>\n<p>Guillermo Moreno, de Alpa\u00eds, consider\u00f3 que no hay forma de modificar la Constituci\u00f3n de la Rep\u00fablica, que no sea con la compra de legisladores.<\/p>\n<p>\u201cDetr\u00e1s de ese presupuesto que se va a financiar con endeudamiento externo, van a utilizar tambi\u00e9n esos recursos precisamente para tratar de comprar legisladores y tratar de modificar la Constituci\u00f3n\u201d, asever\u00f3.<\/p>\n<p>Advirti\u00f3 que eso ser\u00eda un atropello a la institucionalidad y la democracia, y de hacerse crear\u00eda una crisis pol\u00edtica de gran calado, \u201cporque este pa\u00eds no puede permitir que se siga pisoteando la voluntad ciudadana y la Constituci\u00f3n dominicana\u201d.<\/p>\n<p>\u201cPor eso tenemos que estar alerta y todos los dominicanos que nos duele este pa\u00eds, tenemos que estar alerta para evitar y para movilizarnos, de ser necesario, en caso de que un atropello de ese tipo se cometa en nuestro pa\u00eds. Ya Danilo Medina nos enga\u00f1\u00f3 una vez, no podemos permitir que nos enga\u00f1e una segunda vez\u201d, concluy\u00f3.<\/p>\n","protected":false},"excerpt":{"rendered":"<p>Los presidentes de los partidos opositores Revolucionario Moderno (PRM) y Alianza Pa\u00eds (Alpa\u00eds), salieron ayer al frente de los versiones que dan cuenta habr\u00eda un reparto millonario para facilitar la modificaci\u00f3n de la Constituci\u00f3n de la Rep\u00fablica. Jos\u00e9 Ignacio Paliza, del PRM, sostuvo que no le consta que existan esfuerzos de esa naturaleza en el Congreso Nacional, para que se permita la repostulaci\u00f3n del presidente Danilo Medina. Asegur\u00f3 que los pelede\u00edstas no cuentan con los votos necesarios para lograrlo, y que m\u00e1s all\u00e1 de ello, el 70% de la poblaci\u00f3n quiere un cambio para el a\u00f1o 2020. \u201cFrente a esa realidad nadie detiene la posibilidad de que en la Rep\u00fablica Dominicana en el 2020 haya un cambio de direcci\u00f3n y en el rumbo del Estado\u201d, dijo. Guillermo Moreno, de Alpa\u00eds, consider\u00f3 que no hay forma de modificar la Constituci\u00f3n de la Rep\u00fablica, que no sea con la compra de legisladores. \u201cDetr\u00e1s de ese presupuesto que se va a financiar con endeudamiento externo, van a utilizar tambi\u00e9n esos recursos precisamente para tratar de comprar legisladores y tratar de modificar la Constituci\u00f3n\u201d, asever\u00f3. Advirti\u00f3 que eso ser\u00eda un atropello a la institucionalidad y la democracia, y de hacerse crear\u00eda una crisis pol\u00edtica de gran calado, \u201cporque este pa\u00eds no puede permitir que se siga pisoteando la voluntad ciudadana y la Constituci\u00f3n dominicana\u201d. \u201cPor eso tenemos que estar alerta y todos los dominicanos que nos duele este pa\u00eds, tenemos que estar alerta para evitar y para movilizarnos, de ser necesario, en caso de que un atropello de ese tipo se cometa en nuestro pa\u00eds. Ya Danilo Medina nos enga\u00f1\u00f3 una vez, no podemos permitir que nos enga\u00f1e una segunda vez\u201d, concluy\u00f3.<\/p>\n","protected":false},"author":1,"featured_media":83200,"comment_status":"open","ping_status":"open","sticky":false,"template":"","format":"standard","meta":{"om_disable_all_campaigns":false,"footnotes":""},"categories":[12],"tags":[],"class_list":["post-83199","post","type-post","status-publish","format-standard","has-post-thumbnail","hentry","category-politic"],"_links":{"self":[{"href":"https:\/\/conexiondigital.com.do\/index.php\/wp-json\/wp\/v2\/posts\/83199","targetHints":{"allow":["GET"]}}],"collection":[{"href":"https:\/\/conexiondigital.com.do\/index.php\/wp-json\/wp\/v2\/posts"}],"about":[{"href":"https:\/\/conexiondigital.com.do\/index.php\/wp-json\/wp\/v2\/types\/post"}],"author":[{"embeddable":true,"href":"https:\/\/conexiondigital.com.do\/index.php\/wp-json\/wp\/v2\/users\/1"}],"replies":[{"embeddable":true,"href":"https:\/\/conexiondigital.com.do\/index.php\/wp-json\/wp\/v2\/comments?post=83199"}],"version-history":[{"count":2,"href":"https:\/\/conexiondigital.com.do\/index.php\/wp-json\/wp\/v2\/posts\/83199\/revisions"}],"predecessor-version":[{"id":83299,"href":"https:\/\/conexiondigital.com.do\/index.php\/wp-json\/wp\/v2\/posts\/83199\/revisions\/83299"}],"wp:featuredmedia":[{"embeddable":true,"href":"https:\/\/conexiondigital.com.do\/index.php\/wp-json\/wp\/v2\/media\/83200"}],"wp:attachment":[{"href":"https:\/\/conexiondigital.com.do\/index.php\/wp-json\/wp\/v2\/media?parent=83199"}],"wp:term":[{"taxonomy":"category","embeddable":true,"href":"https:\/\/conexiondigital.com.do\/index.php\/wp-json\/wp\/v2\/categories?post=83199"},{"taxonomy":"post_tag","embeddable":true,"href":"https:\/\/conexiondigital.com.do\/index.php\/wp-json\/wp\/v2\/tags?post=83199"}],"curies":[{"name":"wp","href":"https:\/\/api.w.org\/{rel}","templated":true}]}}