{"id":83225,"date":"2019-01-09T10:49:34","date_gmt":"2019-01-09T14:49:34","guid":{"rendered":"http:\/\/conexiondigital.com.do\/?p=83225"},"modified":"2019-01-09T10:50:04","modified_gmt":"2019-01-09T14:50:04","slug":"oci-del-minerd-conmemora-con-una-misa-17-aniversario","status":"publish","type":"post","link":"https:\/\/conexiondigital.com.do\/index.php\/2019\/01\/09\/oci-del-minerd-conmemora-con-una-misa-17-aniversario\/","title":{"rendered":"OCI del MINERD conmemora con una misa 17 aniversario"},"content":{"rendered":"<p><img loading=\"lazy\" decoding=\"async\" class=\" wp-image-83230 alignleft\" src=\"https:\/\/images.conexiondigital.com.do\/wp-content\/uploads\/wp-content\/uploads\/2019\/01\/Fachada-Educaci\u00f3n-1.jpg\" alt=\"\" width=\"442\" height=\"293\" \/>Santo Domingo- Con la presencia de empleados de la Oficina de Cooperaci\u00f3n internacional (OCI)del Ministerio de Educaci\u00f3n (MINERD),\u00a0 que dirige Rosa Maria Kasse, se realizo la misa en conmemoraci\u00f3n al 17 aniversario de la fundaci\u00f3n de la instituci\u00f3n.<\/p>\n<p>Acto que encabezo el Sacerdote Jos\u00e9 manuel Rodr\u00edguez de la Parroquia Santo Tom\u00e1s de Aquino .<\/p>\n<p>La Directora sostuvo que la Oficina de Cooperaci\u00f3n\u00a0 Internacional es la unidad responsable de articular y coordinar los proyectos y programas de la cooperaci\u00f3n de manera participativa y cuenten con el efectivo apoyo de las direcciones u organizaciones o beneficiarios.<\/p>\n<p>Maria valor\u00f3 en materia de educaci\u00f3n como positivo el a\u00f1o 2018. Rosa mar\u00eda Kasse, asegur\u00f3 que en este a\u00f1o 2019 se seguir\u00e1 fomentando el desarrollo en la primera infancia atreves del INAIPI.<\/p>\n<p>&nbsp;<\/p>\n<p>&nbsp;<\/p>\n<p>&nbsp;<\/p>\n<p>&nbsp;<\/p>\n","protected":false},"excerpt":{"rendered":"<p>Santo Domingo- Con la presencia de empleados de la Oficina de Cooperaci\u00f3n internacional (OCI)del Ministerio de Educaci\u00f3n (MINERD),\u00a0 que dirige Rosa Maria Kasse, se realizo la misa en conmemoraci\u00f3n al 17 aniversario de la fundaci\u00f3n de la instituci\u00f3n. Acto que encabezo el Sacerdote Jos\u00e9 manuel Rodr\u00edguez de la Parroquia Santo Tom\u00e1s de Aquino . La Directora sostuvo que la Oficina de Cooperaci\u00f3n\u00a0 Internacional es la unidad responsable de articular y coordinar los proyectos y programas de la cooperaci\u00f3n de manera participativa y cuenten con el efectivo apoyo de las direcciones u organizaciones o beneficiarios. Maria valor\u00f3 en materia de educaci\u00f3n como positivo el a\u00f1o 2018. Rosa mar\u00eda Kasse, asegur\u00f3 que en este a\u00f1o 2019 se seguir\u00e1 fomentando el desarrollo en la primera infancia atreves del INAIPI. &nbsp; &nbsp; &nbsp; &nbsp;<\/p>\n","protected":false},"author":1,"featured_media":83230,"comment_status":"open","ping_status":"open","sticky":false,"template":"","format":"standard","meta":{"om_disable_all_campaigns":false,"footnotes":""},"categories":[155],"tags":[],"class_list":["post-83225","post","type-post","status-publish","format-standard","has-post-thumbnail","hentry","category-educacion"],"_links":{"self":[{"href":"https:\/\/conexiondigital.com.do\/index.php\/wp-json\/wp\/v2\/posts\/83225","targetHints":{"allow":["GET"]}}],"collection":[{"href":"https:\/\/conexiondigital.com.do\/index.php\/wp-json\/wp\/v2\/posts"}],"about":[{"href":"https:\/\/conexiondigital.com.do\/index.php\/wp-json\/wp\/v2\/types\/post"}],"author":[{"embeddable":true,"href":"https:\/\/conexiondigital.com.do\/index.php\/wp-json\/wp\/v2\/users\/1"}],"replies":[{"embeddable":true,"href":"https:\/\/conexiondigital.com.do\/index.php\/wp-json\/wp\/v2\/comments?post=83225"}],"version-history":[{"count":2,"href":"https:\/\/conexiondigital.com.do\/index.php\/wp-json\/wp\/v2\/posts\/83225\/revisions"}],"predecessor-version":[{"id":83232,"href":"https:\/\/conexiondigital.com.do\/index.php\/wp-json\/wp\/v2\/posts\/83225\/revisions\/83232"}],"wp:featuredmedia":[{"embeddable":true,"href":"https:\/\/conexiondigital.com.do\/index.php\/wp-json\/wp\/v2\/media\/83230"}],"wp:attachment":[{"href":"https:\/\/conexiondigital.com.do\/index.php\/wp-json\/wp\/v2\/media?parent=83225"}],"wp:term":[{"taxonomy":"category","embeddable":true,"href":"https:\/\/conexiondigital.com.do\/index.php\/wp-json\/wp\/v2\/categories?post=83225"},{"taxonomy":"post_tag","embeddable":true,"href":"https:\/\/conexiondigital.com.do\/index.php\/wp-json\/wp\/v2\/tags?post=83225"}],"curies":[{"name":"wp","href":"https:\/\/api.w.org\/{rel}","templated":true}]}}