{"id":83537,"date":"2019-01-15T11:35:53","date_gmt":"2019-01-15T15:35:53","guid":{"rendered":"http:\/\/conexiondigital.com.do\/?p=83537"},"modified":"2019-01-15T11:36:07","modified_gmt":"2019-01-15T15:36:07","slug":"presidente-medina-trata-con-funcionarios-sobre-metas-del-sector-educacion","status":"publish","type":"post","link":"https:\/\/conexiondigital.com.do\/index.php\/2019\/01\/15\/presidente-medina-trata-con-funcionarios-sobre-metas-del-sector-educacion\/","title":{"rendered":"Presidente Medina trata con funcionarios sobre metas del Sector Educaci\u00f3n"},"content":{"rendered":"<p><img loading=\"lazy\" decoding=\"async\" class=\" wp-image-83538 alignleft\" src=\"https:\/\/images.conexiondigital.com.do\/wp-content\/uploads\/wp-content\/uploads\/2019\/01\/982d84bc-0172-43a7-a560-d98ac780500e-800x596.jpg\" alt=\"\" width=\"655\" height=\"488\" \/>Santo Domingo-El presidente Danilo Medina se reuni\u00f3 la tarde de hoy con los funcionarios vinculados al sistema educativo, con quienes trat\u00f3 sobre los avances en la universalizaci\u00f3n de la Jornada Extendida, as\u00ed como el cumplimiento de otras metas de impacto en el sector, seg\u00fan el Programa de Gobierno 2016-2020.<\/p>\n<p>Los detalles del encuentro fueron ofrecidos por el ministro de la Presidencia, Gustavo Montalvo, quien explic\u00f3 que actualmente 1.3 millones de estudiantes est\u00e1n en escuelas de jornada extendida, lo cual permite una mejor implementaci\u00f3n del curr\u00edculo, pues habilita un mayor n\u00famero de horas de ense\u00f1anza aprendizaje.<\/p>\n<p>El funcionario dijo que tambi\u00e9n se trat\u00f3 sobre la importancia de que se organice el trabajo de los docentes de forma que puedan realizar todas sus labores, incluyendo la planificaci\u00f3n, la revisi\u00f3n de evaluaciones y las discusiones entre pares, entre otras actividades.<\/p>\n<p>En ese sentido, dijo que se discutieron las acciones necesarias para garantizar que el tiempo adicional que habilita la Jornada Extendida verdaderamente se utilice en actividades que promuevan aprendizajes y el desarrollo de los estudiantes, enfatizando la importancia del seguimiento y acompa\u00f1amiento de los t\u00e9cnicos del distrito.<\/p>\n<p>Dijo adem\u00e1s que se revisaron los avances en la formaci\u00f3n de docentes de excelencia, para lo cual se acord\u00f3 fortalecer el programa de becas, as\u00ed como aplicar sanciones a las universidades que no cumplan con la Normativa 09-15.<\/p>\n<p>En otro orden, el ministro Montalvo dijo que en la reuni\u00f3n se analizaron propuestas para instaurar un sistema de aseguramiento de la calidad en los programas de educaci\u00f3n superior, con \u00e9nfasis en las carreras relacionadas con educaci\u00f3n y salud. Para esto, explic\u00f3, se concluy\u00f3 en la importancia de realizar la acreditaci\u00f3n con entidades internacionales.<\/p>\n<p>Asimismo, durante la reuni\u00f3n se consideraron las posibles acciones para aumentar la cantidad de infantes en la educaci\u00f3n inicial y en la atenci\u00f3n integral a la primera infancia. De igual forma, se pas\u00f3 balance a los avances y retos pendientes en cuanto al sistema de carrera docente y certificaci\u00f3n de los maestros.<\/p>\n<p>os.<\/p>\n","protected":false},"excerpt":{"rendered":"<p>Santo Domingo-El presidente Danilo Medina se reuni\u00f3 la tarde de hoy con los funcionarios vinculados al sistema educativo, con quienes trat\u00f3 sobre los avances en la universalizaci\u00f3n de la Jornada Extendida, as\u00ed como el cumplimiento de otras metas de impacto en el sector, seg\u00fan el Programa de Gobierno 2016-2020. Los detalles del encuentro fueron ofrecidos por el ministro de la Presidencia, Gustavo Montalvo, quien explic\u00f3 que actualmente 1.3 millones de estudiantes est\u00e1n en escuelas de jornada extendida, lo cual permite una mejor implementaci\u00f3n del curr\u00edculo, pues habilita un mayor n\u00famero de horas de ense\u00f1anza aprendizaje. El funcionario dijo que tambi\u00e9n se trat\u00f3 sobre la importancia de que se organice el trabajo de los docentes de forma que puedan realizar todas sus labores, incluyendo la planificaci\u00f3n, la revisi\u00f3n de evaluaciones y las discusiones entre pares, entre otras actividades. En ese sentido, dijo que se discutieron las acciones necesarias para garantizar que el tiempo adicional que habilita la Jornada Extendida verdaderamente se utilice en actividades que promuevan aprendizajes y el desarrollo de los estudiantes, enfatizando la importancia del seguimiento y acompa\u00f1amiento de los t\u00e9cnicos del distrito. Dijo adem\u00e1s que se revisaron los avances en la formaci\u00f3n de docentes de excelencia, para lo cual se acord\u00f3 fortalecer el programa de becas, as\u00ed como aplicar sanciones a las universidades que no cumplan con la Normativa 09-15. En otro orden, el ministro Montalvo dijo que en la reuni\u00f3n se analizaron propuestas para instaurar un sistema de aseguramiento de la calidad en los programas de educaci\u00f3n superior, con \u00e9nfasis en las carreras relacionadas con educaci\u00f3n y salud. Para esto, explic\u00f3, se concluy\u00f3 en la importancia de realizar la acreditaci\u00f3n con entidades internacionales. Asimismo, durante la reuni\u00f3n se consideraron las posibles acciones para aumentar la cantidad de infantes en la educaci\u00f3n inicial y en la atenci\u00f3n integral a la primera infancia. De igual forma, se pas\u00f3 balance a los avances y retos pendientes en cuanto al sistema de carrera docente y certificaci\u00f3n de los maestros. os.<\/p>\n","protected":false},"author":1,"featured_media":83538,"comment_status":"open","ping_status":"open","sticky":false,"template":"","format":"standard","meta":{"om_disable_all_campaigns":false,"footnotes":""},"categories":[155],"tags":[],"class_list":["post-83537","post","type-post","status-publish","format-standard","has-post-thumbnail","hentry","category-educacion"],"_links":{"self":[{"href":"https:\/\/conexiondigital.com.do\/index.php\/wp-json\/wp\/v2\/posts\/83537","targetHints":{"allow":["GET"]}}],"collection":[{"href":"https:\/\/conexiondigital.com.do\/index.php\/wp-json\/wp\/v2\/posts"}],"about":[{"href":"https:\/\/conexiondigital.com.do\/index.php\/wp-json\/wp\/v2\/types\/post"}],"author":[{"embeddable":true,"href":"https:\/\/conexiondigital.com.do\/index.php\/wp-json\/wp\/v2\/users\/1"}],"replies":[{"embeddable":true,"href":"https:\/\/conexiondigital.com.do\/index.php\/wp-json\/wp\/v2\/comments?post=83537"}],"version-history":[{"count":2,"href":"https:\/\/conexiondigital.com.do\/index.php\/wp-json\/wp\/v2\/posts\/83537\/revisions"}],"predecessor-version":[{"id":83540,"href":"https:\/\/conexiondigital.com.do\/index.php\/wp-json\/wp\/v2\/posts\/83537\/revisions\/83540"}],"wp:featuredmedia":[{"embeddable":true,"href":"https:\/\/conexiondigital.com.do\/index.php\/wp-json\/wp\/v2\/media\/83538"}],"wp:attachment":[{"href":"https:\/\/conexiondigital.com.do\/index.php\/wp-json\/wp\/v2\/media?parent=83537"}],"wp:term":[{"taxonomy":"category","embeddable":true,"href":"https:\/\/conexiondigital.com.do\/index.php\/wp-json\/wp\/v2\/categories?post=83537"},{"taxonomy":"post_tag","embeddable":true,"href":"https:\/\/conexiondigital.com.do\/index.php\/wp-json\/wp\/v2\/tags?post=83537"}],"curies":[{"name":"wp","href":"https:\/\/api.w.org\/{rel}","templated":true}]}}