{"id":83580,"date":"2019-01-16T09:46:25","date_gmt":"2019-01-16T13:46:25","guid":{"rendered":"http:\/\/conexiondigital.com.do\/?p=83580"},"modified":"2019-01-16T09:46:25","modified_gmt":"2019-01-16T13:46:25","slug":"los-mercados-creen-que-el-brexit-se-retrasara","status":"publish","type":"post","link":"https:\/\/conexiondigital.com.do\/index.php\/2019\/01\/16\/los-mercados-creen-que-el-brexit-se-retrasara\/","title":{"rendered":"Los mercados creen que el \u201cbrexit\u201d se retrasar\u00e1"},"content":{"rendered":"<p><a href=\"https:\/\/images.conexiondigital.com.do\/wp-content\/uploads\/wp-content\/uploads\/2019\/01\/parlamento-britanico_11134503_20190116085742.jpg\"><img loading=\"lazy\" decoding=\"async\" class=\" wp-image-83581 alignleft\" src=\"https:\/\/images.conexiondigital.com.do\/wp-content\/uploads\/wp-content\/uploads\/2019\/01\/parlamento-britanico_11134503_20190116085742.jpg\" alt=\"\" width=\"401\" height=\"212\" \/><\/a>El gobernador del Banco de Inglaterra, Mark Carney, dijo hoy que los mercados creen que la salida del Reino Unido de la Uni\u00f3n Europea (UE) se retrasar\u00e1 despu\u00e9s de la derrota ayer del acuerdo propuesto por el Gobierno brit\u00e1nico.<\/p>\n<p>\u201cHubo una marcada subida de la libra despu\u00e9s de la votaci\u00f3n y el comentario en los mercados p\u00fablicos, que coincide con nuestra propia informaci\u00f3n, indica que ese aumento refleja la expectativa de que el proceso de resoluci\u00f3n se extender\u00e1 y que la posibilidad de un \u2018brexit\u2019 sin acuerdo puede haber disminuido\u201d, declar\u00f3.<\/p>\n<p>La libra baj\u00f3 primero, pero enseguida se revaloriz\u00f3 frente al d\u00f3lar y el euro, despu\u00e9s de que la C\u00e1mara de los Comunes rechazara anoche por 432 votos en contra y 202 a favor el pacto para la salida de la UE propuesto por la primera ministra, Theresa May.<\/p>\n<p>La divisa brit\u00e1nica sub\u00eda esta ma\u00f1ana un 0,12 % frente al d\u00f3lar, hasta 1,287 d\u00f3lares, y un 0,12 % ante el euro, hasta 1,128 euros.<\/p>\n<p>Tras abrir al alza, la Bolsa de Londres, por su parte, perd\u00eda un 0,57 % a las 10.35 GMT, 39,55 puntos hasta 6.855,47 enteros.<\/p>\n<p>Carney comparece ante la Comisi\u00f3n del Tesoro de los Comunes, donde responde a preguntas de los diputados sobre los riesgos para la estabilidad econ\u00f3mica del Reino Unido, que incluyen el \u201cbrexit\u201d pero tambi\u00e9n la desaceleraci\u00f3n de la econom\u00eda china y la guerra comercial entre este pa\u00eds y Estados Unidos.<\/p>\n<p>El gobernador explic\u00f3 que los mercados, al igual que el pa\u00eds en su conjunto, espera que el Parlamento se\u00f1ale \u201cla direcci\u00f3n\u201d que ha de tomar el proceso de salida de la UE, y augur\u00f3 que es de esperar \u201ccontinua volatilidad\u201d.<\/p>\n","protected":false},"excerpt":{"rendered":"<p>El gobernador del Banco de Inglaterra, Mark Carney, dijo hoy que los mercados creen que la salida del Reino Unido de la Uni\u00f3n Europea (UE) se retrasar\u00e1 despu\u00e9s de la derrota ayer del acuerdo propuesto por el Gobierno brit\u00e1nico. \u201cHubo una marcada subida de la libra despu\u00e9s de la votaci\u00f3n y el comentario en los mercados p\u00fablicos, que coincide con nuestra propia informaci\u00f3n, indica que ese aumento refleja la expectativa de que el proceso de resoluci\u00f3n se extender\u00e1 y que la posibilidad de un \u2018brexit\u2019 sin acuerdo puede haber disminuido\u201d, declar\u00f3. La libra baj\u00f3 primero, pero enseguida se revaloriz\u00f3 frente al d\u00f3lar y el euro, despu\u00e9s de que la C\u00e1mara de los Comunes rechazara anoche por 432 votos en contra y 202 a favor el pacto para la salida de la UE propuesto por la primera ministra, Theresa May. La divisa brit\u00e1nica sub\u00eda esta ma\u00f1ana un 0,12 % frente al d\u00f3lar, hasta 1,287 d\u00f3lares, y un 0,12 % ante el euro, hasta 1,128 euros. Tras abrir al alza, la Bolsa de Londres, por su parte, perd\u00eda un 0,57 % a las 10.35 GMT, 39,55 puntos hasta 6.855,47 enteros. Carney comparece ante la Comisi\u00f3n del Tesoro de los Comunes, donde responde a preguntas de los diputados sobre los riesgos para la estabilidad econ\u00f3mica del Reino Unido, que incluyen el \u201cbrexit\u201d pero tambi\u00e9n la desaceleraci\u00f3n de la econom\u00eda china y la guerra comercial entre este pa\u00eds y Estados Unidos. El gobernador explic\u00f3 que los mercados, al igual que el pa\u00eds en su conjunto, espera que el Parlamento se\u00f1ale \u201cla direcci\u00f3n\u201d que ha de tomar el proceso de salida de la UE, y augur\u00f3 que es de esperar \u201ccontinua volatilidad\u201d.<\/p>\n","protected":false},"author":1,"featured_media":83581,"comment_status":"open","ping_status":"open","sticky":false,"template":"","format":"standard","meta":{"om_disable_all_campaigns":false,"footnotes":""},"categories":[14],"tags":[],"class_list":["post-83580","post","type-post","status-publish","format-standard","has-post-thumbnail","hentry","category-culture"],"_links":{"self":[{"href":"https:\/\/conexiondigital.com.do\/index.php\/wp-json\/wp\/v2\/posts\/83580","targetHints":{"allow":["GET"]}}],"collection":[{"href":"https:\/\/conexiondigital.com.do\/index.php\/wp-json\/wp\/v2\/posts"}],"about":[{"href":"https:\/\/conexiondigital.com.do\/index.php\/wp-json\/wp\/v2\/types\/post"}],"author":[{"embeddable":true,"href":"https:\/\/conexiondigital.com.do\/index.php\/wp-json\/wp\/v2\/users\/1"}],"replies":[{"embeddable":true,"href":"https:\/\/conexiondigital.com.do\/index.php\/wp-json\/wp\/v2\/comments?post=83580"}],"version-history":[{"count":1,"href":"https:\/\/conexiondigital.com.do\/index.php\/wp-json\/wp\/v2\/posts\/83580\/revisions"}],"predecessor-version":[{"id":83582,"href":"https:\/\/conexiondigital.com.do\/index.php\/wp-json\/wp\/v2\/posts\/83580\/revisions\/83582"}],"wp:featuredmedia":[{"embeddable":true,"href":"https:\/\/conexiondigital.com.do\/index.php\/wp-json\/wp\/v2\/media\/83581"}],"wp:attachment":[{"href":"https:\/\/conexiondigital.com.do\/index.php\/wp-json\/wp\/v2\/media?parent=83580"}],"wp:term":[{"taxonomy":"category","embeddable":true,"href":"https:\/\/conexiondigital.com.do\/index.php\/wp-json\/wp\/v2\/categories?post=83580"},{"taxonomy":"post_tag","embeddable":true,"href":"https:\/\/conexiondigital.com.do\/index.php\/wp-json\/wp\/v2\/tags?post=83580"}],"curies":[{"name":"wp","href":"https:\/\/api.w.org\/{rel}","templated":true}]}}