{"id":84609,"date":"2019-02-08T13:29:17","date_gmt":"2019-02-08T17:29:17","guid":{"rendered":"http:\/\/conexiondigital.com.do\/?p=84609"},"modified":"2019-02-08T13:30:10","modified_gmt":"2019-02-08T17:30:10","slug":"andre-navarro-firma-acuerdo-con-codue-para-que-los-colegios-evangelicos-pasen-al-sector-publico","status":"publish","type":"post","link":"https:\/\/conexiondigital.com.do\/index.php\/2019\/02\/08\/andre-navarro-firma-acuerdo-con-codue-para-que-los-colegios-evangelicos-pasen-al-sector-publico\/","title":{"rendered":"Andr\u00e9s Navarro firma acuerdo con Codue para que los colegios evang\u00e9licos pasen al sector p\u00fablico"},"content":{"rendered":"<p><img loading=\"lazy\" decoding=\"async\" class=\" wp-image-84610 alignleft\" src=\"https:\/\/images.conexiondigital.com.do\/wp-content\/uploads\/wp-content\/uploads\/2019\/02\/1f29cb55-f2c7-4002-87b5-8c2c3e1b9435-800x800.jpg\" alt=\"\" width=\"630\" height=\"630\" \/>Santo Domingo-El Ministro de Educaci\u00f3n, Andr\u00e9s Navarro, y el presidente de la confederaci\u00f3n dominicana de unidad evang\u00e9lica (Codue), Fidel Lorenzo, suscribieron un convenio de colaboraci\u00f3n interinstitucional dirigido a las formulaci\u00f3n e implementaci\u00f3n de proyectos a nivel nacional que coadyuven con la mejora de la calidad de los aprendizajes en los centros educativos gestionados por entidades religiosas evang\u00e9licas miembros de esta confederaci\u00f3n.<\/p>\n<p>Ambas instituciones se comprometen a articulas sus esfuerzos, en los que concierne al ministro de educaci\u00f3n, en la direcci\u00f3n de impulsar el derecho ciudadano a acceder a una educaci\u00f3n integral, de calidad permanente y en igualdad de condiciones y oportunidades, mientras que la confederaci\u00f3n, en la misi\u00f3n de desarrollar programas y actividades que impulsen la relaci\u00f3n iglesia-sociedad para alcanzar soluciones y problem\u00e1ticas nacionales, e incluyendo el \u00e1rea educativa.<\/p>\n<p>El ministro de educaci\u00f3n Andr\u00e9s navarro, favoreci\u00f3 la firma del convenio ya que con el mismo se lograr\u00e1 que las iglesias con su labor pastoral podr\u00e1n impactar positivamente el sistema educativo nacional, de su lado Fidel Lorenzo, dijo que mas de 200 centros educativos de educaci\u00f3n cristiana podr\u00e1n acogerse a dicho pacto en una relaci\u00f3n mancomunada entre padres, escuelas e iglesias.<\/p>\n<p>as\u00ed mismo Fidel Lorenzo manifest\u00f3 que este acuerdo es bastante amplio y que no solo se limita a la congesti\u00f3n con los centros educativos evang\u00e9licos ya que todo pacto que le arribe todos los centros nacionales es de beneficio.<\/p>\n<p>&nbsp;<\/p>\n","protected":false},"excerpt":{"rendered":"<p>Santo Domingo-El Ministro de Educaci\u00f3n, Andr\u00e9s Navarro, y el presidente de la confederaci\u00f3n dominicana de unidad evang\u00e9lica (Codue), Fidel Lorenzo, suscribieron un convenio de colaboraci\u00f3n interinstitucional dirigido a las formulaci\u00f3n e implementaci\u00f3n de proyectos a nivel nacional que coadyuven con la mejora de la calidad de los aprendizajes en los centros educativos gestionados por entidades religiosas evang\u00e9licas miembros de esta confederaci\u00f3n. Ambas instituciones se comprometen a articulas sus esfuerzos, en los que concierne al ministro de educaci\u00f3n, en la direcci\u00f3n de impulsar el derecho ciudadano a acceder a una educaci\u00f3n integral, de calidad permanente y en igualdad de condiciones y oportunidades, mientras que la confederaci\u00f3n, en la misi\u00f3n de desarrollar programas y actividades que impulsen la relaci\u00f3n iglesia-sociedad para alcanzar soluciones y problem\u00e1ticas nacionales, e incluyendo el \u00e1rea educativa. El ministro de educaci\u00f3n Andr\u00e9s navarro, favoreci\u00f3 la firma del convenio ya que con el mismo se lograr\u00e1 que las iglesias con su labor pastoral podr\u00e1n impactar positivamente el sistema educativo nacional, de su lado Fidel Lorenzo, dijo que mas de 200 centros educativos de educaci\u00f3n cristiana podr\u00e1n acogerse a dicho pacto en una relaci\u00f3n mancomunada entre padres, escuelas e iglesias. as\u00ed mismo Fidel Lorenzo manifest\u00f3 que este acuerdo es bastante amplio y que no solo se limita a la congesti\u00f3n con los centros educativos evang\u00e9licos ya que todo pacto que le arribe todos los centros nacionales es de beneficio. &nbsp;<\/p>\n","protected":false},"author":1,"featured_media":84610,"comment_status":"open","ping_status":"open","sticky":false,"template":"","format":"standard","meta":{"om_disable_all_campaigns":false,"footnotes":""},"categories":[155],"tags":[],"class_list":["post-84609","post","type-post","status-publish","format-standard","has-post-thumbnail","hentry","category-educacion"],"_links":{"self":[{"href":"https:\/\/conexiondigital.com.do\/index.php\/wp-json\/wp\/v2\/posts\/84609","targetHints":{"allow":["GET"]}}],"collection":[{"href":"https:\/\/conexiondigital.com.do\/index.php\/wp-json\/wp\/v2\/posts"}],"about":[{"href":"https:\/\/conexiondigital.com.do\/index.php\/wp-json\/wp\/v2\/types\/post"}],"author":[{"embeddable":true,"href":"https:\/\/conexiondigital.com.do\/index.php\/wp-json\/wp\/v2\/users\/1"}],"replies":[{"embeddable":true,"href":"https:\/\/conexiondigital.com.do\/index.php\/wp-json\/wp\/v2\/comments?post=84609"}],"version-history":[{"count":3,"href":"https:\/\/conexiondigital.com.do\/index.php\/wp-json\/wp\/v2\/posts\/84609\/revisions"}],"predecessor-version":[{"id":84613,"href":"https:\/\/conexiondigital.com.do\/index.php\/wp-json\/wp\/v2\/posts\/84609\/revisions\/84613"}],"wp:featuredmedia":[{"embeddable":true,"href":"https:\/\/conexiondigital.com.do\/index.php\/wp-json\/wp\/v2\/media\/84610"}],"wp:attachment":[{"href":"https:\/\/conexiondigital.com.do\/index.php\/wp-json\/wp\/v2\/media?parent=84609"}],"wp:term":[{"taxonomy":"category","embeddable":true,"href":"https:\/\/conexiondigital.com.do\/index.php\/wp-json\/wp\/v2\/categories?post=84609"},{"taxonomy":"post_tag","embeddable":true,"href":"https:\/\/conexiondigital.com.do\/index.php\/wp-json\/wp\/v2\/tags?post=84609"}],"curies":[{"name":"wp","href":"https:\/\/api.w.org\/{rel}","templated":true}]}}