{"id":84652,"date":"2019-02-11T10:41:37","date_gmt":"2019-02-11T14:41:37","guid":{"rendered":"http:\/\/conexiondigital.com.do\/?p=84652"},"modified":"2019-02-11T10:41:37","modified_gmt":"2019-02-11T14:41:37","slug":"vicepresidencia-empodera-en-temas-de-liderazgo-a-854-jovenes-para-construir-una-mejor-sociedad","status":"publish","type":"post","link":"https:\/\/conexiondigital.com.do\/index.php\/2019\/02\/11\/vicepresidencia-empodera-en-temas-de-liderazgo-a-854-jovenes-para-construir-una-mejor-sociedad\/","title":{"rendered":"Vicepresidencia empodera en temas de liderazgo a 854 j\u00f3venes para construir una mejor sociedad"},"content":{"rendered":"<p><img loading=\"lazy\" decoding=\"async\" class=\" wp-image-84653 alignleft\" src=\"https:\/\/images.conexiondigital.com.do\/wp-content\/uploads\/wp-content\/uploads\/2019\/02\/Foto-4-800x534.jpg\" alt=\"\" width=\"638\" height=\"426\" \/>Santo Domingo-La vicepresidenta de la Rep\u00fablica, doctora Margarita Cede\u00f1o, encabez\u00f3 este viernes la entrega de certificados a 234 adolescentes en representaci\u00f3n de 854 que realizaron el curso J\u00f3venes L\u00edderes por el Progreso y la Paz, con el objetivo de empoderarlos para \u00a0contribuir a potenciar su liderazgo, fortalecer sus habilidades personales y sociales para que puedan aportar a la construcci\u00f3n de una mejor sociedad.<\/p>\n<p>El acto se realiz\u00f3 en el Instituto Polit\u00e9cnico Pilar Constanzo, donde los j\u00f3venes recibieron pergaminos tras 80 horas de formaci\u00f3n intensa, con una agenda educativa impartida por\u00a0la Divisi\u00f3n de J\u00f3venes Progresando con Solidaridad (Joprosoli)\u00a0que abord\u00f3 los temas Familia, Liderazgo, Autoestima, Resiliencia, Valores, Mediaci\u00f3n de conflictos, Oratoria, Medio Ambiente y Proyecto de Vida. Adem\u00e1s, realizaron an\u00e1lisis de la realidad de sus comunidades y crearon planes de trabajo para contribuir en el desarrollo de una mejor naci\u00f3n.<\/p>\n<p>Los j\u00f3venes capacitados proceden de Santiago (Tamboril, Pek\u00edn, Cienfuegos, Ensanche Bol\u00edvar), San Juan de la Maguana (El Rosario, Juan de Herrara), El\u00edas Pi\u00f1a (Hondo Valle), Barahona (Santa Cruz de Barahona), Azua, Santo Domingo (Los Mina, Villa Duarte, Villa Mella) Distrito Nacional y San Crist\u00f3bal (Villa Altagracia).<\/p>\n<p>La Vicepresidenta hizo entrega, en representaci\u00f3n del grupo de estudiantes, a Orianna L\u00f3pez Abreu, Diana Lisuanny Guerrero Rodr\u00edguez, Arberlis Yulianny Espinal Marte, Faryala Atala Isaa Castro, Esperanza Josefina Henr\u00edquez Brito, G\u00e9nesis Daniela Zerpa Villasmil, Hillianny de la Cruz Urbano, Marielis Amaia Ram\u00edrez Villar, Alessa Yicauri Montero De los Santos y Leidy Uribe.<\/p>\n<p>La doctora Margarita Cede\u00f1o ha manifestado en diferentes ocasiones que cree en el potencial de la juventud como fuerza de cambio y transformaci\u00f3n social, as\u00ed como tambi\u00e9n en sus conocimientos y en los deseos de echar hacia adelante, de superarse cada d\u00eda con entusiasmo y energ\u00eda.<\/p>\n<p>&nbsp;<\/p>\n<p>&nbsp;<\/p>\n<p>&nbsp;<\/p>\n<p>&nbsp;<\/p>\n","protected":false},"excerpt":{"rendered":"<p>Santo Domingo-La vicepresidenta de la Rep\u00fablica, doctora Margarita Cede\u00f1o, encabez\u00f3 este viernes la entrega de certificados a 234 adolescentes en representaci\u00f3n de 854 que realizaron el curso J\u00f3venes L\u00edderes por el Progreso y la Paz, con el objetivo de empoderarlos para \u00a0contribuir a potenciar su liderazgo, fortalecer sus habilidades personales y sociales para que puedan aportar a la construcci\u00f3n de una mejor sociedad. El acto se realiz\u00f3 en el Instituto Polit\u00e9cnico Pilar Constanzo, donde los j\u00f3venes recibieron pergaminos tras 80 horas de formaci\u00f3n intensa, con una agenda educativa impartida por\u00a0la Divisi\u00f3n de J\u00f3venes Progresando con Solidaridad (Joprosoli)\u00a0que abord\u00f3 los temas Familia, Liderazgo, Autoestima, Resiliencia, Valores, Mediaci\u00f3n de conflictos, Oratoria, Medio Ambiente y Proyecto de Vida. Adem\u00e1s, realizaron an\u00e1lisis de la realidad de sus comunidades y crearon planes de trabajo para contribuir en el desarrollo de una mejor naci\u00f3n. Los j\u00f3venes capacitados proceden de Santiago (Tamboril, Pek\u00edn, Cienfuegos, Ensanche Bol\u00edvar), San Juan de la Maguana (El Rosario, Juan de Herrara), El\u00edas Pi\u00f1a (Hondo Valle), Barahona (Santa Cruz de Barahona), Azua, Santo Domingo (Los Mina, Villa Duarte, Villa Mella) Distrito Nacional y San Crist\u00f3bal (Villa Altagracia). La Vicepresidenta hizo entrega, en representaci\u00f3n del grupo de estudiantes, a Orianna L\u00f3pez Abreu, Diana Lisuanny Guerrero Rodr\u00edguez, Arberlis Yulianny Espinal Marte, Faryala Atala Isaa Castro, Esperanza Josefina Henr\u00edquez Brito, G\u00e9nesis Daniela Zerpa Villasmil, Hillianny de la Cruz Urbano, Marielis Amaia Ram\u00edrez Villar, Alessa Yicauri Montero De los Santos y Leidy Uribe. La doctora Margarita Cede\u00f1o ha manifestado en diferentes ocasiones que cree en el potencial de la juventud como fuerza de cambio y transformaci\u00f3n social, as\u00ed como tambi\u00e9n en sus conocimientos y en los deseos de echar hacia adelante, de superarse cada d\u00eda con entusiasmo y energ\u00eda. &nbsp; &nbsp; &nbsp; &nbsp;<\/p>\n","protected":false},"author":1,"featured_media":84653,"comment_status":"open","ping_status":"open","sticky":false,"template":"","format":"standard","meta":{"om_disable_all_campaigns":false,"footnotes":""},"categories":[155],"tags":[],"class_list":["post-84652","post","type-post","status-publish","format-standard","has-post-thumbnail","hentry","category-educacion"],"_links":{"self":[{"href":"https:\/\/conexiondigital.com.do\/index.php\/wp-json\/wp\/v2\/posts\/84652","targetHints":{"allow":["GET"]}}],"collection":[{"href":"https:\/\/conexiondigital.com.do\/index.php\/wp-json\/wp\/v2\/posts"}],"about":[{"href":"https:\/\/conexiondigital.com.do\/index.php\/wp-json\/wp\/v2\/types\/post"}],"author":[{"embeddable":true,"href":"https:\/\/conexiondigital.com.do\/index.php\/wp-json\/wp\/v2\/users\/1"}],"replies":[{"embeddable":true,"href":"https:\/\/conexiondigital.com.do\/index.php\/wp-json\/wp\/v2\/comments?post=84652"}],"version-history":[{"count":1,"href":"https:\/\/conexiondigital.com.do\/index.php\/wp-json\/wp\/v2\/posts\/84652\/revisions"}],"predecessor-version":[{"id":84654,"href":"https:\/\/conexiondigital.com.do\/index.php\/wp-json\/wp\/v2\/posts\/84652\/revisions\/84654"}],"wp:featuredmedia":[{"embeddable":true,"href":"https:\/\/conexiondigital.com.do\/index.php\/wp-json\/wp\/v2\/media\/84653"}],"wp:attachment":[{"href":"https:\/\/conexiondigital.com.do\/index.php\/wp-json\/wp\/v2\/media?parent=84652"}],"wp:term":[{"taxonomy":"category","embeddable":true,"href":"https:\/\/conexiondigital.com.do\/index.php\/wp-json\/wp\/v2\/categories?post=84652"},{"taxonomy":"post_tag","embeddable":true,"href":"https:\/\/conexiondigital.com.do\/index.php\/wp-json\/wp\/v2\/tags?post=84652"}],"curies":[{"name":"wp","href":"https:\/\/api.w.org\/{rel}","templated":true}]}}