{"id":85183,"date":"2019-02-22T10:59:07","date_gmt":"2019-02-22T14:59:07","guid":{"rendered":"http:\/\/conexiondigital.com.do\/?p=85183"},"modified":"2019-02-22T10:59:07","modified_gmt":"2019-02-22T14:59:07","slug":"oci-del-minerd-y-viceministerio-de-gestion-y-descentralizacion-educativa-realizan-izamiento-especial-de-bandera-nota-de-prensa-oci-del-minerd-y-viceministerio-de-gestion-y-desc","status":"publish","type":"post","link":"https:\/\/conexiondigital.com.do\/index.php\/2019\/02\/22\/oci-del-minerd-y-viceministerio-de-gestion-y-descentralizacion-educativa-realizan-izamiento-especial-de-bandera-nota-de-prensa-oci-del-minerd-y-viceministerio-de-gestion-y-desc\/","title":{"rendered":"OCI del MINERD y Viceministerio de Gesti\u00f3n y Descentralizaci\u00f3n Educativa realizan \u201cIzamiento Especial de Bandera\u201d   Nota de Prensa     OCI del MINERD y Viceministerio de Gesti\u00f3n y Descentralizaci\u00f3n Educativa realizan \u201cIzamiento Especial de Bandera\u201d"},"content":{"rendered":"<p><img loading=\"lazy\" decoding=\"async\" class=\" wp-image-85184 alignleft\" src=\"https:\/\/images.conexiondigital.com.do\/wp-content\/uploads\/wp-content\/uploads\/2019\/02\/FOTO-OCI-IZAMIENTO.jpg-2-800x450.jpg\" alt=\"\" width=\"613\" height=\"345\" \/>Santo Domingo-La Oficina de Cooperaci\u00f3n Internacional (OCI) del Ministerio de Educaci\u00f3n(MINERD), que dirige Rosa Mar\u00eda Soto, realiz\u00f3, este jueves el\u00a0\u201cIzamiento Especial de Bandera\u201d\u00a0con motivo del\u00a0Trimestre de la Patria,\u00a0conjuntamente con el Viceministerio de Gesti\u00f3n y Descentralizaci\u00f3n Educativa del Ministerio que coordina el licenciado Luis De Le\u00f3n y en la que participaron distintas autoridades del \u00e1mbito educativo.<\/p>\n<p>Mery Kasse afirm\u00f3 que esta actividad se enmarca dentro del programa de rescate y revalorizaci\u00f3n de los s\u00edmbolos patrios que lleva a cabo el Ministerio de Educaci\u00f3n, con visitas a diferentes institutos y dependencias descentralizadas en esta \u00e9poca de Efem\u00e9rides Patria.<\/p>\n<p>La directora de la OCI dijo que con ese acto tratan de rememorar los valores de honestidad, sacrificio, \u00e9tica y patriotismo de los Padres de la Patria, Juan Pablo Duarte, Francisco del Rosario S\u00e1nchez y Mat\u00edas Ram\u00f3n Mella. Este \u00faltimo h\u00e9roe nacional fue recordado con la entonaci\u00f3n de un himno a su nombre, luego de las notas del Himno Nacional, por la fecha de su aniversario que se cumple este pr\u00f3ximo 25 de febrero. \u201cA prop\u00f3sito de este significativo acto se hace necesario referir al padre fundador de la Rep\u00fablica Dominicana, el insigne e ilustre Juan Pablo Duarte y reconocer con sobradas razones, que fue el pol\u00edtico m\u00e1s sobresaliente de la historia dominicana, con su vida y entrega dio muestra de entrega persona\u00a0desinteresada, moral,\u00a0\u00e9tica, y honesta a toda prueba\u201d, resalt\u00f3.<\/p>\n<p>Sostuvo que, Junto a la menci\u00f3n de Juan Pablo Duarte, fundador de los valores patrios, se tributa el m\u00e1s sonoro y merecido homenaje a Mat\u00edas Ram\u00f3n Mella, militar de carrera, pol\u00edtico y servidor p\u00fablico, que representa los m\u00e1s dignos valores de la sensibilidad social, de igual manera, la honra a tan digno patriota que se colm\u00f3 de valor y nos devolvi\u00f3 la libertad a nuestra patria.<\/p>\n<p>Record\u00f3 que el 25 de febrero se conmemora el aniversario del nacimiento de Mella, quien se distingue por ser el protagonista fiel, de la haza\u00f1a gloriosa la noche del 27 de febrero de 1844, pues, asumi\u00f3 con su gallard\u00eda la postura en la Puerta de la Misericordia y lanz\u00f3 el trabucazo.<\/p>\n<p>La conducci\u00f3n del acto solemne, que tuvo lugar en el local de la instituci\u00f3n, ubicado en la esquina formada por las avenidas M\u00e1ximo G\u00f3mez y Sim\u00f3n Bol\u00edvar, tuvo a cargo del maestro de ceremonias, Di\u00f3genes Garc\u00eda y en la misma participaci\u00f3n empleados de la OCI y representantes de distintas dependencias del Ministerio de Educaci\u00f3n.<\/p>\n<p>&nbsp;<\/p>\n","protected":false},"excerpt":{"rendered":"<p>Santo Domingo-La Oficina de Cooperaci\u00f3n Internacional (OCI) del Ministerio de Educaci\u00f3n(MINERD), que dirige Rosa Mar\u00eda Soto, realiz\u00f3, este jueves el\u00a0\u201cIzamiento Especial de Bandera\u201d\u00a0con motivo del\u00a0Trimestre de la Patria,\u00a0conjuntamente con el Viceministerio de Gesti\u00f3n y Descentralizaci\u00f3n Educativa del Ministerio que coordina el licenciado Luis De Le\u00f3n y en la que participaron distintas autoridades del \u00e1mbito educativo. Mery Kasse afirm\u00f3 que esta actividad se enmarca dentro del programa de rescate y revalorizaci\u00f3n de los s\u00edmbolos patrios que lleva a cabo el Ministerio de Educaci\u00f3n, con visitas a diferentes institutos y dependencias descentralizadas en esta \u00e9poca de Efem\u00e9rides Patria. La directora de la OCI dijo que con ese acto tratan de rememorar los valores de honestidad, sacrificio, \u00e9tica y patriotismo de los Padres de la Patria, Juan Pablo Duarte, Francisco del Rosario S\u00e1nchez y Mat\u00edas Ram\u00f3n Mella. Este \u00faltimo h\u00e9roe nacional fue recordado con la entonaci\u00f3n de un himno a su nombre, luego de las notas del Himno Nacional, por la fecha de su aniversario que se cumple este pr\u00f3ximo 25 de febrero. \u201cA prop\u00f3sito de este significativo acto se hace necesario referir al padre fundador de la Rep\u00fablica Dominicana, el insigne e ilustre Juan Pablo Duarte y reconocer con sobradas razones, que fue el pol\u00edtico m\u00e1s sobresaliente de la historia dominicana, con su vida y entrega dio muestra de entrega persona\u00a0desinteresada, moral,\u00a0\u00e9tica, y honesta a toda prueba\u201d, resalt\u00f3. Sostuvo que, Junto a la menci\u00f3n de Juan Pablo Duarte, fundador de los valores patrios, se tributa el m\u00e1s sonoro y merecido homenaje a Mat\u00edas Ram\u00f3n Mella, militar de carrera, pol\u00edtico y servidor p\u00fablico, que representa los m\u00e1s dignos valores de la sensibilidad social, de igual manera, la honra a tan digno patriota que se colm\u00f3 de valor y nos devolvi\u00f3 la libertad a nuestra patria. Record\u00f3 que el 25 de febrero se conmemora el aniversario del nacimiento de Mella, quien se distingue por ser el protagonista fiel, de la haza\u00f1a gloriosa la noche del 27 de febrero de 1844, pues, asumi\u00f3 con su gallard\u00eda la postura en la Puerta de la Misericordia y lanz\u00f3 el trabucazo. La conducci\u00f3n del acto solemne, que tuvo lugar en el local de la instituci\u00f3n, ubicado en la esquina formada por las avenidas M\u00e1ximo G\u00f3mez y Sim\u00f3n Bol\u00edvar, tuvo a cargo del maestro de ceremonias, Di\u00f3genes Garc\u00eda y en la misma participaci\u00f3n empleados de la OCI y representantes de distintas dependencias del Ministerio de Educaci\u00f3n. &nbsp;<\/p>\n","protected":false},"author":1,"featured_media":85184,"comment_status":"open","ping_status":"open","sticky":false,"template":"","format":"standard","meta":{"om_disable_all_campaigns":false,"footnotes":""},"categories":[15],"tags":[],"class_list":["post-85183","post","type-post","status-publish","format-standard","has-post-thumbnail","hentry","category-nacionales"],"_links":{"self":[{"href":"https:\/\/conexiondigital.com.do\/index.php\/wp-json\/wp\/v2\/posts\/85183","targetHints":{"allow":["GET"]}}],"collection":[{"href":"https:\/\/conexiondigital.com.do\/index.php\/wp-json\/wp\/v2\/posts"}],"about":[{"href":"https:\/\/conexiondigital.com.do\/index.php\/wp-json\/wp\/v2\/types\/post"}],"author":[{"embeddable":true,"href":"https:\/\/conexiondigital.com.do\/index.php\/wp-json\/wp\/v2\/users\/1"}],"replies":[{"embeddable":true,"href":"https:\/\/conexiondigital.com.do\/index.php\/wp-json\/wp\/v2\/comments?post=85183"}],"version-history":[{"count":1,"href":"https:\/\/conexiondigital.com.do\/index.php\/wp-json\/wp\/v2\/posts\/85183\/revisions"}],"predecessor-version":[{"id":85185,"href":"https:\/\/conexiondigital.com.do\/index.php\/wp-json\/wp\/v2\/posts\/85183\/revisions\/85185"}],"wp:featuredmedia":[{"embeddable":true,"href":"https:\/\/conexiondigital.com.do\/index.php\/wp-json\/wp\/v2\/media\/85184"}],"wp:attachment":[{"href":"https:\/\/conexiondigital.com.do\/index.php\/wp-json\/wp\/v2\/media?parent=85183"}],"wp:term":[{"taxonomy":"category","embeddable":true,"href":"https:\/\/conexiondigital.com.do\/index.php\/wp-json\/wp\/v2\/categories?post=85183"},{"taxonomy":"post_tag","embeddable":true,"href":"https:\/\/conexiondigital.com.do\/index.php\/wp-json\/wp\/v2\/tags?post=85183"}],"curies":[{"name":"wp","href":"https:\/\/api.w.org\/{rel}","templated":true}]}}