{"id":85278,"date":"2019-02-27T11:29:13","date_gmt":"2019-02-27T15:29:13","guid":{"rendered":"http:\/\/conexiondigital.com.do\/?p=85278"},"modified":"2019-02-27T11:29:13","modified_gmt":"2019-02-27T15:29:13","slug":"santana-dice-gobierno-incentiva-un-aumento-salarial","status":"publish","type":"post","link":"https:\/\/conexiondigital.com.do\/index.php\/2019\/02\/27\/santana-dice-gobierno-incentiva-un-aumento-salarial\/","title":{"rendered":"Santana dice Gobierno incentiva un aumento salarial"},"content":{"rendered":"<p><a href=\"https:\/\/images.conexiondigital.com.do\/wp-content\/uploads\/2019\/02\/isidoro-santana-ministro-economia-y_11314626_20190226194806.jpg\"><img loading=\"lazy\" decoding=\"async\" class=\" wp-image-85279 alignleft\" src=\"https:\/\/images.conexiondigital.com.do\/wp-content\/uploads\/2019\/02\/isidoro-santana-ministro-economia-y_11314626_20190226194806.jpg\" alt=\"\" width=\"415\" height=\"266\" \/><\/a>En momentos en que se discute el tema salarial en el Comit\u00e9 Nacional de Salarios (CNS), y cuando desde el propio Banco Central se ha planteado la necesidad de un incremento en los sueldos p\u00fablicos y privados, el ministro de Econom\u00eda, Planificaci\u00f3n y Desarrollo, Isidoro Santana, explic\u00f3 que el Gobierno incentiva un incremento en este sentido.<\/p>\n<p>Manifest\u00f3 que la ciudadan\u00eda debe ser consciente de que durante a\u00f1os el salario real era muy bajo, \u201cal margen de la econom\u00eda en general\u201d, indic\u00f3.<\/p>\n<p>\u201cCuando ascendi\u00f3 el presidente Danilo Medina, en el a\u00f1o 2012, los salarios eran muy bajos. Ante esa realidad, el Gobierno dej\u00f3 de ser un ente neutral en las negociaciones salariales y empez\u00f3 a jugar un papel m\u00e1s activo incrementando los salarios de una gran parte de sus servidores p\u00fablicos\u201d, precis\u00f3 Santana.<\/p>\n<p>Adem\u00e1s, manifest\u00f3 que el Gobierno ha ejercido presi\u00f3n en el Comit\u00e9 Nacional de Salarios para lograr un aumento que redujera la tendencia decreciente a partir del a\u00f1o 2013. A partir de esa iniciativa gubernamental, \u201cel salario real ha mejorado, aunque todav\u00eda sigue bajo si tomamos en cuenta el nivel de crecimiento de la econom\u00eda dominicana\u201d, indic\u00f3 el ministro Santana.<\/p>\n<p>Dijo que el empresariado, de las grandes y peque\u00f1as empresas, ha sido part\u00edcipe del crecimiento econ\u00f3mico experimentado en los \u00faltimos a\u00f1os, por lo que \u201cdebemos impulsar que tambi\u00e9n el sector trabajador sea part\u00edcipe de ese crecimiento\u201d, enfatiz\u00f3.<\/p>\n","protected":false},"excerpt":{"rendered":"<p>En momentos en que se discute el tema salarial en el Comit\u00e9 Nacional de Salarios (CNS), y cuando desde el propio Banco Central se ha planteado la necesidad de un incremento en los sueldos p\u00fablicos y privados, el ministro de Econom\u00eda, Planificaci\u00f3n y Desarrollo, Isidoro Santana, explic\u00f3 que el Gobierno incentiva un incremento en este sentido. Manifest\u00f3 que la ciudadan\u00eda debe ser consciente de que durante a\u00f1os el salario real era muy bajo, \u201cal margen de la econom\u00eda en general\u201d, indic\u00f3. \u201cCuando ascendi\u00f3 el presidente Danilo Medina, en el a\u00f1o 2012, los salarios eran muy bajos. Ante esa realidad, el Gobierno dej\u00f3 de ser un ente neutral en las negociaciones salariales y empez\u00f3 a jugar un papel m\u00e1s activo incrementando los salarios de una gran parte de sus servidores p\u00fablicos\u201d, precis\u00f3 Santana. Adem\u00e1s, manifest\u00f3 que el Gobierno ha ejercido presi\u00f3n en el Comit\u00e9 Nacional de Salarios para lograr un aumento que redujera la tendencia decreciente a partir del a\u00f1o 2013. A partir de esa iniciativa gubernamental, \u201cel salario real ha mejorado, aunque todav\u00eda sigue bajo si tomamos en cuenta el nivel de crecimiento de la econom\u00eda dominicana\u201d, indic\u00f3 el ministro Santana. Dijo que el empresariado, de las grandes y peque\u00f1as empresas, ha sido part\u00edcipe del crecimiento econ\u00f3mico experimentado en los \u00faltimos a\u00f1os, por lo que \u201cdebemos impulsar que tambi\u00e9n el sector trabajador sea part\u00edcipe de ese crecimiento\u201d, enfatiz\u00f3.<\/p>\n","protected":false},"author":1,"featured_media":85279,"comment_status":"open","ping_status":"open","sticky":false,"template":"","format":"standard","meta":{"om_disable_all_campaigns":false,"footnotes":""},"categories":[15],"tags":[],"class_list":["post-85278","post","type-post","status-publish","format-standard","has-post-thumbnail","hentry","category-nacionales"],"_links":{"self":[{"href":"https:\/\/conexiondigital.com.do\/index.php\/wp-json\/wp\/v2\/posts\/85278","targetHints":{"allow":["GET"]}}],"collection":[{"href":"https:\/\/conexiondigital.com.do\/index.php\/wp-json\/wp\/v2\/posts"}],"about":[{"href":"https:\/\/conexiondigital.com.do\/index.php\/wp-json\/wp\/v2\/types\/post"}],"author":[{"embeddable":true,"href":"https:\/\/conexiondigital.com.do\/index.php\/wp-json\/wp\/v2\/users\/1"}],"replies":[{"embeddable":true,"href":"https:\/\/conexiondigital.com.do\/index.php\/wp-json\/wp\/v2\/comments?post=85278"}],"version-history":[{"count":1,"href":"https:\/\/conexiondigital.com.do\/index.php\/wp-json\/wp\/v2\/posts\/85278\/revisions"}],"predecessor-version":[{"id":85280,"href":"https:\/\/conexiondigital.com.do\/index.php\/wp-json\/wp\/v2\/posts\/85278\/revisions\/85280"}],"wp:featuredmedia":[{"embeddable":true,"href":"https:\/\/conexiondigital.com.do\/index.php\/wp-json\/wp\/v2\/media\/85279"}],"wp:attachment":[{"href":"https:\/\/conexiondigital.com.do\/index.php\/wp-json\/wp\/v2\/media?parent=85278"}],"wp:term":[{"taxonomy":"category","embeddable":true,"href":"https:\/\/conexiondigital.com.do\/index.php\/wp-json\/wp\/v2\/categories?post=85278"},{"taxonomy":"post_tag","embeddable":true,"href":"https:\/\/conexiondigital.com.do\/index.php\/wp-json\/wp\/v2\/tags?post=85278"}],"curies":[{"name":"wp","href":"https:\/\/api.w.org\/{rel}","templated":true}]}}