{"id":85295,"date":"2019-02-28T11:14:27","date_gmt":"2019-02-28T15:14:27","guid":{"rendered":"http:\/\/conexiondigital.com.do\/?p=85295"},"modified":"2019-02-28T11:14:27","modified_gmt":"2019-02-28T15:14:27","slug":"ministro-de-educacion-antonio-pena-mirabal-aboga-por-aunar-esfuerzos-para-seguir-profundizando-la-revolucion-educativa","status":"publish","type":"post","link":"https:\/\/conexiondigital.com.do\/index.php\/2019\/02\/28\/ministro-de-educacion-antonio-pena-mirabal-aboga-por-aunar-esfuerzos-para-seguir-profundizando-la-revolucion-educativa\/","title":{"rendered":"Ministro de Educaci\u00f3n, Antonio Pe\u00f1a Mirabal, aboga por aunar esfuerzos para seguir profundizando la revoluci\u00f3n educativa"},"content":{"rendered":"<p><img loading=\"lazy\" decoding=\"async\" class=\" wp-image-85296 alignleft\" src=\"https:\/\/images.conexiondigital.com.do\/wp-content\/uploads\/wp-content\/uploads\/2019\/02\/GRO_6603-1-800x557.jpg\" alt=\"\" width=\"671\" height=\"467\" \/>Santo Domingo-El ministro de Educaci\u00f3n, Antonio Pe\u00f1a Mirabal, se comprometi\u00f3 a profundizar la Revoluci\u00f3n Educativa, contando con el concurso de todos los sectores que inciden en el sistema, y asegur\u00f3 que los maestros garantizan la construcci\u00f3n del gran sue\u00f1o de alcanzar una educaci\u00f3n de calidad para todos en la Rep\u00fablica Dominicana.<\/p>\n<p>Pe\u00f1a Mirabal formul\u00f3 un llamado a todos los maestros y las maestras, as\u00ed como a su gremio, la Asociaci\u00f3n Dominicana de Profesores (ADP) \u201cpara que sumemos esfuerzos en pos de alcanzar la mejora de la calidad educativa, con lo que les estaremos dejando un futuro promisorio a la presente y a la futura generaci\u00f3n de ni\u00f1os, ni\u00f1as, adolescentes y j\u00f3venes dominicanos\u201d.<\/p>\n<p>Asimismo, anunci\u00f3 que en los pr\u00f3ximos d\u00edas invitar\u00e1 al Comit\u00e9 Ejecutivo de la ADP para sostener un di\u00e1logo abierto sobre diversos aspectos de la realidad del sistema educativo, en aras de alcanzar soluciones conjuntas que contribuyan a mejorar el proceso de ense\u00f1anza-aprendizaje en cada plantel escolar del pa\u00eds.<\/p>\n<p>Destac\u00f3 que, convencido de la necesidad de la unidad en el sistema educativo, estar\u00e1 siempre abierto a escuchar e implementar las recomendaciones venidas de cada sector, aquellas que se correspondan con la profundizaci\u00f3n de la Revoluci\u00f3n Educativa que con tanta voluntad impulsa el presidente Danilo Medina, \u201cpues no es posible alcanzar ese objetivo sin la participaci\u00f3n activa de alumnos, las familias y de todos los sectores que trabajan el tema educativo\u201d.<\/p>\n","protected":false},"excerpt":{"rendered":"<p>Santo Domingo-El ministro de Educaci\u00f3n, Antonio Pe\u00f1a Mirabal, se comprometi\u00f3 a profundizar la Revoluci\u00f3n Educativa, contando con el concurso de todos los sectores que inciden en el sistema, y asegur\u00f3 que los maestros garantizan la construcci\u00f3n del gran sue\u00f1o de alcanzar una educaci\u00f3n de calidad para todos en la Rep\u00fablica Dominicana. Pe\u00f1a Mirabal formul\u00f3 un llamado a todos los maestros y las maestras, as\u00ed como a su gremio, la Asociaci\u00f3n Dominicana de Profesores (ADP) \u201cpara que sumemos esfuerzos en pos de alcanzar la mejora de la calidad educativa, con lo que les estaremos dejando un futuro promisorio a la presente y a la futura generaci\u00f3n de ni\u00f1os, ni\u00f1as, adolescentes y j\u00f3venes dominicanos\u201d. Asimismo, anunci\u00f3 que en los pr\u00f3ximos d\u00edas invitar\u00e1 al Comit\u00e9 Ejecutivo de la ADP para sostener un di\u00e1logo abierto sobre diversos aspectos de la realidad del sistema educativo, en aras de alcanzar soluciones conjuntas que contribuyan a mejorar el proceso de ense\u00f1anza-aprendizaje en cada plantel escolar del pa\u00eds. Destac\u00f3 que, convencido de la necesidad de la unidad en el sistema educativo, estar\u00e1 siempre abierto a escuchar e implementar las recomendaciones venidas de cada sector, aquellas que se correspondan con la profundizaci\u00f3n de la Revoluci\u00f3n Educativa que con tanta voluntad impulsa el presidente Danilo Medina, \u201cpues no es posible alcanzar ese objetivo sin la participaci\u00f3n activa de alumnos, las familias y de todos los sectores que trabajan el tema educativo\u201d.<\/p>\n","protected":false},"author":1,"featured_media":85296,"comment_status":"open","ping_status":"open","sticky":false,"template":"","format":"standard","meta":{"om_disable_all_campaigns":false,"footnotes":""},"categories":[155],"tags":[],"class_list":["post-85295","post","type-post","status-publish","format-standard","has-post-thumbnail","hentry","category-educacion"],"_links":{"self":[{"href":"https:\/\/conexiondigital.com.do\/index.php\/wp-json\/wp\/v2\/posts\/85295","targetHints":{"allow":["GET"]}}],"collection":[{"href":"https:\/\/conexiondigital.com.do\/index.php\/wp-json\/wp\/v2\/posts"}],"about":[{"href":"https:\/\/conexiondigital.com.do\/index.php\/wp-json\/wp\/v2\/types\/post"}],"author":[{"embeddable":true,"href":"https:\/\/conexiondigital.com.do\/index.php\/wp-json\/wp\/v2\/users\/1"}],"replies":[{"embeddable":true,"href":"https:\/\/conexiondigital.com.do\/index.php\/wp-json\/wp\/v2\/comments?post=85295"}],"version-history":[{"count":1,"href":"https:\/\/conexiondigital.com.do\/index.php\/wp-json\/wp\/v2\/posts\/85295\/revisions"}],"predecessor-version":[{"id":85297,"href":"https:\/\/conexiondigital.com.do\/index.php\/wp-json\/wp\/v2\/posts\/85295\/revisions\/85297"}],"wp:featuredmedia":[{"embeddable":true,"href":"https:\/\/conexiondigital.com.do\/index.php\/wp-json\/wp\/v2\/media\/85296"}],"wp:attachment":[{"href":"https:\/\/conexiondigital.com.do\/index.php\/wp-json\/wp\/v2\/media?parent=85295"}],"wp:term":[{"taxonomy":"category","embeddable":true,"href":"https:\/\/conexiondigital.com.do\/index.php\/wp-json\/wp\/v2\/categories?post=85295"},{"taxonomy":"post_tag","embeddable":true,"href":"https:\/\/conexiondigital.com.do\/index.php\/wp-json\/wp\/v2\/tags?post=85295"}],"curies":[{"name":"wp","href":"https:\/\/api.w.org\/{rel}","templated":true}]}}