{"id":85333,"date":"2019-02-28T11:56:06","date_gmt":"2019-02-28T15:56:06","guid":{"rendered":"http:\/\/conexiondigital.com.do\/?p=85333"},"modified":"2019-02-28T11:56:06","modified_gmt":"2019-02-28T15:56:06","slug":"rd-ocupa-primer-lugar-en-infraestructura-de-transporte-en-centroamerica","status":"publish","type":"post","link":"https:\/\/conexiondigital.com.do\/index.php\/2019\/02\/28\/rd-ocupa-primer-lugar-en-infraestructura-de-transporte-en-centroamerica\/","title":{"rendered":"RD ocupa primer lugar en infraestructura de transporte en Centroam\u00e9rica"},"content":{"rendered":"<div id=\"attachment_85334\" style=\"width: 662px\" class=\"wp-caption alignleft\"><img loading=\"lazy\" decoding=\"async\" aria-describedby=\"caption-attachment-85334\" class=\" wp-image-85334\" src=\"https:\/\/images.conexiondigital.com.do\/wp-content\/uploads\/wp-content\/uploads\/2019\/02\/unnamed-16-800x450.jpg\" alt=\"\" width=\"652\" height=\"367\" \/><p id=\"caption-attachment-85334\" class=\"wp-caption-text\">DCIM100MEDIADJI_0004.JPG<\/p><\/div>\n<p>Santo Domingo-Gracias a los constantes esfuerzos del gobierno dominicano en el mejoramiento de la conectividad, el pa\u00eds ocupa la posici\u00f3n n\u00famero uno en materia de infraestructura de transporte en Centroam\u00e9rica.<\/p>\n<p>Durante su rendici\u00f3n de cuentas en ocasi\u00f3n del 175 aniversario de la Independencia Nacional, el presidente Danilo Medina comparti\u00f3 los resultados del\u00a0\u201cReporte Global de Competitividad 2018- 2019\u201d\u00a0del Foro Econ\u00f3mico Mundial.<\/p>\n<p>Agreg\u00f3 que tambi\u00e9n \u201csomos el quinto pa\u00eds de mejor infraestructura vial de Am\u00e9rica Latina\u201d.<\/p>\n<p>Las infraestructuras para la producci\u00f3n\u00a0en\u00a0\u00e1reas rurales tambi\u00e9n fueron mejoradas. El Ministerio de Agricultura intervino unos 1,300 kil\u00f3metros de caminos interparcelarios durante el a\u00f1o 2018.<\/p>\n<p>116 planteles escolares y 15 estancias infantiles<br \/>\nDel mismo modo, destac\u00f3 la entrega de otras infraestructuras que contribuyen al bienestar de la gente. En el 2018, se entregaron 116 planteles escolares y 15 estancias infantiles en todo el territorio nacional.<\/p>\n<p>Otros 194 planteles escolares y 41 estancias infantiles\u00a0est\u00e1n en proceso de construcci\u00f3n y ser\u00e1n entregados en el 2019.<\/p>\n<p>Adem\u00e1s, en el 2018, la poblaci\u00f3n recibi\u00f3 los siguientes hospitales:<\/p>\n<p>\u00b7\u00a0\u00a0\u00a0\u00a0\u00a0\u00a0\u00a0\u00a0\u00a0Hospital Hondo Valle, en El\u00edas Pi\u00f1a.<\/p>\n<p>\u00b7\u00a0\u00a0\u00a0\u00a0\u00a0\u00a0\u00a0\u00a0\u00a0Hospital Rosa Duarte, en El\u00edas Pi\u00f1a.<\/p>\n<p>\u00b7\u00a0\u00a0\u00a0\u00a0\u00a0\u00a0\u00a0\u00a0\u00a0Hospital Doctor. Jos\u00e9\u00a0P\u00e9rez, en Duverg\u00e9.<\/p>\n<p>\u00b7\u00a0\u00a0\u00a0\u00a0\u00a0\u00a0\u00a0\u00a0\u00a0Hospital Ciudad Juan Bosch, en Santo Domingo.<\/p>\n<p>\u00b7\u00a0\u00a0\u00a0\u00a0\u00a0\u00a0\u00a0\u00a0\u00a0Hospital Jam\u00e1o al Norte, en Espaillat.<\/p>\n<p>\u00b7\u00a0\u00a0\u00a0\u00a0\u00a0\u00a0\u00a0\u00a0\u00a0Hospital Pedro Antonio C\u00e9spedes, en Constanza.<\/p>\n<p>\u00b7\u00a0\u00a0\u00a0\u00a0\u00a0\u00a0\u00a0\u00a0\u00a0Hospital Antonio Yapor Heded, en Nagua.<\/p>\n<p>\u00b7\u00a0\u00a0\u00a0\u00a0\u00a0\u00a0\u00a0\u00a0\u00a0Hospital Padre Fantino, en Montecristi.<\/p>\n<p>\u00b7\u00a0\u00a0\u00a0\u00a0\u00a0\u00a0\u00a0\u00a0\u00a0Hospital Los Hidalgos, en Puerto Plata.<\/p>\n<p>\u00b7\u00a0\u00a0\u00a0\u00a0\u00a0\u00a0\u00a0\u00a0\u00a0Hospital Doctor Ricardo Limardo, en Puerto Plata.<\/p>\n<p>\u00b7\u00a0\u00a0\u00a0\u00a0\u00a0\u00a0\u00a0\u00a0\u00a0Hospital Alberto Gautreaux, en S\u00e1nchez, Saman\u00e1.<\/p>\n<p>\u00b7\u00a0\u00a0\u00a0\u00a0\u00a0\u00a0\u00a0\u00a0\u00a0Hospital Federico Armando Aybar, en Las Matas de Farf\u00e1n, San Juan.<\/p>\n<p>\u00b7\u00a0\u00a0\u00a0\u00a0\u00a0\u00a0\u00a0\u00a0\u00a0Hospital Doctor Alejandro Cabral, en San Juan.<\/p>\n<p>\u00b7\u00a0\u00a0\u00a0\u00a0\u00a0\u00a0\u00a0\u00a0\u00a0Hospital Villa La Mata, en S\u00e1nchez Ram\u00edrez.<\/p>\n<p>\u00b7\u00a0\u00a0\u00a0\u00a0\u00a0\u00a0\u00a0\u00a0\u00a0Hospital Inmaculada Concepci\u00f3n, en Cotu\u00ed, S\u00e1nchez Ram\u00edrez.<\/p>\n<p>\u00b7\u00a0\u00a0\u00a0\u00a0\u00a0\u00a0\u00a0\u00a0\u00a0Hospital General Santiago Rodr\u00edguez, en Santiago Rodr\u00edguez.<\/p>\n<p>\u00b7\u00a0\u00a0\u00a0\u00a0\u00a0\u00a0\u00a0\u00a0\u00a0Hospital Ingeniero Luis L. Bogaert, en Mao, Valverde.<\/p>\n<p>&nbsp;<\/p>\n","protected":false},"excerpt":{"rendered":"<p>Santo Domingo-Gracias a los constantes esfuerzos del gobierno dominicano en el mejoramiento de la conectividad, el pa\u00eds ocupa la posici\u00f3n n\u00famero uno en materia de infraestructura de transporte en Centroam\u00e9rica. Durante su rendici\u00f3n de cuentas en ocasi\u00f3n del 175 aniversario de la Independencia Nacional, el presidente Danilo Medina comparti\u00f3 los resultados del\u00a0\u201cReporte Global de Competitividad 2018- 2019\u201d\u00a0del Foro Econ\u00f3mico Mundial. Agreg\u00f3 que tambi\u00e9n \u201csomos el quinto pa\u00eds de mejor infraestructura vial de Am\u00e9rica Latina\u201d. Las infraestructuras para la producci\u00f3n\u00a0en\u00a0\u00e1reas rurales tambi\u00e9n fueron mejoradas. El Ministerio de Agricultura intervino unos 1,300 kil\u00f3metros de caminos interparcelarios durante el a\u00f1o 2018. 116 planteles escolares y 15 estancias infantiles Del mismo modo, destac\u00f3 la entrega de otras infraestructuras que contribuyen al bienestar de la gente. En el 2018, se entregaron 116 planteles escolares y 15 estancias infantiles en todo el territorio nacional. Otros 194 planteles escolares y 41 estancias infantiles\u00a0est\u00e1n en proceso de construcci\u00f3n y ser\u00e1n entregados en el 2019. Adem\u00e1s, en el 2018, la poblaci\u00f3n recibi\u00f3 los siguientes hospitales: \u00b7\u00a0\u00a0\u00a0\u00a0\u00a0\u00a0\u00a0\u00a0\u00a0Hospital Hondo Valle, en El\u00edas Pi\u00f1a. \u00b7\u00a0\u00a0\u00a0\u00a0\u00a0\u00a0\u00a0\u00a0\u00a0Hospital Rosa Duarte, en El\u00edas Pi\u00f1a. \u00b7\u00a0\u00a0\u00a0\u00a0\u00a0\u00a0\u00a0\u00a0\u00a0Hospital Doctor. Jos\u00e9\u00a0P\u00e9rez, en Duverg\u00e9. \u00b7\u00a0\u00a0\u00a0\u00a0\u00a0\u00a0\u00a0\u00a0\u00a0Hospital Ciudad Juan Bosch, en Santo Domingo. \u00b7\u00a0\u00a0\u00a0\u00a0\u00a0\u00a0\u00a0\u00a0\u00a0Hospital Jam\u00e1o al Norte, en Espaillat. \u00b7\u00a0\u00a0\u00a0\u00a0\u00a0\u00a0\u00a0\u00a0\u00a0Hospital Pedro Antonio C\u00e9spedes, en Constanza. \u00b7\u00a0\u00a0\u00a0\u00a0\u00a0\u00a0\u00a0\u00a0\u00a0Hospital Antonio Yapor Heded, en Nagua. \u00b7\u00a0\u00a0\u00a0\u00a0\u00a0\u00a0\u00a0\u00a0\u00a0Hospital Padre Fantino, en Montecristi. \u00b7\u00a0\u00a0\u00a0\u00a0\u00a0\u00a0\u00a0\u00a0\u00a0Hospital Los Hidalgos, en Puerto Plata. \u00b7\u00a0\u00a0\u00a0\u00a0\u00a0\u00a0\u00a0\u00a0\u00a0Hospital Doctor Ricardo Limardo, en Puerto Plata. \u00b7\u00a0\u00a0\u00a0\u00a0\u00a0\u00a0\u00a0\u00a0\u00a0Hospital Alberto Gautreaux, en S\u00e1nchez, Saman\u00e1. \u00b7\u00a0\u00a0\u00a0\u00a0\u00a0\u00a0\u00a0\u00a0\u00a0Hospital Federico Armando Aybar, en Las Matas de Farf\u00e1n, San Juan. \u00b7\u00a0\u00a0\u00a0\u00a0\u00a0\u00a0\u00a0\u00a0\u00a0Hospital Doctor Alejandro Cabral, en San Juan. \u00b7\u00a0\u00a0\u00a0\u00a0\u00a0\u00a0\u00a0\u00a0\u00a0Hospital Villa La Mata, en S\u00e1nchez Ram\u00edrez. \u00b7\u00a0\u00a0\u00a0\u00a0\u00a0\u00a0\u00a0\u00a0\u00a0Hospital Inmaculada Concepci\u00f3n, en Cotu\u00ed, S\u00e1nchez Ram\u00edrez. \u00b7\u00a0\u00a0\u00a0\u00a0\u00a0\u00a0\u00a0\u00a0\u00a0Hospital General Santiago Rodr\u00edguez, en Santiago Rodr\u00edguez. \u00b7\u00a0\u00a0\u00a0\u00a0\u00a0\u00a0\u00a0\u00a0\u00a0Hospital Ingeniero Luis L. Bogaert, en Mao, Valverde. &nbsp;<\/p>\n","protected":false},"author":1,"featured_media":85334,"comment_status":"open","ping_status":"open","sticky":false,"template":"","format":"standard","meta":{"om_disable_all_campaigns":false,"footnotes":""},"categories":[15],"tags":[],"class_list":["post-85333","post","type-post","status-publish","format-standard","has-post-thumbnail","hentry","category-nacionales"],"_links":{"self":[{"href":"https:\/\/conexiondigital.com.do\/index.php\/wp-json\/wp\/v2\/posts\/85333","targetHints":{"allow":["GET"]}}],"collection":[{"href":"https:\/\/conexiondigital.com.do\/index.php\/wp-json\/wp\/v2\/posts"}],"about":[{"href":"https:\/\/conexiondigital.com.do\/index.php\/wp-json\/wp\/v2\/types\/post"}],"author":[{"embeddable":true,"href":"https:\/\/conexiondigital.com.do\/index.php\/wp-json\/wp\/v2\/users\/1"}],"replies":[{"embeddable":true,"href":"https:\/\/conexiondigital.com.do\/index.php\/wp-json\/wp\/v2\/comments?post=85333"}],"version-history":[{"count":1,"href":"https:\/\/conexiondigital.com.do\/index.php\/wp-json\/wp\/v2\/posts\/85333\/revisions"}],"predecessor-version":[{"id":85335,"href":"https:\/\/conexiondigital.com.do\/index.php\/wp-json\/wp\/v2\/posts\/85333\/revisions\/85335"}],"wp:featuredmedia":[{"embeddable":true,"href":"https:\/\/conexiondigital.com.do\/index.php\/wp-json\/wp\/v2\/media\/85334"}],"wp:attachment":[{"href":"https:\/\/conexiondigital.com.do\/index.php\/wp-json\/wp\/v2\/media?parent=85333"}],"wp:term":[{"taxonomy":"category","embeddable":true,"href":"https:\/\/conexiondigital.com.do\/index.php\/wp-json\/wp\/v2\/categories?post=85333"},{"taxonomy":"post_tag","embeddable":true,"href":"https:\/\/conexiondigital.com.do\/index.php\/wp-json\/wp\/v2\/tags?post=85333"}],"curies":[{"name":"wp","href":"https:\/\/api.w.org\/{rel}","templated":true}]}}