{"id":85353,"date":"2019-02-28T13:09:36","date_gmt":"2019-02-28T17:09:36","guid":{"rendered":"http:\/\/conexiondigital.com.do\/?p=85353"},"modified":"2019-02-28T13:09:36","modified_gmt":"2019-02-28T17:09:36","slug":"en-2018-se-redobla-proteccion-frontera","status":"publish","type":"post","link":"https:\/\/conexiondigital.com.do\/index.php\/2019\/02\/28\/en-2018-se-redobla-proteccion-frontera\/","title":{"rendered":"En 2018 se redobla protecci\u00f3n frontera"},"content":{"rendered":"<p><img loading=\"lazy\" decoding=\"async\" class=\" wp-image-85354 alignleft\" src=\"https:\/\/images.conexiondigital.com.do\/wp-content\/uploads\/wp-content\/uploads\/2019\/02\/unnamed-20-800x456.jpg\" alt=\"\" width=\"632\" height=\"360\" \/>Santo Domingo-El presidente Danilo Medina afirm\u00f3 que, a lo largo de los \u00faltimos doce meses, se han redoblado la atenci\u00f3n, los recursos y la fuerza destinada a cuidar nuestra frontera.<\/p>\n<p>Las labores se han realizado en coordinaci\u00f3n con el Ej\u00e9rcito de Rep\u00fablica Dominicana, la Fuerza A\u00e9rea de Rep\u00fablica Dominicana, el Cuerpo Especializado de Seguridad Fronteriza Terrestre\u00a0y la Direcci\u00f3n General de Migraci\u00f3n, a trav\u00e9s del Ministerio de Defensa.<\/p>\n<p>8,500 soldados en franja fronteriza, drones y binoculares<\/p>\n<p>Tal y como lo prometi\u00f3 el 27 de febrero del pasado a\u00f1o, en el mismo escenario, dijo que \u201cse ha puesto en operaci\u00f3n una flotilla de drones, hemos instalado 145 c\u00e1maras de videovigilancia en puntos estrat\u00e9gicos, tenemos radios de comunicaci\u00f3n, binoculares diurnos y nocturnos\u201d.<\/p>\n<p>Tres puestos de chequeo dejados en funcionamiento en 2018<\/p>\n<p>Signific\u00f3 que se han puesto en operaci\u00f3n tres bases interagenciales o puestos de chequeo en Jicom\u00e9, Los Pilones y Copey.<\/p>\n<p>Siete puestos de chequeo m\u00e1s en 2019<\/p>\n<p>Enfatiz\u00f3 que, para garantizar una respuesta m\u00e1s r\u00e1pida y eficiente, ya est\u00e1n en construcci\u00f3n siete puestos adicionales en Enriquillo, Vicente Noble, el 15 de Azua, La Leonor en el cruce de Monci\u00f3n, Cruce de Santiago de la Cruz, Estero Hondo y en Amina de la provincia Valverde.<\/p>\n<p>Deportados aumentan 340% con relaci\u00f3n a dos a\u00f1os anteriores<\/p>\n<p>El presidente de la Rep\u00fablica ponder\u00f3 que los resultados de los esfuerzos ya se reflejan en las cifras de la Direcci\u00f3n General de Migraci\u00f3n.<\/p>\n<p>En el per\u00edodo 2017- 2018, fueron deportados por esa direcci\u00f3n m\u00e1s de 242,000 inmigrantes en situaci\u00f3n irregular, lo que significa un aumento de un 340% con relaci\u00f3n a los dos a\u00f1os anteriores.<\/p>\n","protected":false},"excerpt":{"rendered":"<p>Santo Domingo-El presidente Danilo Medina afirm\u00f3 que, a lo largo de los \u00faltimos doce meses, se han redoblado la atenci\u00f3n, los recursos y la fuerza destinada a cuidar nuestra frontera. Las labores se han realizado en coordinaci\u00f3n con el Ej\u00e9rcito de Rep\u00fablica Dominicana, la Fuerza A\u00e9rea de Rep\u00fablica Dominicana, el Cuerpo Especializado de Seguridad Fronteriza Terrestre\u00a0y la Direcci\u00f3n General de Migraci\u00f3n, a trav\u00e9s del Ministerio de Defensa. 8,500 soldados en franja fronteriza, drones y binoculares Tal y como lo prometi\u00f3 el 27 de febrero del pasado a\u00f1o, en el mismo escenario, dijo que \u201cse ha puesto en operaci\u00f3n una flotilla de drones, hemos instalado 145 c\u00e1maras de videovigilancia en puntos estrat\u00e9gicos, tenemos radios de comunicaci\u00f3n, binoculares diurnos y nocturnos\u201d. Tres puestos de chequeo dejados en funcionamiento en 2018 Signific\u00f3 que se han puesto en operaci\u00f3n tres bases interagenciales o puestos de chequeo en Jicom\u00e9, Los Pilones y Copey. Siete puestos de chequeo m\u00e1s en 2019 Enfatiz\u00f3 que, para garantizar una respuesta m\u00e1s r\u00e1pida y eficiente, ya est\u00e1n en construcci\u00f3n siete puestos adicionales en Enriquillo, Vicente Noble, el 15 de Azua, La Leonor en el cruce de Monci\u00f3n, Cruce de Santiago de la Cruz, Estero Hondo y en Amina de la provincia Valverde. Deportados aumentan 340% con relaci\u00f3n a dos a\u00f1os anteriores El presidente de la Rep\u00fablica ponder\u00f3 que los resultados de los esfuerzos ya se reflejan en las cifras de la Direcci\u00f3n General de Migraci\u00f3n. En el per\u00edodo 2017- 2018, fueron deportados por esa direcci\u00f3n m\u00e1s de 242,000 inmigrantes en situaci\u00f3n irregular, lo que significa un aumento de un 340% con relaci\u00f3n a los dos a\u00f1os anteriores.<\/p>\n","protected":false},"author":1,"featured_media":85354,"comment_status":"open","ping_status":"open","sticky":false,"template":"","format":"standard","meta":{"om_disable_all_campaigns":false,"footnotes":""},"categories":[15],"tags":[],"class_list":["post-85353","post","type-post","status-publish","format-standard","has-post-thumbnail","hentry","category-nacionales"],"_links":{"self":[{"href":"https:\/\/conexiondigital.com.do\/index.php\/wp-json\/wp\/v2\/posts\/85353","targetHints":{"allow":["GET"]}}],"collection":[{"href":"https:\/\/conexiondigital.com.do\/index.php\/wp-json\/wp\/v2\/posts"}],"about":[{"href":"https:\/\/conexiondigital.com.do\/index.php\/wp-json\/wp\/v2\/types\/post"}],"author":[{"embeddable":true,"href":"https:\/\/conexiondigital.com.do\/index.php\/wp-json\/wp\/v2\/users\/1"}],"replies":[{"embeddable":true,"href":"https:\/\/conexiondigital.com.do\/index.php\/wp-json\/wp\/v2\/comments?post=85353"}],"version-history":[{"count":1,"href":"https:\/\/conexiondigital.com.do\/index.php\/wp-json\/wp\/v2\/posts\/85353\/revisions"}],"predecessor-version":[{"id":85355,"href":"https:\/\/conexiondigital.com.do\/index.php\/wp-json\/wp\/v2\/posts\/85353\/revisions\/85355"}],"wp:featuredmedia":[{"embeddable":true,"href":"https:\/\/conexiondigital.com.do\/index.php\/wp-json\/wp\/v2\/media\/85354"}],"wp:attachment":[{"href":"https:\/\/conexiondigital.com.do\/index.php\/wp-json\/wp\/v2\/media?parent=85353"}],"wp:term":[{"taxonomy":"category","embeddable":true,"href":"https:\/\/conexiondigital.com.do\/index.php\/wp-json\/wp\/v2\/categories?post=85353"},{"taxonomy":"post_tag","embeddable":true,"href":"https:\/\/conexiondigital.com.do\/index.php\/wp-json\/wp\/v2\/tags?post=85353"}],"curies":[{"name":"wp","href":"https:\/\/api.w.org\/{rel}","templated":true}]}}