{"id":86553,"date":"2019-03-19T12:05:26","date_gmt":"2019-03-19T16:05:26","guid":{"rendered":"http:\/\/conexiondigital.com.do\/?p=86553"},"modified":"2019-03-19T12:05:26","modified_gmt":"2019-03-19T16:05:26","slug":"el-banco-central-celebrara-su-vi-semana-economica-y-financiera-desde-el-lunes-25-al-viernes-29-de-marzo","status":"publish","type":"post","link":"https:\/\/conexiondigital.com.do\/index.php\/2019\/03\/19\/el-banco-central-celebrara-su-vi-semana-economica-y-financiera-desde-el-lunes-25-al-viernes-29-de-marzo\/","title":{"rendered":"El Banco Central celebrar\u00e1 su VI Semana Econ\u00f3mica y Financiera desde el lunes 25 al viernes 29 de marzo"},"content":{"rendered":"<p><img loading=\"lazy\" decoding=\"async\" class=\" wp-image-86556 alignleft\" src=\"https:\/\/images.conexiondigital.com.do\/wp-content\/uploads\/wp-content\/uploads\/2019\/03\/download-4.png\" alt=\"\" width=\"434\" height=\"288\" \/>Santo Domingo-El Banco Central de la Rep\u00fablica Dominicana (BCRD) celebrar\u00e1 desde el pr\u00f3ximo lunes 25 de marzo su VI Semana Econ\u00f3mica y Financiera (SEF), un acontecimiento cultural y divulgativo perteneciente a su programa de responsabilidad social Aula Central, coordinado con la organizaci\u00f3n \u2018Child and Youth Finance international\u2019, en el marco del evento internacional \u2018Global Money Week\u2019.<\/p>\n<p>Esta actividad, en la que participar\u00e1n 38 instituciones, est\u00e1 dirigida principalmente a ni\u00f1os desde 6 a\u00f1os hasta j\u00f3venes en el \u00faltimo a\u00f1o de bachillerato que cursan estudios en nuestro pa\u00eds, aunque su amplia oferta econ\u00f3mica y financiera de gran calidad durante la semana alcanza, adem\u00e1s de los centros educacionales del pa\u00eds, a los profesionales del sector<br \/>\nfinanciero y de los medios de comunicaci\u00f3n de la Rep\u00fablica Dominicana.<\/p>\n<p>La VI Semana Econ\u00f3mica y Financiera del BCRD, que espera recibir miles de visitas de alumnos pertenecientes a un centenar de centros educativos p\u00fablicos y privados invitados, procedentes de diferentes puntos de la geograf\u00eda dominicana, se celebrar\u00e1 simult\u00e1neamente en la Oficina Regional de Santiago para los estudiantes y personas interesadas de esa provincia y la regi\u00f3n del Cibao.<\/p>\n<p>El BCRD inform\u00f3 que todas las informaciones relacionadas a la SEF podr\u00e1n encontrarse en el subportal www.bancentral.gov.do\/sefbcrd , en sus cuentas de redes sociales para Twitter, Facebook, Instagram, YouTube y Livestream con el nombre Banco Central RD, y a trav\u00e9s de la etiqueta #sefBCRD.<\/p>\n","protected":false},"excerpt":{"rendered":"<p>Santo Domingo-El Banco Central de la Rep\u00fablica Dominicana (BCRD) celebrar\u00e1 desde el pr\u00f3ximo lunes 25 de marzo su VI Semana Econ\u00f3mica y Financiera (SEF), un acontecimiento cultural y divulgativo perteneciente a su programa de responsabilidad social Aula Central, coordinado con la organizaci\u00f3n \u2018Child and Youth Finance international\u2019, en el marco del evento internacional \u2018Global Money Week\u2019. Esta actividad, en la que participar\u00e1n 38 instituciones, est\u00e1 dirigida principalmente a ni\u00f1os desde 6 a\u00f1os hasta j\u00f3venes en el \u00faltimo a\u00f1o de bachillerato que cursan estudios en nuestro pa\u00eds, aunque su amplia oferta econ\u00f3mica y financiera de gran calidad durante la semana alcanza, adem\u00e1s de los centros educacionales del pa\u00eds, a los profesionales del sector financiero y de los medios de comunicaci\u00f3n de la Rep\u00fablica Dominicana. La VI Semana Econ\u00f3mica y Financiera del BCRD, que espera recibir miles de visitas de alumnos pertenecientes a un centenar de centros educativos p\u00fablicos y privados invitados, procedentes de diferentes puntos de la geograf\u00eda dominicana, se celebrar\u00e1 simult\u00e1neamente en la Oficina Regional de Santiago para los estudiantes y personas interesadas de esa provincia y la regi\u00f3n del Cibao. El BCRD inform\u00f3 que todas las informaciones relacionadas a la SEF podr\u00e1n encontrarse en el subportal www.bancentral.gov.do\/sefbcrd , en sus cuentas de redes sociales para Twitter, Facebook, Instagram, YouTube y Livestream con el nombre Banco Central RD, y a trav\u00e9s de la etiqueta #sefBCRD.<\/p>\n","protected":false},"author":1,"featured_media":86556,"comment_status":"open","ping_status":"open","sticky":false,"template":"","format":"standard","meta":{"om_disable_all_campaigns":false,"footnotes":""},"categories":[19],"tags":[],"class_list":["post-86553","post","type-post","status-publish","format-standard","has-post-thumbnail","hentry","category-finance"],"_links":{"self":[{"href":"https:\/\/conexiondigital.com.do\/index.php\/wp-json\/wp\/v2\/posts\/86553","targetHints":{"allow":["GET"]}}],"collection":[{"href":"https:\/\/conexiondigital.com.do\/index.php\/wp-json\/wp\/v2\/posts"}],"about":[{"href":"https:\/\/conexiondigital.com.do\/index.php\/wp-json\/wp\/v2\/types\/post"}],"author":[{"embeddable":true,"href":"https:\/\/conexiondigital.com.do\/index.php\/wp-json\/wp\/v2\/users\/1"}],"replies":[{"embeddable":true,"href":"https:\/\/conexiondigital.com.do\/index.php\/wp-json\/wp\/v2\/comments?post=86553"}],"version-history":[{"count":1,"href":"https:\/\/conexiondigital.com.do\/index.php\/wp-json\/wp\/v2\/posts\/86553\/revisions"}],"predecessor-version":[{"id":86557,"href":"https:\/\/conexiondigital.com.do\/index.php\/wp-json\/wp\/v2\/posts\/86553\/revisions\/86557"}],"wp:featuredmedia":[{"embeddable":true,"href":"https:\/\/conexiondigital.com.do\/index.php\/wp-json\/wp\/v2\/media\/86556"}],"wp:attachment":[{"href":"https:\/\/conexiondigital.com.do\/index.php\/wp-json\/wp\/v2\/media?parent=86553"}],"wp:term":[{"taxonomy":"category","embeddable":true,"href":"https:\/\/conexiondigital.com.do\/index.php\/wp-json\/wp\/v2\/categories?post=86553"},{"taxonomy":"post_tag","embeddable":true,"href":"https:\/\/conexiondigital.com.do\/index.php\/wp-json\/wp\/v2\/tags?post=86553"}],"curies":[{"name":"wp","href":"https:\/\/api.w.org\/{rel}","templated":true}]}}