{"id":86930,"date":"2019-03-25T13:28:22","date_gmt":"2019-03-25T17:28:22","guid":{"rendered":"http:\/\/conexiondigital.com.do\/?p=86930"},"modified":"2019-03-26T10:40:06","modified_gmt":"2019-03-26T14:40:06","slug":"siv-destaca-crecimiento-en-inversiones-de-valores-rd","status":"publish","type":"post","link":"https:\/\/conexiondigital.com.do\/index.php\/2019\/03\/25\/siv-destaca-crecimiento-en-inversiones-de-valores-rd\/","title":{"rendered":"SIV destaca crecimiento en inversiones de valores  RD"},"content":{"rendered":"<p><img loading=\"lazy\" decoding=\"async\" class=\" wp-image-86931 alignleft\" src=\"https:\/\/images.conexiondigital.com.do\/wp-content\/uploads\/wp-content\/uploads\/2019\/03\/download-32.jpg\" alt=\"\" width=\"413\" height=\"222\" \/>Santo Domingo-Superintendente de Valores, Gabriel Castro, revel\u00f3 que m\u00e1s de cien \u00a0mil personas en este 2019, han invertido en el mercado de valores de la Rep\u00fablica Dominicana.<\/p>\n<p>Dijo que tienen como meta continuar incentivando para sigan creciendo las inversiones en el mercado local.<\/p>\n<p>\u2018\u2019En el a\u00f1o 2012 ese n\u00famero era a penas de 15 mil personas, y ya para el periodo 2019 a incrementado a 100 mil, lo que indica que ha ido creciendo con el tiempo, tenemos aparte de las campa\u00f1as publicitarias que tiene la entidad tambi\u00e9n contamos con programas especiales de formaci\u00f3n a altos ejecutivos, universidades, colegios y en sentido general\u2019\u2019. Indic\u00f3 el ejecutivo<\/p>\n<p>El funcionario destac\u00f3 que promueven diversos programas de capacitaci\u00f3n a todos los niveles para continuar impulsando las inversiones en el mercado de valores del pa\u00eds.<\/p>\n<p>&nbsp;<\/p>\n","protected":false},"excerpt":{"rendered":"<p>Santo Domingo-Superintendente de Valores, Gabriel Castro, revel\u00f3 que m\u00e1s de cien \u00a0mil personas en este 2019, han invertido en el mercado de valores de la Rep\u00fablica Dominicana. Dijo que tienen como meta continuar incentivando para sigan creciendo las inversiones en el mercado local. \u2018\u2019En el a\u00f1o 2012 ese n\u00famero era a penas de 15 mil personas, y ya para el periodo 2019 a incrementado a 100 mil, lo que indica que ha ido creciendo con el tiempo, tenemos aparte de las campa\u00f1as publicitarias que tiene la entidad tambi\u00e9n contamos con programas especiales de formaci\u00f3n a altos ejecutivos, universidades, colegios y en sentido general\u2019\u2019. Indic\u00f3 el ejecutivo El funcionario destac\u00f3 que promueven diversos programas de capacitaci\u00f3n a todos los niveles para continuar impulsando las inversiones en el mercado de valores del pa\u00eds. &nbsp;<\/p>\n","protected":false},"author":1,"featured_media":86931,"comment_status":"open","ping_status":"open","sticky":false,"template":"","format":"standard","meta":{"om_disable_all_campaigns":false,"footnotes":""},"categories":[19],"tags":[],"class_list":["post-86930","post","type-post","status-publish","format-standard","has-post-thumbnail","hentry","category-finance"],"_links":{"self":[{"href":"https:\/\/conexiondigital.com.do\/index.php\/wp-json\/wp\/v2\/posts\/86930","targetHints":{"allow":["GET"]}}],"collection":[{"href":"https:\/\/conexiondigital.com.do\/index.php\/wp-json\/wp\/v2\/posts"}],"about":[{"href":"https:\/\/conexiondigital.com.do\/index.php\/wp-json\/wp\/v2\/types\/post"}],"author":[{"embeddable":true,"href":"https:\/\/conexiondigital.com.do\/index.php\/wp-json\/wp\/v2\/users\/1"}],"replies":[{"embeddable":true,"href":"https:\/\/conexiondigital.com.do\/index.php\/wp-json\/wp\/v2\/comments?post=86930"}],"version-history":[{"count":2,"href":"https:\/\/conexiondigital.com.do\/index.php\/wp-json\/wp\/v2\/posts\/86930\/revisions"}],"predecessor-version":[{"id":86980,"href":"https:\/\/conexiondigital.com.do\/index.php\/wp-json\/wp\/v2\/posts\/86930\/revisions\/86980"}],"wp:featuredmedia":[{"embeddable":true,"href":"https:\/\/conexiondigital.com.do\/index.php\/wp-json\/wp\/v2\/media\/86931"}],"wp:attachment":[{"href":"https:\/\/conexiondigital.com.do\/index.php\/wp-json\/wp\/v2\/media?parent=86930"}],"wp:term":[{"taxonomy":"category","embeddable":true,"href":"https:\/\/conexiondigital.com.do\/index.php\/wp-json\/wp\/v2\/categories?post=86930"},{"taxonomy":"post_tag","embeddable":true,"href":"https:\/\/conexiondigital.com.do\/index.php\/wp-json\/wp\/v2\/tags?post=86930"}],"curies":[{"name":"wp","href":"https:\/\/api.w.org\/{rel}","templated":true}]}}