{"id":87071,"date":"2019-03-27T09:31:20","date_gmt":"2019-03-27T13:31:20","guid":{"rendered":"http:\/\/conexiondigital.com.do\/?p=87071"},"modified":"2019-03-27T09:31:20","modified_gmt":"2019-03-27T13:31:20","slug":"sib-participa-en-vi-feria-economica-y-financiera","status":"publish","type":"post","link":"https:\/\/conexiondigital.com.do\/index.php\/2019\/03\/27\/sib-participa-en-vi-feria-economica-y-financiera\/","title":{"rendered":"SIB participa en VI Feria Econ\u00f3mica y Financiera"},"content":{"rendered":"<p><img loading=\"lazy\" decoding=\"async\" class=\" wp-image-87074 alignleft\" src=\"https:\/\/images.conexiondigital.com.do\/wp-content\/uploads\/wp-content\/uploads\/2019\/03\/DSC_0064-800x533.jpg\" alt=\"\" width=\"514\" height=\"342\" \/>Santo Domingo-La Superintendencia de Bancos (SIB) particip\u00f3 en la VI versi\u00f3n de la Semana Econ\u00f3mica y Financiera (SEF), versi\u00f3n 2019, que se celebra del lunes 25 al viernes 29 de marzo en el Auditorium del Banco Central.<\/p>\n<p>El Superintendente de Bancos, Luis Armando Asunci\u00f3n \u00c1lvarez, recibi\u00f3 en el stand de la Superintendencia al Gobernador del Banco Central, H\u00e9ctor Valdez Albizu, junto al nuevo personaje de la SIB, el Supervisor.<\/p>\n<p>El personaje de la Superintendencia de Bancos, El S\u00faper Visor, fue presentado para esta ocasi\u00f3n como una novedad, el cual, se caracteriza porque siempre est\u00e1 en actitud de vigilancia permanente, cuidando los ahorros de las personas. Le gusta servir y recibe cualquier reclamaci\u00f3n o queja sobre las entidades financieras. Habla con la gente y les ense\u00f1a c\u00f3mo pueden manejar de la mejor manera sus finanzas personales. Los estudiantes presentes se fotografiaron con El S\u00faper Visor.<\/p>\n<p>Para su participaci\u00f3n en la Semana Econ\u00f3mica y Financiera, el \u00f3rgano supervisor del sistema financiero dise\u00f1\u00f3 un programa de capacitaci\u00f3n y entretenimiento dirigido a ni\u00f1os, j\u00f3venes y p\u00fablico en general, que\u00a0se da cita al referido\u00a0evento.<\/p>\n<p>Dentro de su programa, la SIB tambi\u00e9n present\u00f3 la conferencia titulada: \u201cIncentivando el Ahorro\u201d, dictada por especialistas de Prousuario y dirigida a estudiantes de los niveles 5to. y 6to de secundaria, a quienes se les orient\u00f3 sobre conceptos b\u00e1sicos de finanzas personales; herramientas para elaborar un plan de ahorro; qu\u00e9 es y c\u00f3mo elaborar un presupuesto y las funciones de la instituci\u00f3n supervisora.<\/p>\n<p>Asimismo, a los participantes se les adiestr\u00f3 sobre la importancia del ahorro, c\u00f3mo ahorrar con seguridad a trav\u00e9s de las entidades financieras autorizadas, c\u00f3mo hacer un plan de ahorro, qu\u00e9 es el sistema financiero y Prousuario, como \u00f3rgano para resolver cualquier conflicto que se genere como usuario del sistema.<\/p>\n<p>La SIB durante toda la semana distribuye en su stand diversos materiales educativos que versan sobre los temas: Los Derechos de los Usuarios, C\u00f3mo Reclamar, Funciones de la Superintendencia de Bancos y material interactivo, de juegos y entrenamiento.<\/p>\n<p>Igualmente, un personal de Prousuario, de la Superintendencia de Bancos, permanecer\u00e1\u00a0distribuyendo materiales educativos e interactuando y orientando a los asistentes.<\/p>\n<p>La Semana Econ\u00f3mica y Financiera es auspiciada por el Banco Central como parte de su programa de responsabilidad social institucional \u201cAula Central para la Educaci\u00f3n Econ\u00f3mica y Financiera\u201d, en coordinaci\u00f3n con la fundaci\u00f3n internacional Child &amp; Youth Finance.<\/p>\n","protected":false},"excerpt":{"rendered":"<p>Santo Domingo-La Superintendencia de Bancos (SIB) particip\u00f3 en la VI versi\u00f3n de la Semana Econ\u00f3mica y Financiera (SEF), versi\u00f3n 2019, que se celebra del lunes 25 al viernes 29 de marzo en el Auditorium del Banco Central. El Superintendente de Bancos, Luis Armando Asunci\u00f3n \u00c1lvarez, recibi\u00f3 en el stand de la Superintendencia al Gobernador del Banco Central, H\u00e9ctor Valdez Albizu, junto al nuevo personaje de la SIB, el Supervisor. El personaje de la Superintendencia de Bancos, El S\u00faper Visor, fue presentado para esta ocasi\u00f3n como una novedad, el cual, se caracteriza porque siempre est\u00e1 en actitud de vigilancia permanente, cuidando los ahorros de las personas. Le gusta servir y recibe cualquier reclamaci\u00f3n o queja sobre las entidades financieras. Habla con la gente y les ense\u00f1a c\u00f3mo pueden manejar de la mejor manera sus finanzas personales. Los estudiantes presentes se fotografiaron con El S\u00faper Visor. Para su participaci\u00f3n en la Semana Econ\u00f3mica y Financiera, el \u00f3rgano supervisor del sistema financiero dise\u00f1\u00f3 un programa de capacitaci\u00f3n y entretenimiento dirigido a ni\u00f1os, j\u00f3venes y p\u00fablico en general, que\u00a0se da cita al referido\u00a0evento. Dentro de su programa, la SIB tambi\u00e9n present\u00f3 la conferencia titulada: \u201cIncentivando el Ahorro\u201d, dictada por especialistas de Prousuario y dirigida a estudiantes de los niveles 5to. y 6to de secundaria, a quienes se les orient\u00f3 sobre conceptos b\u00e1sicos de finanzas personales; herramientas para elaborar un plan de ahorro; qu\u00e9 es y c\u00f3mo elaborar un presupuesto y las funciones de la instituci\u00f3n supervisora. Asimismo, a los participantes se les adiestr\u00f3 sobre la importancia del ahorro, c\u00f3mo ahorrar con seguridad a trav\u00e9s de las entidades financieras autorizadas, c\u00f3mo hacer un plan de ahorro, qu\u00e9 es el sistema financiero y Prousuario, como \u00f3rgano para resolver cualquier conflicto que se genere como usuario del sistema. La SIB durante toda la semana distribuye en su stand diversos materiales educativos que versan sobre los temas: Los Derechos de los Usuarios, C\u00f3mo Reclamar, Funciones de la Superintendencia de Bancos y material interactivo, de juegos y entrenamiento. Igualmente, un personal de Prousuario, de la Superintendencia de Bancos, permanecer\u00e1\u00a0distribuyendo materiales educativos e interactuando y orientando a los asistentes. La Semana Econ\u00f3mica y Financiera es auspiciada por el Banco Central como parte de su programa de responsabilidad social institucional \u201cAula Central para la Educaci\u00f3n Econ\u00f3mica y Financiera\u201d, en coordinaci\u00f3n con la fundaci\u00f3n internacional Child &amp; Youth Finance.<\/p>\n","protected":false},"author":1,"featured_media":87074,"comment_status":"open","ping_status":"open","sticky":false,"template":"","format":"standard","meta":{"om_disable_all_campaigns":false,"footnotes":""},"categories":[19],"tags":[],"class_list":["post-87071","post","type-post","status-publish","format-standard","has-post-thumbnail","hentry","category-finance"],"_links":{"self":[{"href":"https:\/\/conexiondigital.com.do\/index.php\/wp-json\/wp\/v2\/posts\/87071","targetHints":{"allow":["GET"]}}],"collection":[{"href":"https:\/\/conexiondigital.com.do\/index.php\/wp-json\/wp\/v2\/posts"}],"about":[{"href":"https:\/\/conexiondigital.com.do\/index.php\/wp-json\/wp\/v2\/types\/post"}],"author":[{"embeddable":true,"href":"https:\/\/conexiondigital.com.do\/index.php\/wp-json\/wp\/v2\/users\/1"}],"replies":[{"embeddable":true,"href":"https:\/\/conexiondigital.com.do\/index.php\/wp-json\/wp\/v2\/comments?post=87071"}],"version-history":[{"count":1,"href":"https:\/\/conexiondigital.com.do\/index.php\/wp-json\/wp\/v2\/posts\/87071\/revisions"}],"predecessor-version":[{"id":87076,"href":"https:\/\/conexiondigital.com.do\/index.php\/wp-json\/wp\/v2\/posts\/87071\/revisions\/87076"}],"wp:featuredmedia":[{"embeddable":true,"href":"https:\/\/conexiondigital.com.do\/index.php\/wp-json\/wp\/v2\/media\/87074"}],"wp:attachment":[{"href":"https:\/\/conexiondigital.com.do\/index.php\/wp-json\/wp\/v2\/media?parent=87071"}],"wp:term":[{"taxonomy":"category","embeddable":true,"href":"https:\/\/conexiondigital.com.do\/index.php\/wp-json\/wp\/v2\/categories?post=87071"},{"taxonomy":"post_tag","embeddable":true,"href":"https:\/\/conexiondigital.com.do\/index.php\/wp-json\/wp\/v2\/tags?post=87071"}],"curies":[{"name":"wp","href":"https:\/\/api.w.org\/{rel}","templated":true}]}}