{"id":87400,"date":"2019-03-29T14:10:01","date_gmt":"2019-03-29T18:10:01","guid":{"rendered":"http:\/\/conexiondigital.com.do\/?p=87400"},"modified":"2019-03-29T14:10:01","modified_gmt":"2019-03-29T18:10:01","slug":"tulio-jimenez-afirma-pedro-botello-abogara-por-reforma-a-la-constitucion","status":"publish","type":"post","link":"https:\/\/conexiondigital.com.do\/index.php\/2019\/03\/29\/tulio-jimenez-afirma-pedro-botello-abogara-por-reforma-a-la-constitucion\/","title":{"rendered":"Tulio Jim\u00e9nez  afirma  Pedro Botello abogar\u00e1 por reforma a la Constituci\u00f3n"},"content":{"rendered":"","protected":false},"excerpt":{"rendered":"","protected":false},"author":1,"featured_media":0,"comment_status":"open","ping_status":"open","sticky":false,"template":"","format":"video","meta":{"om_disable_all_campaigns":false,"footnotes":""},"categories":[1,33],"tags":[],"class_list":["post-87400","post","type-post","status-publish","format-video","hentry","category-uncategorized","category-video","post_format-post-format-video"],"_links":{"self":[{"href":"https:\/\/conexiondigital.com.do\/index.php\/wp-json\/wp\/v2\/posts\/87400","targetHints":{"allow":["GET"]}}],"collection":[{"href":"https:\/\/conexiondigital.com.do\/index.php\/wp-json\/wp\/v2\/posts"}],"about":[{"href":"https:\/\/conexiondigital.com.do\/index.php\/wp-json\/wp\/v2\/types\/post"}],"author":[{"embeddable":true,"href":"https:\/\/conexiondigital.com.do\/index.php\/wp-json\/wp\/v2\/users\/1"}],"replies":[{"embeddable":true,"href":"https:\/\/conexiondigital.com.do\/index.php\/wp-json\/wp\/v2\/comments?post=87400"}],"version-history":[{"count":1,"href":"https:\/\/conexiondigital.com.do\/index.php\/wp-json\/wp\/v2\/posts\/87400\/revisions"}],"predecessor-version":[{"id":87402,"href":"https:\/\/conexiondigital.com.do\/index.php\/wp-json\/wp\/v2\/posts\/87400\/revisions\/87402"}],"wp:attachment":[{"href":"https:\/\/conexiondigital.com.do\/index.php\/wp-json\/wp\/v2\/media?parent=87400"}],"wp:term":[{"taxonomy":"category","embeddable":true,"href":"https:\/\/conexiondigital.com.do\/index.php\/wp-json\/wp\/v2\/categories?post=87400"},{"taxonomy":"post_tag","embeddable":true,"href":"https:\/\/conexiondigital.com.do\/index.php\/wp-json\/wp\/v2\/tags?post=87400"}],"curies":[{"name":"wp","href":"https:\/\/api.w.org\/{rel}","templated":true}]}}