{"id":89122,"date":"2019-04-27T16:14:26","date_gmt":"2019-04-27T20:14:26","guid":{"rendered":"http:\/\/conexiondigital.com.do\/?p=89122"},"modified":"2019-04-27T16:17:05","modified_gmt":"2019-04-27T20:17:05","slug":"dirigencia-del-bis-en-sdn-e-isidro-cruz-medina-se-juramentan-con-luis","status":"publish","type":"post","link":"https:\/\/conexiondigital.com.do\/index.php\/2019\/04\/27\/dirigencia-del-bis-en-sdn-e-isidro-cruz-medina-se-juramentan-con-luis\/","title":{"rendered":"Dirigencia del BIS en SDN e Isidro Cruz Medina se juramentan con Luis"},"content":{"rendered":"<p><img loading=\"lazy\" decoding=\"async\" class=\" wp-image-89123 alignleft\" src=\"https:\/\/images.conexiondigital.com.do\/wp-content\/uploads\/wp-content\/uploads\/2019\/04\/0665020f-d189-430e-b200-a1eb45d20b92.jpg\" alt=\"\" width=\"524\" height=\"232\" \/>La corriente Luis Abinader Presidente(LAP), del Partido Revolucionario Moderno, recibi\u00f3 anoche el respaldo de numerosos dirigentes del Bloque Institucional Social Dem\u00f3crata (BIS) de Santo Domingo Norte y de un movimiento de la circunscripci\u00f3n 2 del Distrito Nacional que pasaron a respaldar las propuestas de cambio con que el aspirante presidencial se presenta a las pr\u00f3ximas elecciones.<\/p>\n<p>El diputado Alfredo Pacheco, quien coordina la Gran Regi\u00f3n Metropolitana que forman el Distrito Nacional y provincia Santo Domingo jurament\u00f3 a los principales directivos del Bloque Institucional Social Dem\u00f3crata, BIS, del municipio Santo Domingo Norte.<\/p>\n<p>Entre los directivos del BIS que pasan a militar en la Organizaci\u00f3n Luis Abinader, OLA-sector externo, se cuenta a Francisco Aquino y Antonio Buret, presidentes provincial y municipal en Santo Domingo Norte del partido aliado al oficialismo.<\/p>\n<p>Otros directivos juramentados fueron Luis Ferm\u00edn, Lucrecia Mart\u00ednez, Eulalio Cabrera,\u00a0 Yoel Eusebio Rodr\u00edguez, Luis Cruz Camacho, Jos\u00e9 Andr\u00e9s Mont\u00e1s, H\u00e9ctor F\u00e9lix,Tanahiris Fabi\u00e1n, Rafael Valdez, Bertico Paredes Joana Santana, Amable F\u00e9lix y muchos de sus seguidores que asistieron al acto de juramentaci\u00f3n, encabezado por los dirigentes nacionales de LAP Alfredo Pacheco, Antonio Almonte y Luis Valdez.<\/p>\n<p>Al agradecer su recibimiento en el sector externo de Abinader, Aquino dijo que en el pasado el BIS ha sido decisivo para que triunfara el Partido de la Liberaci\u00f3n Dominicana en ese gran municipio, pero que ante las decepciones en que los gobiernos pelede\u00edstas mantienen al pa\u00eds, practicamente toda la dirigencia y militancia del BIS opt\u00f3 por impulsar las propuestas de cambio de Abinader.<\/p>\n<p>Abinader juramenta grupo de ex regidor<\/p>\n<p>En otro acto celebrado anoche en Arroyo Hondo, Abinader tom\u00f3 el juramento al dirigente pol\u00edtico y comunitario Isidro Cruz Medina, ex regidor del Partido Revolucionario Dominicano en el Distrito Nacional.<\/p>\n<p>\u201cMe produce gran satisfacci\u00f3n que Isidro y su movimiento den el paso hacia las fuerzas del cambio, pues es un dirigente pol\u00edtico y comunitario que ha sabido acumular sus m\u00e9ritos en la lucha democr\u00e1tica y por los avances comunitarios que ha impulsado aqu\u00ed en la circunscripci\u00f3n 2\u201d, precis\u00f3 Abinader.<\/p>\n<p>El economista y l\u00edder pol\u00edtico dijo sentirse satisfecho porque est\u00e1 viendo c\u00f3mo en las comunidades, en municipios y ciudades de todo el territorio nacional est\u00e1 observando con sus propios ojos c\u00f3mo la gente se une a favor del cambio por su bienestar y porque aspira a vivir en un pa\u00eds diferente.<\/p>\n<p>De su parte el ex regidor por el PRD dijo que la situaci\u00f3n del pa\u00eds ha llegado a un punto de gran cansancio de las bases de la sociedad, y de serias amenazas para la democracia, por lo que se requiere la unidad de todos los dominicanos y dominicanas de buena voluntad.<\/p>\n","protected":false},"excerpt":{"rendered":"<p>La corriente Luis Abinader Presidente(LAP), del Partido Revolucionario Moderno, recibi\u00f3 anoche el respaldo de numerosos dirigentes del Bloque Institucional Social Dem\u00f3crata (BIS) de Santo Domingo Norte y de un movimiento de la circunscripci\u00f3n 2 del Distrito Nacional que pasaron a respaldar las propuestas de cambio con que el aspirante presidencial se presenta a las pr\u00f3ximas elecciones. El diputado Alfredo Pacheco, quien coordina la Gran Regi\u00f3n Metropolitana que forman el Distrito Nacional y provincia Santo Domingo jurament\u00f3 a los principales directivos del Bloque Institucional Social Dem\u00f3crata, BIS, del municipio Santo Domingo Norte. Entre los directivos del BIS que pasan a militar en la Organizaci\u00f3n Luis Abinader, OLA-sector externo, se cuenta a Francisco Aquino y Antonio Buret, presidentes provincial y municipal en Santo Domingo Norte del partido aliado al oficialismo. Otros directivos juramentados fueron Luis Ferm\u00edn, Lucrecia Mart\u00ednez, Eulalio Cabrera,\u00a0 Yoel Eusebio Rodr\u00edguez, Luis Cruz Camacho, Jos\u00e9 Andr\u00e9s Mont\u00e1s, H\u00e9ctor F\u00e9lix,Tanahiris Fabi\u00e1n, Rafael Valdez, Bertico Paredes Joana Santana, Amable F\u00e9lix y muchos de sus seguidores que asistieron al acto de juramentaci\u00f3n, encabezado por los dirigentes nacionales de LAP Alfredo Pacheco, Antonio Almonte y Luis Valdez. Al agradecer su recibimiento en el sector externo de Abinader, Aquino dijo que en el pasado el BIS ha sido decisivo para que triunfara el Partido de la Liberaci\u00f3n Dominicana en ese gran municipio, pero que ante las decepciones en que los gobiernos pelede\u00edstas mantienen al pa\u00eds, practicamente toda la dirigencia y militancia del BIS opt\u00f3 por impulsar las propuestas de cambio de Abinader. Abinader juramenta grupo de ex regidor En otro acto celebrado anoche en Arroyo Hondo, Abinader tom\u00f3 el juramento al dirigente pol\u00edtico y comunitario Isidro Cruz Medina, ex regidor del Partido Revolucionario Dominicano en el Distrito Nacional. \u201cMe produce gran satisfacci\u00f3n que Isidro y su movimiento den el paso hacia las fuerzas del cambio, pues es un dirigente pol\u00edtico y comunitario que ha sabido acumular sus m\u00e9ritos en la lucha democr\u00e1tica y por los avances comunitarios que ha impulsado aqu\u00ed en la circunscripci\u00f3n 2\u201d, precis\u00f3 Abinader. El economista y l\u00edder pol\u00edtico dijo sentirse satisfecho porque est\u00e1 viendo c\u00f3mo en las comunidades, en municipios y ciudades de todo el territorio nacional est\u00e1 observando con sus propios ojos c\u00f3mo la gente se une a favor del cambio por su bienestar y porque aspira a vivir en un pa\u00eds diferente. De su parte el ex regidor por el PRD dijo que la situaci\u00f3n del pa\u00eds ha llegado a un punto de gran cansancio de las bases de la sociedad, y de serias amenazas para la democracia, por lo que se requiere la unidad de todos los dominicanos y dominicanas de buena voluntad.<\/p>\n","protected":false},"author":1,"featured_media":89123,"comment_status":"open","ping_status":"open","sticky":false,"template":"","format":"standard","meta":{"om_disable_all_campaigns":false,"footnotes":""},"categories":[12],"tags":[],"class_list":["post-89122","post","type-post","status-publish","format-standard","has-post-thumbnail","hentry","category-politic"],"_links":{"self":[{"href":"https:\/\/conexiondigital.com.do\/index.php\/wp-json\/wp\/v2\/posts\/89122","targetHints":{"allow":["GET"]}}],"collection":[{"href":"https:\/\/conexiondigital.com.do\/index.php\/wp-json\/wp\/v2\/posts"}],"about":[{"href":"https:\/\/conexiondigital.com.do\/index.php\/wp-json\/wp\/v2\/types\/post"}],"author":[{"embeddable":true,"href":"https:\/\/conexiondigital.com.do\/index.php\/wp-json\/wp\/v2\/users\/1"}],"replies":[{"embeddable":true,"href":"https:\/\/conexiondigital.com.do\/index.php\/wp-json\/wp\/v2\/comments?post=89122"}],"version-history":[{"count":2,"href":"https:\/\/conexiondigital.com.do\/index.php\/wp-json\/wp\/v2\/posts\/89122\/revisions"}],"predecessor-version":[{"id":89125,"href":"https:\/\/conexiondigital.com.do\/index.php\/wp-json\/wp\/v2\/posts\/89122\/revisions\/89125"}],"wp:featuredmedia":[{"embeddable":true,"href":"https:\/\/conexiondigital.com.do\/index.php\/wp-json\/wp\/v2\/media\/89123"}],"wp:attachment":[{"href":"https:\/\/conexiondigital.com.do\/index.php\/wp-json\/wp\/v2\/media?parent=89122"}],"wp:term":[{"taxonomy":"category","embeddable":true,"href":"https:\/\/conexiondigital.com.do\/index.php\/wp-json\/wp\/v2\/categories?post=89122"},{"taxonomy":"post_tag","embeddable":true,"href":"https:\/\/conexiondigital.com.do\/index.php\/wp-json\/wp\/v2\/tags?post=89122"}],"curies":[{"name":"wp","href":"https:\/\/api.w.org\/{rel}","templated":true}]}}