{"id":89158,"date":"2019-04-29T23:33:09","date_gmt":"2019-04-30T03:33:09","guid":{"rendered":"http:\/\/conexiondigital.com.do\/?p=89158"},"modified":"2019-04-29T23:33:09","modified_gmt":"2019-04-30T03:33:09","slug":"ferreteros-denuncian-asedio-de-impuestos-internos-provoca-la-quiebra-de-esos-negocios","status":"publish","type":"post","link":"https:\/\/conexiondigital.com.do\/index.php\/2019\/04\/29\/ferreteros-denuncian-asedio-de-impuestos-internos-provoca-la-quiebra-de-esos-negocios\/","title":{"rendered":"Ferreteros denuncian asedio de Impuestos Internos provoca la quiebra de esos negocios"},"content":{"rendered":"<p><img loading=\"lazy\" decoding=\"async\" class=\"wp-image-89159 alignleft\" src=\"https:\/\/images.conexiondigital.com.do\/wp-content\/uploads\/wp-content\/uploads\/2019\/04\/thumbnail_IMG-20190426-WA0034-800x600.jpg\" alt=\"\" width=\"361\" height=\"271\" \/>La Asociaci\u00f3n Dominicana de Ferreteros (ASODEFE) denunci\u00f3 el asedio, las presiones y los cierres abusivos que dispone la Direcci\u00f3n General de Impuestos Internos contra esos negocios han provocado la quiebra de muchos establecimientos, a pesar de que a nacional generan m\u00e1s de un mill\u00f3n y 800 mil \u00a0empleos directos.<\/p>\n<p>Entrevistados por los periodistas Jos\u00e9 Miguel Carri\u00f3n y Daniel Candelario en el programa Tres a la Semana, que se difunde por Cinevisi\u00f3n, Canal 19, Arturo Espinal, presidente, y Constantino Ram\u00edrez, vicepresidente de ASODEFE, dijeron que el gobierno ve a los miembros de esa entidad como los peores delincuentes y no como generadores de riquezas y empleos. En la entrevista tambi\u00e9n particip\u00f3 la se\u00f1ora Ana Ventura, Gerente de la Expo-Ferreter\u00eda Internacional que organizan del 14 al 16 de junio en la Capital dominicana.<\/p>\n<p>Los dirigentes empresariales dijeron que \u201chay propietarios de ferreter\u00edas que no duermen por las notificaciones que les env\u00eda la Direcci\u00f3n de Impuestos Internos, que bajo cualquier excusa dispone el cierre y pr\u00e1cticamente el embargo de muchos de nuestros negocios hasta por dos meses y m\u00e1s\u201d.<\/p>\n<p>Indicaron que para lograr su reapertura, propietarios de medianas ferreter\u00edas cerradas por la DGII han tenido que buscar entre 5 y 5.5 millones de pesos y as\u00ed saldar las multas abusivas que les impone Impuestos Internos.<\/p>\n<p>A juicio de los dirigentes ferreteros, por esa situaci\u00f3n, \u201clas Pymes tienen un futuro oscuro\u201d. Dicen que a pesar de que son aliados del gobierno porque dinamizan la econom\u00eda y generan m\u00e1s de 1.5 millones de empleos, muchos ferreteros han tenido que abandonar esa actividad.<\/p>\n<p>\u201cEl Estado, que debe garantizar nuestra permanencia y desarrollo, no vela por nosotros; estamos desprotegidos. Parece que somos los peores delincuentes de la naci\u00f3n. Creemos que hay que pagar impuestos, pero no impuestos que nos aniquilen como generadores de riquezas y de empleos\u201d, apuntaron.<\/p>\n<p>Seg\u00fan los dirigentes empresariales, hay factores externos, como el mercado chino, que ha entrado con mucha fuerza al mercado dominicano, que podr\u00edan ser una amenaza para el sector ferretero nacional, pero que podr\u00edan convertirse en una fortaleza si se saben aprovechar adecuadamente con la imposici\u00f3n de parte del Estado de reglas claras para que no haya privilegios en favor de los inversores internacionales.<\/p>\n<p>\u201cLo que necesitamos es que todos participemos con las mismas reglas de juego\u201d, apuntaron Espinal y Ram\u00edrez.<\/p>\n<p>D\u00c9FICIT DE VIVIENDAS<\/p>\n<p>Los directivos de la Asociaci\u00f3n Dominicana de Ferreteros afirmaron que a los nuevos casados y a los integrantes de la clase media baja del pa\u00eds se les imposibilita la adquisici\u00f3n de una vivienda decente, porque sus costos son muy elevados y las tasas de los pr\u00e9stamos hipotecarios son ofertados a tasas prohibitivas.<\/p>\n<p>Afirm\u00f3 que el sector ferretero local ya no se beneficia de las compras de materiales que dispuso el presidente Danilo Medina para la construcci\u00f3n de escuelas, estancias infantiles y otras obras estatales en las provincias y municipios.<\/p>\n<p>\u201cYa eso no se est\u00e1 supervisando, y ahora, un ingeniero o un arquitecto que se gane una obra en un concurso, lleva a sus obreros, el cemento, la varilla y todos los productos para la construcci\u00f3n de esas obras. Ya el ferretero de provincia, de nuestros municipios, no se beneficia de esas construcciones, y eso debe ser observado y supervisado por el gobierno\u201d, expresaron los dirigentes ferreteros.<\/p>\n<p>EXPO-FERIA FERRETERA<\/p>\n<p>La Asociaci\u00f3n Dominicana de Ferreteros organiza para los d\u00edas 14, 15 y 16 de junio la versi\u00f3n n\u00famero 16 de la Expo-Ferreter\u00eda Internacional ASODEFE 2019, en la que participar\u00e1n numerosas empresas\u00a0 representantes del ramo a nivel local e internacional.<\/p>\n<p>A la actividad, que se realizar\u00e1 en el Centro de Convenciones del Hotel Dominican Fiesta, en horario de 10 de la ma\u00f1ana a 9:00 de la noche, han confirmado su participaci\u00f3n como expositoras empresas de Panam\u00e1, Estados Unidos, , Venezuela, M\u00e9xico, , China, Brasil, entre otras naciones.<\/p>\n<p>La Directora Ejecutiva de la Expo Ferretera Internacional, se\u00f1ora Ana Ventura, explic\u00f3 que aparte de exponer sus productos y la \u00faltima tecnolog\u00eda en materia de construcci\u00f3n, los representantes de estas empresas tendr\u00e1n la oportunidad de cerrar negocios entre ellas y con representantes de Rep\u00fablica Dominicana.<\/p>\n<p>Agreg\u00f3 que esas empresas que tienen tanta fuerza en la fabricaci\u00f3n de implementos ferreteros, tambi\u00e9n podr\u00e1n hacer negocios con las empresas a nivel local, lo cual le dar\u00e1 un valor agregado a la actividad, que a su vez dinamiza la econom\u00eda y la actividad del sector ferretero local. La banca y la industria local han dado un espaldarazo a la Expo-Ferretera a trav\u00e9s de patrocinio.<\/p>\n<p>En la Expo Ferretera tambi\u00e9n habr\u00e1 actividades recreativas, as\u00ed como de formaci\u00f3n como talleres de capacitaci\u00f3n sobre uso de los productos, liderazgo, atenci\u00f3n a clientes, charlas, conferencias sobre manejo de impuestos y otras para atraer la atenci\u00f3n del p\u00fablico<\/p>\n","protected":false},"excerpt":{"rendered":"<p>La Asociaci\u00f3n Dominicana de Ferreteros (ASODEFE) denunci\u00f3 el asedio, las presiones y los cierres abusivos que dispone la Direcci\u00f3n General de Impuestos Internos contra esos negocios han provocado la quiebra de muchos establecimientos, a pesar de que a nacional generan m\u00e1s de un mill\u00f3n y 800 mil \u00a0empleos directos. Entrevistados por los periodistas Jos\u00e9 Miguel Carri\u00f3n y Daniel Candelario en el programa Tres a la Semana, que se difunde por Cinevisi\u00f3n, Canal 19, Arturo Espinal, presidente, y Constantino Ram\u00edrez, vicepresidente de ASODEFE, dijeron que el gobierno ve a los miembros de esa entidad como los peores delincuentes y no como generadores de riquezas y empleos. En la entrevista tambi\u00e9n particip\u00f3 la se\u00f1ora Ana Ventura, Gerente de la Expo-Ferreter\u00eda Internacional que organizan del 14 al 16 de junio en la Capital dominicana. Los dirigentes empresariales dijeron que \u201chay propietarios de ferreter\u00edas que no duermen por las notificaciones que les env\u00eda la Direcci\u00f3n de Impuestos Internos, que bajo cualquier excusa dispone el cierre y pr\u00e1cticamente el embargo de muchos de nuestros negocios hasta por dos meses y m\u00e1s\u201d. Indicaron que para lograr su reapertura, propietarios de medianas ferreter\u00edas cerradas por la DGII han tenido que buscar entre 5 y 5.5 millones de pesos y as\u00ed saldar las multas abusivas que les impone Impuestos Internos. A juicio de los dirigentes ferreteros, por esa situaci\u00f3n, \u201clas Pymes tienen un futuro oscuro\u201d. Dicen que a pesar de que son aliados del gobierno porque dinamizan la econom\u00eda y generan m\u00e1s de 1.5 millones de empleos, muchos ferreteros han tenido que abandonar esa actividad. \u201cEl Estado, que debe garantizar nuestra permanencia y desarrollo, no vela por nosotros; estamos desprotegidos. Parece que somos los peores delincuentes de la naci\u00f3n. Creemos que hay que pagar impuestos, pero no impuestos que nos aniquilen como generadores de riquezas y de empleos\u201d, apuntaron. Seg\u00fan los dirigentes empresariales, hay factores externos, como el mercado chino, que ha entrado con mucha fuerza al mercado dominicano, que podr\u00edan ser una amenaza para el sector ferretero nacional, pero que podr\u00edan convertirse en una fortaleza si se saben aprovechar adecuadamente con la imposici\u00f3n de parte del Estado de reglas claras para que no haya privilegios en favor de los inversores internacionales. \u201cLo que necesitamos es que todos participemos con las mismas reglas de juego\u201d, apuntaron Espinal y Ram\u00edrez. D\u00c9FICIT DE VIVIENDAS Los directivos de la Asociaci\u00f3n Dominicana de Ferreteros afirmaron que a los nuevos casados y a los integrantes de la clase media baja del pa\u00eds se les imposibilita la adquisici\u00f3n de una vivienda decente, porque sus costos son muy elevados y las tasas de los pr\u00e9stamos hipotecarios son ofertados a tasas prohibitivas. Afirm\u00f3 que el sector ferretero local ya no se beneficia de las compras de materiales que dispuso el presidente Danilo Medina para la construcci\u00f3n de escuelas, estancias infantiles y otras obras estatales en las provincias y municipios. \u201cYa eso no se est\u00e1 supervisando, y ahora, un ingeniero o un arquitecto que se gane una obra en un concurso, lleva a sus obreros, el cemento, la varilla y todos los productos para la construcci\u00f3n de esas obras. Ya el ferretero de provincia, de nuestros municipios, no se beneficia de esas construcciones, y eso debe ser observado y supervisado por el gobierno\u201d, expresaron los dirigentes ferreteros. EXPO-FERIA FERRETERA La Asociaci\u00f3n Dominicana de Ferreteros organiza para los d\u00edas 14, 15 y 16 de junio la versi\u00f3n n\u00famero 16 de la Expo-Ferreter\u00eda Internacional ASODEFE 2019, en la que participar\u00e1n numerosas empresas\u00a0 representantes del ramo a nivel local e internacional. A la actividad, que se realizar\u00e1 en el Centro de Convenciones del Hotel Dominican Fiesta, en horario de 10 de la ma\u00f1ana a 9:00 de la noche, han confirmado su participaci\u00f3n como expositoras empresas de Panam\u00e1, Estados Unidos, , Venezuela, M\u00e9xico, , China, Brasil, entre otras naciones. La Directora Ejecutiva de la Expo Ferretera Internacional, se\u00f1ora Ana Ventura, explic\u00f3 que aparte de exponer sus productos y la \u00faltima tecnolog\u00eda en materia de construcci\u00f3n, los representantes de estas empresas tendr\u00e1n la oportunidad de cerrar negocios entre ellas y con representantes de Rep\u00fablica Dominicana. Agreg\u00f3 que esas empresas que tienen tanta fuerza en la fabricaci\u00f3n de implementos ferreteros, tambi\u00e9n podr\u00e1n hacer negocios con las empresas a nivel local, lo cual le dar\u00e1 un valor agregado a la actividad, que a su vez dinamiza la econom\u00eda y la actividad del sector ferretero local. La banca y la industria local han dado un espaldarazo a la Expo-Ferretera a trav\u00e9s de patrocinio. En la Expo Ferretera tambi\u00e9n habr\u00e1 actividades recreativas, as\u00ed como de formaci\u00f3n como talleres de capacitaci\u00f3n sobre uso de los productos, liderazgo, atenci\u00f3n a clientes, charlas, conferencias sobre manejo de impuestos y otras para atraer la atenci\u00f3n del p\u00fablico<\/p>\n","protected":false},"author":3,"featured_media":89159,"comment_status":"open","ping_status":"open","sticky":false,"template":"","format":"standard","meta":{"om_disable_all_campaigns":false,"footnotes":""},"categories":[56],"tags":[],"class_list":["post-89158","post","type-post","status-publish","format-standard","has-post-thumbnail","hentry","category-economia"],"_links":{"self":[{"href":"https:\/\/conexiondigital.com.do\/index.php\/wp-json\/wp\/v2\/posts\/89158","targetHints":{"allow":["GET"]}}],"collection":[{"href":"https:\/\/conexiondigital.com.do\/index.php\/wp-json\/wp\/v2\/posts"}],"about":[{"href":"https:\/\/conexiondigital.com.do\/index.php\/wp-json\/wp\/v2\/types\/post"}],"author":[{"embeddable":true,"href":"https:\/\/conexiondigital.com.do\/index.php\/wp-json\/wp\/v2\/users\/3"}],"replies":[{"embeddable":true,"href":"https:\/\/conexiondigital.com.do\/index.php\/wp-json\/wp\/v2\/comments?post=89158"}],"version-history":[{"count":1,"href":"https:\/\/conexiondigital.com.do\/index.php\/wp-json\/wp\/v2\/posts\/89158\/revisions"}],"predecessor-version":[{"id":89160,"href":"https:\/\/conexiondigital.com.do\/index.php\/wp-json\/wp\/v2\/posts\/89158\/revisions\/89160"}],"wp:featuredmedia":[{"embeddable":true,"href":"https:\/\/conexiondigital.com.do\/index.php\/wp-json\/wp\/v2\/media\/89159"}],"wp:attachment":[{"href":"https:\/\/conexiondigital.com.do\/index.php\/wp-json\/wp\/v2\/media?parent=89158"}],"wp:term":[{"taxonomy":"category","embeddable":true,"href":"https:\/\/conexiondigital.com.do\/index.php\/wp-json\/wp\/v2\/categories?post=89158"},{"taxonomy":"post_tag","embeddable":true,"href":"https:\/\/conexiondigital.com.do\/index.php\/wp-json\/wp\/v2\/tags?post=89158"}],"curies":[{"name":"wp","href":"https:\/\/api.w.org\/{rel}","templated":true}]}}