{"id":89317,"date":"2019-05-01T10:58:18","date_gmt":"2019-05-01T14:58:18","guid":{"rendered":"http:\/\/conexiondigital.com.do\/?p=89317"},"modified":"2019-05-01T10:58:18","modified_gmt":"2019-05-01T14:58:18","slug":"minerd-dispone-asistencia-inmediata-a-dos-estudiantes-heridos-por-desprendimiento-de-panete-en-escuela-de-cotui","status":"publish","type":"post","link":"https:\/\/conexiondigital.com.do\/index.php\/2019\/05\/01\/minerd-dispone-asistencia-inmediata-a-dos-estudiantes-heridos-por-desprendimiento-de-panete-en-escuela-de-cotui\/","title":{"rendered":"MINERD dispone asistencia inmediata a dos estudiantes heridos por desprendimiento de pa\u00f1ete en escuela de Cotu\u00ed"},"content":{"rendered":"<p><img loading=\"lazy\" decoding=\"async\" class=\" wp-image-89320 alignleft\" src=\"https:\/\/images.conexiondigital.com.do\/wp-content\/uploads\/wp-content\/uploads\/2019\/05\/02980824-5e5d-4a53-990b-51c236ea1452-800x600.jpg\" alt=\"\" width=\"436\" height=\"327\" \/>Santo Domingo-El ministro de Educaci\u00f3n, Antonio Pe\u00f1a Mirabal, dispuso asistencia inmediata a dos estudiantes heridos tras el desprendimiento de parte del pa\u00f1ete del techo de una de las aulas en el Centro Educativo Mat\u00edas, ubicado en la comunidad de Platanal del municipio de Cotu\u00ed.<\/p>\n<p>Los dos estudiantes del nivel Primario que resultaron afectados al caerles encima parte de los trozos del pa\u00f1ete del techo, fueron ingresados en el Hospital del Instituto Dominicano de Seguros Sociales (IDSS) para mantenerlos en observaci\u00f3n hasta ma\u00f1ana mi\u00e9rcoles.<\/p>\n<p>Los infantes, de 7 a\u00f1os de edad, se encontraban en el aula al momento del desprendimiento del pa\u00f1ete colocado en el techo, mientras que los dem\u00e1s estudiantes permanec\u00edan en el sal\u00f3n comedor en horas del almuerzo escolar.<\/p>\n<p>El ministro Pe\u00f1a Mirabal instruy\u00f3 a la Direcci\u00f3n de Psicolog\u00eda y Orientaci\u00f3n para darles asistencia a los estudiantes heridos y sus familiares, as\u00ed como llevar tranquilidad al resto de los padres.<\/p>\n<p>Asimismo, el funcionario dispuso que los t\u00e9cnicos de la Direcci\u00f3n de Mantenimiento e Infraestructura Escolar procedan a una evaluaci\u00f3n general de las condiciones estructurales del plantel, para garantizar la seguridad del estudiantado, los docentes y el personal administrativo, incluyendo la reparaci\u00f3n inmediata del aula afectada.<\/p>\n<p>\u201cEstamos disponiendo una inmediata intervenci\u00f3n en el centro escolar afectado y el debido acompa\u00f1amiento a las familias de los dos estudiantes ligeramente heridos, adem\u00e1s de la consiguiente evaluaci\u00f3n general de toda la estructura escolar a fin de llevar tranquilidad a toda la comunidad educativa\u201d, dijo Pe\u00f1a Mirabal a trav\u00e9s un comunicado de prensa servido por el Minerd.<\/p>\n<p>En tanto que, Pedro Antonio Cruz, director del Distrito Escolar 16-01, demarcaci\u00f3n a la que pertenece el referido centro educativo afectado, inform\u00f3 que los estudiantes heridos fueron llevados al centro asistencial en el veh\u00edculo que transporta el almuerzo escolar, asistido por varios profesores.<\/p>\n<p>\u201cEl reporte m\u00e9dico nos indica que los estudiantes fueron heridos, curados y mantenidos en observaci\u00f3n por tratarse de ni\u00f1os, pero sin ninguna gravedad que lamentar, gracias a Dios, mientras que les estamos dando igual acompa\u00f1amiento a los padres de los ni\u00f1os\u201d, dijo Cruz.<\/p>\n<p>El director del Distrito Escolar precis\u00f3 que el resto de los estudiantes ser\u00e1n reubicados en otro espacio para que contin\u00faen sus clases diarias, en lo que los t\u00e9cnicos del Minerd reacondicionan el aula afectada.<\/p>\n","protected":false},"excerpt":{"rendered":"<p>Santo Domingo-El ministro de Educaci\u00f3n, Antonio Pe\u00f1a Mirabal, dispuso asistencia inmediata a dos estudiantes heridos tras el desprendimiento de parte del pa\u00f1ete del techo de una de las aulas en el Centro Educativo Mat\u00edas, ubicado en la comunidad de Platanal del municipio de Cotu\u00ed. Los dos estudiantes del nivel Primario que resultaron afectados al caerles encima parte de los trozos del pa\u00f1ete del techo, fueron ingresados en el Hospital del Instituto Dominicano de Seguros Sociales (IDSS) para mantenerlos en observaci\u00f3n hasta ma\u00f1ana mi\u00e9rcoles. Los infantes, de 7 a\u00f1os de edad, se encontraban en el aula al momento del desprendimiento del pa\u00f1ete colocado en el techo, mientras que los dem\u00e1s estudiantes permanec\u00edan en el sal\u00f3n comedor en horas del almuerzo escolar. El ministro Pe\u00f1a Mirabal instruy\u00f3 a la Direcci\u00f3n de Psicolog\u00eda y Orientaci\u00f3n para darles asistencia a los estudiantes heridos y sus familiares, as\u00ed como llevar tranquilidad al resto de los padres. Asimismo, el funcionario dispuso que los t\u00e9cnicos de la Direcci\u00f3n de Mantenimiento e Infraestructura Escolar procedan a una evaluaci\u00f3n general de las condiciones estructurales del plantel, para garantizar la seguridad del estudiantado, los docentes y el personal administrativo, incluyendo la reparaci\u00f3n inmediata del aula afectada. \u201cEstamos disponiendo una inmediata intervenci\u00f3n en el centro escolar afectado y el debido acompa\u00f1amiento a las familias de los dos estudiantes ligeramente heridos, adem\u00e1s de la consiguiente evaluaci\u00f3n general de toda la estructura escolar a fin de llevar tranquilidad a toda la comunidad educativa\u201d, dijo Pe\u00f1a Mirabal a trav\u00e9s un comunicado de prensa servido por el Minerd. En tanto que, Pedro Antonio Cruz, director del Distrito Escolar 16-01, demarcaci\u00f3n a la que pertenece el referido centro educativo afectado, inform\u00f3 que los estudiantes heridos fueron llevados al centro asistencial en el veh\u00edculo que transporta el almuerzo escolar, asistido por varios profesores. \u201cEl reporte m\u00e9dico nos indica que los estudiantes fueron heridos, curados y mantenidos en observaci\u00f3n por tratarse de ni\u00f1os, pero sin ninguna gravedad que lamentar, gracias a Dios, mientras que les estamos dando igual acompa\u00f1amiento a los padres de los ni\u00f1os\u201d, dijo Cruz. El director del Distrito Escolar precis\u00f3 que el resto de los estudiantes ser\u00e1n reubicados en otro espacio para que contin\u00faen sus clases diarias, en lo que los t\u00e9cnicos del Minerd reacondicionan el aula afectada.<\/p>\n","protected":false},"author":1,"featured_media":89320,"comment_status":"open","ping_status":"open","sticky":false,"template":"","format":"standard","meta":{"om_disable_all_campaigns":false,"footnotes":""},"categories":[155],"tags":[],"class_list":["post-89317","post","type-post","status-publish","format-standard","has-post-thumbnail","hentry","category-educacion"],"_links":{"self":[{"href":"https:\/\/conexiondigital.com.do\/index.php\/wp-json\/wp\/v2\/posts\/89317","targetHints":{"allow":["GET"]}}],"collection":[{"href":"https:\/\/conexiondigital.com.do\/index.php\/wp-json\/wp\/v2\/posts"}],"about":[{"href":"https:\/\/conexiondigital.com.do\/index.php\/wp-json\/wp\/v2\/types\/post"}],"author":[{"embeddable":true,"href":"https:\/\/conexiondigital.com.do\/index.php\/wp-json\/wp\/v2\/users\/1"}],"replies":[{"embeddable":true,"href":"https:\/\/conexiondigital.com.do\/index.php\/wp-json\/wp\/v2\/comments?post=89317"}],"version-history":[{"count":1,"href":"https:\/\/conexiondigital.com.do\/index.php\/wp-json\/wp\/v2\/posts\/89317\/revisions"}],"predecessor-version":[{"id":89321,"href":"https:\/\/conexiondigital.com.do\/index.php\/wp-json\/wp\/v2\/posts\/89317\/revisions\/89321"}],"wp:featuredmedia":[{"embeddable":true,"href":"https:\/\/conexiondigital.com.do\/index.php\/wp-json\/wp\/v2\/media\/89320"}],"wp:attachment":[{"href":"https:\/\/conexiondigital.com.do\/index.php\/wp-json\/wp\/v2\/media?parent=89317"}],"wp:term":[{"taxonomy":"category","embeddable":true,"href":"https:\/\/conexiondigital.com.do\/index.php\/wp-json\/wp\/v2\/categories?post=89317"},{"taxonomy":"post_tag","embeddable":true,"href":"https:\/\/conexiondigital.com.do\/index.php\/wp-json\/wp\/v2\/tags?post=89317"}],"curies":[{"name":"wp","href":"https:\/\/api.w.org\/{rel}","templated":true}]}}