{"id":89388,"date":"2019-05-02T11:29:33","date_gmt":"2019-05-02T15:29:33","guid":{"rendered":"http:\/\/conexiondigital.com.do\/?p=89388"},"modified":"2019-05-02T11:29:33","modified_gmt":"2019-05-02T15:29:33","slug":"abinader-combina-presencia-en-casa-por-casa-con-otras-actividades","status":"publish","type":"post","link":"https:\/\/conexiondigital.com.do\/index.php\/2019\/05\/02\/abinader-combina-presencia-en-casa-por-casa-con-otras-actividades\/","title":{"rendered":"Abinader combina presencia en \u00abcasa por casa\u00bb con otras actividades\u00a0"},"content":{"rendered":"<p><img loading=\"lazy\" decoding=\"async\" class=\" wp-image-89389 alignleft\" src=\"https:\/\/images.conexiondigital.com.do\/wp-content\/uploads\/wp-content\/uploads\/2019\/05\/972a7022-2255-4972-9842-0881edfac533-800x482.jpg\" alt=\"\" width=\"521\" height=\"314\" \/>Santo Domingo-El aspirante presidencial Luis Abinader, participar\u00e1 activamente en la movilizaci\u00f3n \u00abcasa por casa\u00bb que realiza esa organizaci\u00f3n los d\u00edas s\u00e1bado y domingo pr\u00f3ximos, exhortando a los ciudadanos a defender la democracia e invit\u00e1ndolos a inscribirse en el Partido Revolucionario Moderno (PRM).<\/p>\n<p>Espec\u00edficamente en la programaci\u00f3n general de la movilizaci\u00f3n que abarcar\u00e1 todo el territorio nacional, Abinader tendr\u00e1 a su cargo darle inicio el s\u00e1bado en la ma\u00f1ana en el Distrito Nacional.<\/p>\n<p>En el d\u00eda de ayer estuvo en el municipio Santo Domingo Este, donde desarroll\u00f3 su programa Luis en el Barrio, mientras que este jueves se traslada a Santo Domingo Oeste, espec\u00edficamente a La Cuaba y El Pedregal de La Gu\u00e1yiga.<\/p>\n<p>El viernes se programa su presencia en Santo Domingo Norte, y para el s\u00e1bado, luego de dejar abierta la jornada \u00abcasa por casa\u00bb, en el Distrito Nacional, ver\u00e1 en otras zonas el desarrollo de la actividad y cumplir\u00e1 compromisos previos en Bonao y Boca Chica.<\/p>\n<p>El domingo desde las 9 de la ma\u00f1ana estar\u00e1 participando en Santo Domingo Este en el programa Caminando por el Cambio, que organiza Juventud Luis Abinader Presidente, de donde ir\u00e1 a Yamas\u00e1 y luego en las primeras horas de la tarde estar\u00e1 en Monte Plata, alternando algunas actividades con su apoyo al \u00abcasa por casa\u00bb.<\/p>\n<p>Abinader particip\u00f3 ayer mi\u00e9rcoles en una reuni\u00f3n junto a Jos\u00e9 Paliza, presidente,\u00a0 Carolina Mej\u00eda, secretaria general, el ex presidente Hip\u00f3lito Mej\u00eda y otros altos dirigentes en la coordinaci\u00f3n del programa \u00abcasa por casa\u00bb, programado por la Comisi\u00f3n Pol\u00edtica del Comit\u00e9 Nacional.<\/p>\n","protected":false},"excerpt":{"rendered":"<p>Santo Domingo-El aspirante presidencial Luis Abinader, participar\u00e1 activamente en la movilizaci\u00f3n \u00abcasa por casa\u00bb que realiza esa organizaci\u00f3n los d\u00edas s\u00e1bado y domingo pr\u00f3ximos, exhortando a los ciudadanos a defender la democracia e invit\u00e1ndolos a inscribirse en el Partido Revolucionario Moderno (PRM). Espec\u00edficamente en la programaci\u00f3n general de la movilizaci\u00f3n que abarcar\u00e1 todo el territorio nacional, Abinader tendr\u00e1 a su cargo darle inicio el s\u00e1bado en la ma\u00f1ana en el Distrito Nacional. En el d\u00eda de ayer estuvo en el municipio Santo Domingo Este, donde desarroll\u00f3 su programa Luis en el Barrio, mientras que este jueves se traslada a Santo Domingo Oeste, espec\u00edficamente a La Cuaba y El Pedregal de La Gu\u00e1yiga. El viernes se programa su presencia en Santo Domingo Norte, y para el s\u00e1bado, luego de dejar abierta la jornada \u00abcasa por casa\u00bb, en el Distrito Nacional, ver\u00e1 en otras zonas el desarrollo de la actividad y cumplir\u00e1 compromisos previos en Bonao y Boca Chica. El domingo desde las 9 de la ma\u00f1ana estar\u00e1 participando en Santo Domingo Este en el programa Caminando por el Cambio, que organiza Juventud Luis Abinader Presidente, de donde ir\u00e1 a Yamas\u00e1 y luego en las primeras horas de la tarde estar\u00e1 en Monte Plata, alternando algunas actividades con su apoyo al \u00abcasa por casa\u00bb. Abinader particip\u00f3 ayer mi\u00e9rcoles en una reuni\u00f3n junto a Jos\u00e9 Paliza, presidente,\u00a0 Carolina Mej\u00eda, secretaria general, el ex presidente Hip\u00f3lito Mej\u00eda y otros altos dirigentes en la coordinaci\u00f3n del programa \u00abcasa por casa\u00bb, programado por la Comisi\u00f3n Pol\u00edtica del Comit\u00e9 Nacional.<\/p>\n","protected":false},"author":1,"featured_media":89389,"comment_status":"open","ping_status":"open","sticky":false,"template":"","format":"standard","meta":{"om_disable_all_campaigns":false,"footnotes":""},"categories":[12],"tags":[],"class_list":["post-89388","post","type-post","status-publish","format-standard","has-post-thumbnail","hentry","category-politic"],"_links":{"self":[{"href":"https:\/\/conexiondigital.com.do\/index.php\/wp-json\/wp\/v2\/posts\/89388","targetHints":{"allow":["GET"]}}],"collection":[{"href":"https:\/\/conexiondigital.com.do\/index.php\/wp-json\/wp\/v2\/posts"}],"about":[{"href":"https:\/\/conexiondigital.com.do\/index.php\/wp-json\/wp\/v2\/types\/post"}],"author":[{"embeddable":true,"href":"https:\/\/conexiondigital.com.do\/index.php\/wp-json\/wp\/v2\/users\/1"}],"replies":[{"embeddable":true,"href":"https:\/\/conexiondigital.com.do\/index.php\/wp-json\/wp\/v2\/comments?post=89388"}],"version-history":[{"count":1,"href":"https:\/\/conexiondigital.com.do\/index.php\/wp-json\/wp\/v2\/posts\/89388\/revisions"}],"predecessor-version":[{"id":89390,"href":"https:\/\/conexiondigital.com.do\/index.php\/wp-json\/wp\/v2\/posts\/89388\/revisions\/89390"}],"wp:featuredmedia":[{"embeddable":true,"href":"https:\/\/conexiondigital.com.do\/index.php\/wp-json\/wp\/v2\/media\/89389"}],"wp:attachment":[{"href":"https:\/\/conexiondigital.com.do\/index.php\/wp-json\/wp\/v2\/media?parent=89388"}],"wp:term":[{"taxonomy":"category","embeddable":true,"href":"https:\/\/conexiondigital.com.do\/index.php\/wp-json\/wp\/v2\/categories?post=89388"},{"taxonomy":"post_tag","embeddable":true,"href":"https:\/\/conexiondigital.com.do\/index.php\/wp-json\/wp\/v2\/tags?post=89388"}],"curies":[{"name":"wp","href":"https:\/\/api.w.org\/{rel}","templated":true}]}}