{"id":89439,"date":"2019-05-03T10:39:03","date_gmt":"2019-05-03T14:39:03","guid":{"rendered":"http:\/\/conexiondigital.com.do\/?p=89439"},"modified":"2019-05-03T10:39:03","modified_gmt":"2019-05-03T14:39:03","slug":"presidente-danilo-medina-entrega-tres-centros-educativos-en-el-seibo","status":"publish","type":"post","link":"https:\/\/conexiondigital.com.do\/index.php\/2019\/05\/03\/presidente-danilo-medina-entrega-tres-centros-educativos-en-el-seibo\/","title":{"rendered":"Presidente Danilo Medina entrega tres centros educativos en El Seibo"},"content":{"rendered":"<p><img loading=\"lazy\" decoding=\"async\" class=\" wp-image-89440 alignleft\" src=\"https:\/\/images.conexiondigital.com.do\/wp-content\/uploads\/wp-content\/uploads\/2019\/05\/GRO_3510-1-800x534.jpg\" alt=\"\" width=\"495\" height=\"330\" \/>Seibo-La meta de alcanzar la universalizaci\u00f3n de la modalidad de tanda extendida en los planteles y lograr que ning\u00fan ni\u00f1o, ni\u00f1a, adolescente o joven se quede fuera de las aulas, avanza hoy en esta provincia del Este del pa\u00eds, con la entrega, por parte del presidente Danilo Medina, de tres centros educativos del nivel Primario, iniciativa que dar\u00e1 paso a otros 1,470 estudiantes.<\/p>\n<p>El jefe del Estado, acompa\u00f1ado del ministro de Educaci\u00f3n, Antonio Pe\u00f1a Mirabal, pondr\u00e1 en manos de las diferentes comunidades educativas seibanas, los centros educativos \u201cLos Mameyes\u201d, \u201cKm. 6\u201d y \u201cMar\u00eda Trinidad S\u00e1nchez\u201d, con 8, 10 y 18 aulas, respectivamente.<\/p>\n<p>Los modernos planteles escolares, construidos por la Oficina de Ingenieros Supervisores de Obras del Estado (OISOE), con una inversi\u00f3n superior a los 148 millones de pesos aportados por el Minerd, beneficiar\u00e1n a las poblaciones del municipio de Miches, el sector Los Mameyes y el Distrito Municipal La Higuera, entre otras comunidades aleda\u00f1as.<\/p>\n<p>Las escuelas del nivel de Primaria disponen de aulas para Inicial, cocina-comedor, rinc\u00f3n tecnol\u00f3gico, oficinas administrativas totalmente equipadas, sal\u00f3n para profesores, sala de enfermer\u00eda, biblioteca, plaza c\u00edvica y cancha deportiva mixta, entre otras facilidades.<\/p>\n<p>Los tres planteles escolares se sumar\u00e1n a los a 133 centros existentes en esta provincia y que funcionan con la impactante modalidad de tanda extendida, con una cobertura de 21 mil 727 estudiantes. S\u00f3lo el municipio cabecera El Seibo registra 30 escuelas para 5 mil 294 estudiantes.<\/p>\n<p>El ministro de Educaci\u00f3n, Antonio Pe\u00f1a Mirabal, pronunci\u00f3 el discurso central, en el que afirm\u00f3 que la Revoluci\u00f3n Educativa impulsada por el presidente Danilo Medina ha asumido el compromiso de apoyar todas las metas que contribuyan a elevar la mejora de la calidad de vida de los dominicanos a trav\u00e9s de \u201cesa gran aliada que es la educaci\u00f3n\u201d.<\/p>\n<p>Precis\u00f3 que la ciudadan\u00eda tiene derecho a una educaci\u00f3n y a un proceso ense\u00f1anza-aprendizaje de calidad, con equidad e inclusi\u00f3n, como mecanismo esperanzador para un presente y un futuro cada vez m\u00e1s halag\u00fce\u00f1o para los dominicanos.<\/p>\n<p>\u201cTenemos plena confianza en los mejores valores que, como nueva generaci\u00f3n, van asumiendo nuestros estudiantes; es por ello que la Jornada Escolar Extendida, la Pol\u00edtica Rep\u00fablica Digital, los programas de formaci\u00f3n docente, la pol\u00edtica de apoyo a la primera infancia, entre otras iniciativas, est\u00e1n dirigidas a garantizar m\u00e1s y mejores oportunidades\u201d, subray\u00f3 Pe\u00f1a Mirabal.<\/p>\n<p>El funcionario asegur\u00f3 que la pol\u00edtica educativa del presidente Danilo Medina tiene plena confianza en la escuela como comunidad que acoge y proporciona desarrollo integral a los estudiantes, \u201cen nuestras maestras y maestros, en las familias, en las dignas y solidarias comunidades, pero m\u00e1s que nada, tenemos confianza total y plena en ustedes, entusiastas estudiantes\u201d.<\/p>\n<p>Asimismo, el director de la OISOE, Francisco Pag\u00e1n, explic\u00f3 en detalle las condiciones estructurales y las facilidades que ofrecen los centros educativos, en tanto que el director de uno de los planteles, C\u00e9sar Augusto Hern\u00e1ndez, dio la bienvenida al jefe del Estado, al ministro Pe\u00f1a Mirabal, a las dem\u00e1s personalidades invitadas.<\/p>\n<p>A la actividad asistieron, adem\u00e1s, Jos\u00e9 Ram\u00f3n Peralta, ministro Administrativo de la Presidencia; el gobernador provincial Geraldo Casanova Jim\u00e9nez; senador Santiago Zorrilla, y los diputados Jean Luis Rodr\u00edguez y Juan Maldonado Castro.<\/p>\n<p>Tambi\u00e9n, el alcalde municipal Federico Antonio Bencosme; Kenia Mej\u00eda, viceministra de Salud; el sacerdote Guillermo Castro, de la Parroquia San Antonio, y Leonidas Lucas Jim\u00e9nez, director de la Regional de Educaci\u00f3n-12, entre otros funcionarios civiles y militares.<\/p>\n","protected":false},"excerpt":{"rendered":"<p>Seibo-La meta de alcanzar la universalizaci\u00f3n de la modalidad de tanda extendida en los planteles y lograr que ning\u00fan ni\u00f1o, ni\u00f1a, adolescente o joven se quede fuera de las aulas, avanza hoy en esta provincia del Este del pa\u00eds, con la entrega, por parte del presidente Danilo Medina, de tres centros educativos del nivel Primario, iniciativa que dar\u00e1 paso a otros 1,470 estudiantes. El jefe del Estado, acompa\u00f1ado del ministro de Educaci\u00f3n, Antonio Pe\u00f1a Mirabal, pondr\u00e1 en manos de las diferentes comunidades educativas seibanas, los centros educativos \u201cLos Mameyes\u201d, \u201cKm. 6\u201d y \u201cMar\u00eda Trinidad S\u00e1nchez\u201d, con 8, 10 y 18 aulas, respectivamente. Los modernos planteles escolares, construidos por la Oficina de Ingenieros Supervisores de Obras del Estado (OISOE), con una inversi\u00f3n superior a los 148 millones de pesos aportados por el Minerd, beneficiar\u00e1n a las poblaciones del municipio de Miches, el sector Los Mameyes y el Distrito Municipal La Higuera, entre otras comunidades aleda\u00f1as. Las escuelas del nivel de Primaria disponen de aulas para Inicial, cocina-comedor, rinc\u00f3n tecnol\u00f3gico, oficinas administrativas totalmente equipadas, sal\u00f3n para profesores, sala de enfermer\u00eda, biblioteca, plaza c\u00edvica y cancha deportiva mixta, entre otras facilidades. Los tres planteles escolares se sumar\u00e1n a los a 133 centros existentes en esta provincia y que funcionan con la impactante modalidad de tanda extendida, con una cobertura de 21 mil 727 estudiantes. S\u00f3lo el municipio cabecera El Seibo registra 30 escuelas para 5 mil 294 estudiantes. El ministro de Educaci\u00f3n, Antonio Pe\u00f1a Mirabal, pronunci\u00f3 el discurso central, en el que afirm\u00f3 que la Revoluci\u00f3n Educativa impulsada por el presidente Danilo Medina ha asumido el compromiso de apoyar todas las metas que contribuyan a elevar la mejora de la calidad de vida de los dominicanos a trav\u00e9s de \u201cesa gran aliada que es la educaci\u00f3n\u201d. Precis\u00f3 que la ciudadan\u00eda tiene derecho a una educaci\u00f3n y a un proceso ense\u00f1anza-aprendizaje de calidad, con equidad e inclusi\u00f3n, como mecanismo esperanzador para un presente y un futuro cada vez m\u00e1s halag\u00fce\u00f1o para los dominicanos. \u201cTenemos plena confianza en los mejores valores que, como nueva generaci\u00f3n, van asumiendo nuestros estudiantes; es por ello que la Jornada Escolar Extendida, la Pol\u00edtica Rep\u00fablica Digital, los programas de formaci\u00f3n docente, la pol\u00edtica de apoyo a la primera infancia, entre otras iniciativas, est\u00e1n dirigidas a garantizar m\u00e1s y mejores oportunidades\u201d, subray\u00f3 Pe\u00f1a Mirabal. El funcionario asegur\u00f3 que la pol\u00edtica educativa del presidente Danilo Medina tiene plena confianza en la escuela como comunidad que acoge y proporciona desarrollo integral a los estudiantes, \u201cen nuestras maestras y maestros, en las familias, en las dignas y solidarias comunidades, pero m\u00e1s que nada, tenemos confianza total y plena en ustedes, entusiastas estudiantes\u201d. Asimismo, el director de la OISOE, Francisco Pag\u00e1n, explic\u00f3 en detalle las condiciones estructurales y las facilidades que ofrecen los centros educativos, en tanto que el director de uno de los planteles, C\u00e9sar Augusto Hern\u00e1ndez, dio la bienvenida al jefe del Estado, al ministro Pe\u00f1a Mirabal, a las dem\u00e1s personalidades invitadas. A la actividad asistieron, adem\u00e1s, Jos\u00e9 Ram\u00f3n Peralta, ministro Administrativo de la Presidencia; el gobernador provincial Geraldo Casanova Jim\u00e9nez; senador Santiago Zorrilla, y los diputados Jean Luis Rodr\u00edguez y Juan Maldonado Castro. Tambi\u00e9n, el alcalde municipal Federico Antonio Bencosme; Kenia Mej\u00eda, viceministra de Salud; el sacerdote Guillermo Castro, de la Parroquia San Antonio, y Leonidas Lucas Jim\u00e9nez, director de la Regional de Educaci\u00f3n-12, entre otros funcionarios civiles y militares.<\/p>\n","protected":false},"author":1,"featured_media":89440,"comment_status":"open","ping_status":"open","sticky":false,"template":"","format":"standard","meta":{"om_disable_all_campaigns":false,"footnotes":""},"categories":[155],"tags":[],"class_list":["post-89439","post","type-post","status-publish","format-standard","has-post-thumbnail","hentry","category-educacion"],"_links":{"self":[{"href":"https:\/\/conexiondigital.com.do\/index.php\/wp-json\/wp\/v2\/posts\/89439","targetHints":{"allow":["GET"]}}],"collection":[{"href":"https:\/\/conexiondigital.com.do\/index.php\/wp-json\/wp\/v2\/posts"}],"about":[{"href":"https:\/\/conexiondigital.com.do\/index.php\/wp-json\/wp\/v2\/types\/post"}],"author":[{"embeddable":true,"href":"https:\/\/conexiondigital.com.do\/index.php\/wp-json\/wp\/v2\/users\/1"}],"replies":[{"embeddable":true,"href":"https:\/\/conexiondigital.com.do\/index.php\/wp-json\/wp\/v2\/comments?post=89439"}],"version-history":[{"count":1,"href":"https:\/\/conexiondigital.com.do\/index.php\/wp-json\/wp\/v2\/posts\/89439\/revisions"}],"predecessor-version":[{"id":89441,"href":"https:\/\/conexiondigital.com.do\/index.php\/wp-json\/wp\/v2\/posts\/89439\/revisions\/89441"}],"wp:featuredmedia":[{"embeddable":true,"href":"https:\/\/conexiondigital.com.do\/index.php\/wp-json\/wp\/v2\/media\/89440"}],"wp:attachment":[{"href":"https:\/\/conexiondigital.com.do\/index.php\/wp-json\/wp\/v2\/media?parent=89439"}],"wp:term":[{"taxonomy":"category","embeddable":true,"href":"https:\/\/conexiondigital.com.do\/index.php\/wp-json\/wp\/v2\/categories?post=89439"},{"taxonomy":"post_tag","embeddable":true,"href":"https:\/\/conexiondigital.com.do\/index.php\/wp-json\/wp\/v2\/tags?post=89439"}],"curies":[{"name":"wp","href":"https:\/\/api.w.org\/{rel}","templated":true}]}}