{"id":89675,"date":"2019-05-06T14:10:52","date_gmt":"2019-05-06T18:10:52","guid":{"rendered":"http:\/\/conexiondigital.com.do\/?p=89675"},"modified":"2019-05-06T14:10:52","modified_gmt":"2019-05-06T18:10:52","slug":"peralta-danilo-es-el-unico-que-garantiza-triunfo-del-pld","status":"publish","type":"post","link":"https:\/\/conexiondigital.com.do\/index.php\/2019\/05\/06\/peralta-danilo-es-el-unico-que-garantiza-triunfo-del-pld\/","title":{"rendered":"Peralta \u00abDanilo es el \u00fanico que garantiza triunfo del PLD\u00bb"},"content":{"rendered":"<p><img loading=\"lazy\" decoding=\"async\" class=\" wp-image-89676 alignleft\" src=\"https:\/\/images.conexiondigital.com.do\/wp-content\/uploads\/wp-content\/uploads\/2019\/05\/download-10.jpg\" alt=\"\" width=\"361\" height=\"218\" \/>Santo Domingo-El ministro Administrativo de la Presidencia, Jos\u00e9 Ram\u00f3n Peralta, salud\u00f3 los resultados de la Encuesta Gallup-Hoy, en el que el presidente Danilo Medina, aventaja en todos los escenarios a los aspirantes presidenciales de esa organizaci\u00f3n pol\u00edtica.<\/p>\n<p>Reiter\u00f3 que el mandatario es \u201cel mejor activo del PLD\u201d para ganar los pr\u00f3ximos comicios del a\u00f1o 2020.<\/p>\n<p>Dijo que Medina es \u201cel \u00fanico pol\u00edtico que gana en primera vuelta y as\u00ed lo reflejan todas las encuestas\u201d.<\/p>\n<p>Sin embargo, sostuvo que el presidente Danilo Medina, en su momento hablar\u00e1 sobre la reelecci\u00f3n presidencial.<\/p>\n","protected":false},"excerpt":{"rendered":"<p>Santo Domingo-El ministro Administrativo de la Presidencia, Jos\u00e9 Ram\u00f3n Peralta, salud\u00f3 los resultados de la Encuesta Gallup-Hoy, en el que el presidente Danilo Medina, aventaja en todos los escenarios a los aspirantes presidenciales de esa organizaci\u00f3n pol\u00edtica. Reiter\u00f3 que el mandatario es \u201cel mejor activo del PLD\u201d para ganar los pr\u00f3ximos comicios del a\u00f1o 2020. Dijo que Medina es \u201cel \u00fanico pol\u00edtico que gana en primera vuelta y as\u00ed lo reflejan todas las encuestas\u201d. Sin embargo, sostuvo que el presidente Danilo Medina, en su momento hablar\u00e1 sobre la reelecci\u00f3n presidencial.<\/p>\n","protected":false},"author":1,"featured_media":89676,"comment_status":"open","ping_status":"open","sticky":false,"template":"","format":"standard","meta":{"om_disable_all_campaigns":false,"footnotes":""},"categories":[12],"tags":[],"class_list":["post-89675","post","type-post","status-publish","format-standard","has-post-thumbnail","hentry","category-politic"],"_links":{"self":[{"href":"https:\/\/conexiondigital.com.do\/index.php\/wp-json\/wp\/v2\/posts\/89675","targetHints":{"allow":["GET"]}}],"collection":[{"href":"https:\/\/conexiondigital.com.do\/index.php\/wp-json\/wp\/v2\/posts"}],"about":[{"href":"https:\/\/conexiondigital.com.do\/index.php\/wp-json\/wp\/v2\/types\/post"}],"author":[{"embeddable":true,"href":"https:\/\/conexiondigital.com.do\/index.php\/wp-json\/wp\/v2\/users\/1"}],"replies":[{"embeddable":true,"href":"https:\/\/conexiondigital.com.do\/index.php\/wp-json\/wp\/v2\/comments?post=89675"}],"version-history":[{"count":1,"href":"https:\/\/conexiondigital.com.do\/index.php\/wp-json\/wp\/v2\/posts\/89675\/revisions"}],"predecessor-version":[{"id":89677,"href":"https:\/\/conexiondigital.com.do\/index.php\/wp-json\/wp\/v2\/posts\/89675\/revisions\/89677"}],"wp:featuredmedia":[{"embeddable":true,"href":"https:\/\/conexiondigital.com.do\/index.php\/wp-json\/wp\/v2\/media\/89676"}],"wp:attachment":[{"href":"https:\/\/conexiondigital.com.do\/index.php\/wp-json\/wp\/v2\/media?parent=89675"}],"wp:term":[{"taxonomy":"category","embeddable":true,"href":"https:\/\/conexiondigital.com.do\/index.php\/wp-json\/wp\/v2\/categories?post=89675"},{"taxonomy":"post_tag","embeddable":true,"href":"https:\/\/conexiondigital.com.do\/index.php\/wp-json\/wp\/v2\/tags?post=89675"}],"curies":[{"name":"wp","href":"https:\/\/api.w.org\/{rel}","templated":true}]}}