{"id":89694,"date":"2019-05-06T14:47:53","date_gmt":"2019-05-06T18:47:53","guid":{"rendered":"http:\/\/conexiondigital.com.do\/?p=89694"},"modified":"2019-05-06T14:49:36","modified_gmt":"2019-05-06T18:49:36","slug":"el-ex-alcalde-de-santiago-jose-enrique-sued-considera-que-danilo-medina-tiene-garantizada-la-reeleccion-por-su-gran-obra-de-gobierno","status":"publish","type":"post","link":"https:\/\/conexiondigital.com.do\/index.php\/2019\/05\/06\/el-ex-alcalde-de-santiago-jose-enrique-sued-considera-que-danilo-medina-tiene-garantizada-la-reeleccion-por-su-gran-obra-de-gobierno\/","title":{"rendered":"Ex-alcalde de Santiago, Jos\u00e9 Enrique Sued considera que Danilo Medina tiene garantizada la reelecci\u00f3n por su gran obra de gobierno"},"content":{"rendered":"<p><img loading=\"lazy\" decoding=\"async\" class=\" wp-image-89695 alignleft\" src=\"https:\/\/images.conexiondigital.com.do\/wp-content\/uploads\/wp-content\/uploads\/2019\/05\/download-11.jpg\" alt=\"\" width=\"323\" height=\"431\" \/>Santiago.- El ex alcalde de Santiago y l\u00edder pol\u00edtico Jos\u00e9 Enrique Sued Sem consider\u00f3 que el presidente Danilo Medina tiene garantizada la reelecci\u00f3n por su gran obra de gobierno<br \/>\nEl dirigente ex reformista Jos\u00e9 Enrique Sued destac\u00f3 que la empat\u00eda que tiene el presidente Danilo Medina inclusive con quienes les adversaron en el paso como es su caso, afirmando que como reformista lleva la reelecci\u00f3n entre las venas, ya que su l\u00edder, el doctor Joaqu\u00edn Balaguer fue reeleccionista en toda su carrera pol\u00edtica.<br \/>\n\u201cPronto veremos c\u00f3mo se va a reformar lo que haya que reformar para que eso sea una realidad, y ojala este mismo mes se resuelva esa situaci\u00f3n, para que Danilo siga siendo el capit\u00e1n del barco que es Republica Dominicana\u201d destac\u00f3 Jos\u00e9 Enrique Sued.<br \/>\n\u201cEste es un pa\u00eds reeleccionista, dej\u00e9monos de cuento, a todo el mundo le gusta estar arriba y muchos de los que hoy le adversan estar\u00e1n al lado del presidente Medina\u201d, insisti\u00f3 el exalcalde de Santiago.<br \/>\nEl ex dirigente del partido Reformista resalt\u00f3 las obras ejecutadas por el mandatario como los planteles educativos, las estancias infantiles, obras viales, las visitas sorpresas que han beneficiado a miles de campesinos del pa\u00eds, entre otros aspectos como al empresariado, la juventud, la mujer y todos los sectores organizados.<br \/>\nInsisti\u00f3 con los resultados de la encuesta Gallup, en la que el presidente Danilo Medina es bien valorado, y es por esa y otras razones que hay que trabajar de manera activa para que siga desarrollando su obra de gobierno.<br \/>\nSued recalc\u00f3 que en los recorridos que hace por todo el pa\u00eds es notorio el desarrollo que tiene la Republica Dominicana, resaltando que la forma incansable con la que trabaja el mandatario le recuerda al ex presidente Joaqu\u00edn Balaguer quien tambi\u00e9n trabaja sin descanso y realizaba visitas desde los jueves hasta los domingos, para tener contacto directo con la poblaci\u00f3n.<br \/>\n\u201cNo podemos tener un presidente elitista, no podemos tener un presidente que est\u00e9 por encima de nadie, tenemos que un presidente de carne y hueso y que tenga arraigo en la voluntad popular\u201d, y eso lo representa Danilo, enfatiz\u00f3 Sued Sem.<br \/>\nEn los aspectos econ\u00f3micos el exalcalde hablo sobre la estabilidad econ\u00f3mica con la cuenta la republica dominicana nunca antes visto en el pa\u00eds, el manejo de la tasa cambiaria del d\u00f3lar, lo que se constituye en que Danilo Medina es una necesidad para el 2020.<\/p>\n","protected":false},"excerpt":{"rendered":"<p>Santiago.- El ex alcalde de Santiago y l\u00edder pol\u00edtico Jos\u00e9 Enrique Sued Sem consider\u00f3 que el presidente Danilo Medina tiene garantizada la reelecci\u00f3n por su gran obra de gobierno El dirigente ex reformista Jos\u00e9 Enrique Sued destac\u00f3 que la empat\u00eda que tiene el presidente Danilo Medina inclusive con quienes les adversaron en el paso como es su caso, afirmando que como reformista lleva la reelecci\u00f3n entre las venas, ya que su l\u00edder, el doctor Joaqu\u00edn Balaguer fue reeleccionista en toda su carrera pol\u00edtica. \u201cPronto veremos c\u00f3mo se va a reformar lo que haya que reformar para que eso sea una realidad, y ojala este mismo mes se resuelva esa situaci\u00f3n, para que Danilo siga siendo el capit\u00e1n del barco que es Republica Dominicana\u201d destac\u00f3 Jos\u00e9 Enrique Sued. \u201cEste es un pa\u00eds reeleccionista, dej\u00e9monos de cuento, a todo el mundo le gusta estar arriba y muchos de los que hoy le adversan estar\u00e1n al lado del presidente Medina\u201d, insisti\u00f3 el exalcalde de Santiago. El ex dirigente del partido Reformista resalt\u00f3 las obras ejecutadas por el mandatario como los planteles educativos, las estancias infantiles, obras viales, las visitas sorpresas que han beneficiado a miles de campesinos del pa\u00eds, entre otros aspectos como al empresariado, la juventud, la mujer y todos los sectores organizados. Insisti\u00f3 con los resultados de la encuesta Gallup, en la que el presidente Danilo Medina es bien valorado, y es por esa y otras razones que hay que trabajar de manera activa para que siga desarrollando su obra de gobierno. Sued recalc\u00f3 que en los recorridos que hace por todo el pa\u00eds es notorio el desarrollo que tiene la Republica Dominicana, resaltando que la forma incansable con la que trabaja el mandatario le recuerda al ex presidente Joaqu\u00edn Balaguer quien tambi\u00e9n trabaja sin descanso y realizaba visitas desde los jueves hasta los domingos, para tener contacto directo con la poblaci\u00f3n. \u201cNo podemos tener un presidente elitista, no podemos tener un presidente que est\u00e9 por encima de nadie, tenemos que un presidente de carne y hueso y que tenga arraigo en la voluntad popular\u201d, y eso lo representa Danilo, enfatiz\u00f3 Sued Sem. En los aspectos econ\u00f3micos el exalcalde hablo sobre la estabilidad econ\u00f3mica con la cuenta la republica dominicana nunca antes visto en el pa\u00eds, el manejo de la tasa cambiaria del d\u00f3lar, lo que se constituye en que Danilo Medina es una necesidad para el 2020.<\/p>\n","protected":false},"author":1,"featured_media":89695,"comment_status":"open","ping_status":"open","sticky":false,"template":"","format":"standard","meta":{"om_disable_all_campaigns":false,"footnotes":""},"categories":[12],"tags":[],"class_list":["post-89694","post","type-post","status-publish","format-standard","has-post-thumbnail","hentry","category-politic"],"_links":{"self":[{"href":"https:\/\/conexiondigital.com.do\/index.php\/wp-json\/wp\/v2\/posts\/89694","targetHints":{"allow":["GET"]}}],"collection":[{"href":"https:\/\/conexiondigital.com.do\/index.php\/wp-json\/wp\/v2\/posts"}],"about":[{"href":"https:\/\/conexiondigital.com.do\/index.php\/wp-json\/wp\/v2\/types\/post"}],"author":[{"embeddable":true,"href":"https:\/\/conexiondigital.com.do\/index.php\/wp-json\/wp\/v2\/users\/1"}],"replies":[{"embeddable":true,"href":"https:\/\/conexiondigital.com.do\/index.php\/wp-json\/wp\/v2\/comments?post=89694"}],"version-history":[{"count":2,"href":"https:\/\/conexiondigital.com.do\/index.php\/wp-json\/wp\/v2\/posts\/89694\/revisions"}],"predecessor-version":[{"id":89699,"href":"https:\/\/conexiondigital.com.do\/index.php\/wp-json\/wp\/v2\/posts\/89694\/revisions\/89699"}],"wp:featuredmedia":[{"embeddable":true,"href":"https:\/\/conexiondigital.com.do\/index.php\/wp-json\/wp\/v2\/media\/89695"}],"wp:attachment":[{"href":"https:\/\/conexiondigital.com.do\/index.php\/wp-json\/wp\/v2\/media?parent=89694"}],"wp:term":[{"taxonomy":"category","embeddable":true,"href":"https:\/\/conexiondigital.com.do\/index.php\/wp-json\/wp\/v2\/categories?post=89694"},{"taxonomy":"post_tag","embeddable":true,"href":"https:\/\/conexiondigital.com.do\/index.php\/wp-json\/wp\/v2\/tags?post=89694"}],"curies":[{"name":"wp","href":"https:\/\/api.w.org\/{rel}","templated":true}]}}