{"id":90451,"date":"2019-05-20T11:18:04","date_gmt":"2019-05-20T15:18:04","guid":{"rendered":"http:\/\/conexiondigital.com.do\/?p=90451"},"modified":"2019-05-20T11:18:04","modified_gmt":"2019-05-20T15:18:04","slug":"infotep-e-inaipi-culminan-capacitacion-a-personas-que-atienden-ninas-y-ninos-en-centros-de-atencion-a-la-infancia","status":"publish","type":"post","link":"https:\/\/conexiondigital.com.do\/index.php\/2019\/05\/20\/infotep-e-inaipi-culminan-capacitacion-a-personas-que-atienden-ninas-y-ninos-en-centros-de-atencion-a-la-infancia\/","title":{"rendered":"INFOTEP e INAIPI culminan capacitaci\u00f3n a personas que atienden ni\u00f1as y ni\u00f1os en centros de atenci\u00f3n a la infancia"},"content":{"rendered":"<p><img loading=\"lazy\" decoding=\"async\" class=\" wp-image-90452 alignleft\" src=\"https:\/\/images.conexiondigital.com.do\/wp-content\/uploads\/wp-content\/uploads\/2019\/05\/RAFAEL-OVALLES-DIRECTOR-GENERAL-INFOTEP-Y-BERLINESA-FRANCO-DIRECTORA-EJECUTIVA-DE-INAIPI-ENTREGARON-456-CERTIFICADOS-A-IGUAL-NUMERO-DE-PARTICIPANTES-800x533.jpg\" alt=\"\" width=\"469\" height=\"313\" \/>Santo Domingo-Unos 456 colaboradores de las \u00e1reas de cocina, conserjer\u00eda, vigilancia y transporte de los Centros de Atenci\u00f3n Integral a la Infancia y la Familia (CAFI) y de las Estancias Infantiles, recibieron entrenamiento en el manejo de herramientas necesarias para mejorar los servicios de nutrici\u00f3n, seguridad e higiene.<\/p>\n<p>Las certificaciones que avalan la capacitaci\u00f3n fueron entregadas este viernes en un acto que encabez\u00f3 el director general del Instituto Nacional de Formaci\u00f3n T\u00e9cnico Profesional (INFOTEP), Rafael Ovalles,\u00a0 junto a la directora ejecutiva del Instituto Nacional de Atenci\u00f3n Integral a la Primera Infancia (INAIPI), Berlinesa Franco.<\/p>\n<p>Ovalles record\u00f3 que esta iniciativa\u00a0 es parte de una alianza de colaboraci\u00f3n entre las dos instituciones, que tiene como prop\u00f3sito asegurar que una poblaci\u00f3n creciente de ni\u00f1os y ni\u00f1as de la primera infancia reciba las atenciones indispensables para su posterior desarrollo f\u00edsico e intelectual.<\/p>\n<p>\u201cEst\u00e1 ampliamente demostrado que la primera infancia es la zapata sobre la que se construye el futuro de la persona adulta. Desde antes del nacimiento hasta los cinco a\u00f1os, las atenciones que reciban el ni\u00f1o y la ni\u00f1a ser\u00e1n cruciales para asegurarles un mejor tr\u00e1nsito hacia la adultez\u201d destac\u00f3 Ovalles en el acto de entrega de certificados.<\/p>\n<p>Tras considerar que la mejor formaci\u00f3n es aquella que combina el conocimiento te\u00f3rico-pr\u00e1ctico con la responsabilidad social, el director del INFOTEP dijo que durante las capacitaciones se hizo hincapi\u00e9 en la responsabilidad laboral, la autoestima, el trabajo en equipo, el liderazgo y otros valores que redundan en beneficio personal, institucional y ciudadano.<\/p>\n<p>Sobre el impacto del programa formativo, la directora ejecutiva del INAIPI inform\u00f3 que esa entidad gestiona 115 Estancias Infantiles y 419 Centros CAFI, cuyo personal tendr\u00e1 la oportunidad de participar en el proceso de formaci\u00f3n continua para aumentar sus competencias\u00a0 y elevar la calidad de los\u00a0 servicios que se ofrece a miles de ni\u00f1os y ni\u00f1as de la primera infancia a nivel nacional.<\/p>\n<p>\u201cVayan nuestros sinceros agradecimientos para el eficiente equipo docente del INFOTEP, que imparti\u00f3 los cursos a nuestros colaboradores y colaboradoras, y para el licenciado Rafael Ovalles, distinguido director general, por contribuir con la formaci\u00f3n continua de nuestro personal, lo cual garantiza que en el INAIPI se\u00a0 cumplan\u00a0 con las instrucciones del Presidente Danilo Medina\u201d, destac\u00f3 Franco.<\/p>\n<p>El convenio de colaboraci\u00f3n interinstitucional entre el INFOTEP y el INAIPI fue firmado el primero de junio de 2016, con la meta de capacitar 1,925 personas que trabajan en los Centros CAFI y en los Centros de Atenci\u00f3n Integral a la Primera Infancia (CAIPI).<\/p>\n<p>Como parte de ese acuerdo, el a\u00f1o pasado el INFOTEP entreg\u00f3 certificados a 243 colaboradores y colaboradoras del INAIPI, cantidad que sumada a los entregados en esta ocasi\u00f3n, totalizan 699.<\/p>\n<p>&nbsp;<\/p>\n","protected":false},"excerpt":{"rendered":"<p>Santo Domingo-Unos 456 colaboradores de las \u00e1reas de cocina, conserjer\u00eda, vigilancia y transporte de los Centros de Atenci\u00f3n Integral a la Infancia y la Familia (CAFI) y de las Estancias Infantiles, recibieron entrenamiento en el manejo de herramientas necesarias para mejorar los servicios de nutrici\u00f3n, seguridad e higiene. Las certificaciones que avalan la capacitaci\u00f3n fueron entregadas este viernes en un acto que encabez\u00f3 el director general del Instituto Nacional de Formaci\u00f3n T\u00e9cnico Profesional (INFOTEP), Rafael Ovalles,\u00a0 junto a la directora ejecutiva del Instituto Nacional de Atenci\u00f3n Integral a la Primera Infancia (INAIPI), Berlinesa Franco. Ovalles record\u00f3 que esta iniciativa\u00a0 es parte de una alianza de colaboraci\u00f3n entre las dos instituciones, que tiene como prop\u00f3sito asegurar que una poblaci\u00f3n creciente de ni\u00f1os y ni\u00f1as de la primera infancia reciba las atenciones indispensables para su posterior desarrollo f\u00edsico e intelectual. \u201cEst\u00e1 ampliamente demostrado que la primera infancia es la zapata sobre la que se construye el futuro de la persona adulta. Desde antes del nacimiento hasta los cinco a\u00f1os, las atenciones que reciban el ni\u00f1o y la ni\u00f1a ser\u00e1n cruciales para asegurarles un mejor tr\u00e1nsito hacia la adultez\u201d destac\u00f3 Ovalles en el acto de entrega de certificados. Tras considerar que la mejor formaci\u00f3n es aquella que combina el conocimiento te\u00f3rico-pr\u00e1ctico con la responsabilidad social, el director del INFOTEP dijo que durante las capacitaciones se hizo hincapi\u00e9 en la responsabilidad laboral, la autoestima, el trabajo en equipo, el liderazgo y otros valores que redundan en beneficio personal, institucional y ciudadano. Sobre el impacto del programa formativo, la directora ejecutiva del INAIPI inform\u00f3 que esa entidad gestiona 115 Estancias Infantiles y 419 Centros CAFI, cuyo personal tendr\u00e1 la oportunidad de participar en el proceso de formaci\u00f3n continua para aumentar sus competencias\u00a0 y elevar la calidad de los\u00a0 servicios que se ofrece a miles de ni\u00f1os y ni\u00f1as de la primera infancia a nivel nacional. \u201cVayan nuestros sinceros agradecimientos para el eficiente equipo docente del INFOTEP, que imparti\u00f3 los cursos a nuestros colaboradores y colaboradoras, y para el licenciado Rafael Ovalles, distinguido director general, por contribuir con la formaci\u00f3n continua de nuestro personal, lo cual garantiza que en el INAIPI se\u00a0 cumplan\u00a0 con las instrucciones del Presidente Danilo Medina\u201d, destac\u00f3 Franco. El convenio de colaboraci\u00f3n interinstitucional entre el INFOTEP y el INAIPI fue firmado el primero de junio de 2016, con la meta de capacitar 1,925 personas que trabajan en los Centros CAFI y en los Centros de Atenci\u00f3n Integral a la Primera Infancia (CAIPI). Como parte de ese acuerdo, el a\u00f1o pasado el INFOTEP entreg\u00f3 certificados a 243 colaboradores y colaboradoras del INAIPI, cantidad que sumada a los entregados en esta ocasi\u00f3n, totalizan 699. &nbsp;<\/p>\n","protected":false},"author":8,"featured_media":90452,"comment_status":"open","ping_status":"open","sticky":false,"template":"","format":"standard","meta":{"om_disable_all_campaigns":false,"footnotes":""},"categories":[155],"tags":[983],"class_list":["post-90451","post","type-post","status-publish","format-standard","has-post-thumbnail","hentry","category-educacion","tag-inaipi-infotec"],"_links":{"self":[{"href":"https:\/\/conexiondigital.com.do\/index.php\/wp-json\/wp\/v2\/posts\/90451","targetHints":{"allow":["GET"]}}],"collection":[{"href":"https:\/\/conexiondigital.com.do\/index.php\/wp-json\/wp\/v2\/posts"}],"about":[{"href":"https:\/\/conexiondigital.com.do\/index.php\/wp-json\/wp\/v2\/types\/post"}],"author":[{"embeddable":true,"href":"https:\/\/conexiondigital.com.do\/index.php\/wp-json\/wp\/v2\/users\/8"}],"replies":[{"embeddable":true,"href":"https:\/\/conexiondigital.com.do\/index.php\/wp-json\/wp\/v2\/comments?post=90451"}],"version-history":[{"count":1,"href":"https:\/\/conexiondigital.com.do\/index.php\/wp-json\/wp\/v2\/posts\/90451\/revisions"}],"predecessor-version":[{"id":90453,"href":"https:\/\/conexiondigital.com.do\/index.php\/wp-json\/wp\/v2\/posts\/90451\/revisions\/90453"}],"wp:featuredmedia":[{"embeddable":true,"href":"https:\/\/conexiondigital.com.do\/index.php\/wp-json\/wp\/v2\/media\/90452"}],"wp:attachment":[{"href":"https:\/\/conexiondigital.com.do\/index.php\/wp-json\/wp\/v2\/media?parent=90451"}],"wp:term":[{"taxonomy":"category","embeddable":true,"href":"https:\/\/conexiondigital.com.do\/index.php\/wp-json\/wp\/v2\/categories?post=90451"},{"taxonomy":"post_tag","embeddable":true,"href":"https:\/\/conexiondigital.com.do\/index.php\/wp-json\/wp\/v2\/tags?post=90451"}],"curies":[{"name":"wp","href":"https:\/\/api.w.org\/{rel}","templated":true}]}}