{"id":91172,"date":"2019-06-03T16:35:53","date_gmt":"2019-06-03T20:35:53","guid":{"rendered":"http:\/\/conexiondigital.com.do\/?p=91172"},"modified":"2019-06-03T16:35:53","modified_gmt":"2019-06-03T20:35:53","slug":"presidente-danilo-medina-designa-nuevo-responsable-de-la-oficina-de-evaluacion-sismica","status":"publish","type":"post","link":"https:\/\/conexiondigital.com.do\/index.php\/2019\/06\/03\/presidente-danilo-medina-designa-nuevo-responsable-de-la-oficina-de-evaluacion-sismica\/","title":{"rendered":"Presidente Danilo Medina designa nuevo responsable de la Oficina de Evaluaci\u00f3n S\u00edsmica"},"content":{"rendered":"<p><img loading=\"lazy\" decoding=\"async\" class=\" wp-image-91173 alignleft\" src=\"https:\/\/images.conexiondigital.com.do\/wp-content\/uploads\/wp-content\/uploads\/2019\/06\/4A_El-Pa\u00eds_31_2p01-800x450-800x450.jpg\" alt=\"\" width=\"469\" height=\"264\" \/>Santo Domingo-El presidente Danilo Medina design\u00f3 hoy mediante decreto 204-19, a Omar de Jes\u00fas Guevara en el cargo de director general de la Oficina Nacional de Evaluaci\u00f3n S\u00edsmica y Vulnerabilidad de Infraestructura y Edificaciones (ONESVIE).<\/p>\n<p>Con su nombramiento, De Jes\u00fas Guevara sustituye a Franklin de Jes\u00fas Labour, seg\u00fan explic\u00f3 el portavoz de la presidencia Roberto Rodr\u00edguez Marchena, quien ofreci\u00f3 los detalles a trav\u00e9s de su cuenta en la red social Twitter.<\/p>\n<p>\u201c[Decreto 204-19] Presidente Danilo Medina designa a Omar de Jes\u00fas Guevara director general de la Oficina Nacional de Evaluaci\u00f3n S\u00edsmica y Vulnerabilidad de Infraestructuras y Edificaciones (ONESVIE) en sustituci\u00f3n de Franklin de Jes\u00fas Labour\u201d.<\/p>\n","protected":false},"excerpt":{"rendered":"<p>Santo Domingo-El presidente Danilo Medina design\u00f3 hoy mediante decreto 204-19, a Omar de Jes\u00fas Guevara en el cargo de director general de la Oficina Nacional de Evaluaci\u00f3n S\u00edsmica y Vulnerabilidad de Infraestructura y Edificaciones (ONESVIE). Con su nombramiento, De Jes\u00fas Guevara sustituye a Franklin de Jes\u00fas Labour, seg\u00fan explic\u00f3 el portavoz de la presidencia Roberto Rodr\u00edguez Marchena, quien ofreci\u00f3 los detalles a trav\u00e9s de su cuenta en la red social Twitter. \u201c[Decreto 204-19] Presidente Danilo Medina designa a Omar de Jes\u00fas Guevara director general de la Oficina Nacional de Evaluaci\u00f3n S\u00edsmica y Vulnerabilidad de Infraestructuras y Edificaciones (ONESVIE) en sustituci\u00f3n de Franklin de Jes\u00fas Labour\u201d.<\/p>\n","protected":false},"author":8,"featured_media":91173,"comment_status":"open","ping_status":"open","sticky":false,"template":"","format":"standard","meta":{"om_disable_all_campaigns":false,"footnotes":""},"categories":[15],"tags":[],"class_list":["post-91172","post","type-post","status-publish","format-standard","has-post-thumbnail","hentry","category-nacionales"],"_links":{"self":[{"href":"https:\/\/conexiondigital.com.do\/index.php\/wp-json\/wp\/v2\/posts\/91172","targetHints":{"allow":["GET"]}}],"collection":[{"href":"https:\/\/conexiondigital.com.do\/index.php\/wp-json\/wp\/v2\/posts"}],"about":[{"href":"https:\/\/conexiondigital.com.do\/index.php\/wp-json\/wp\/v2\/types\/post"}],"author":[{"embeddable":true,"href":"https:\/\/conexiondigital.com.do\/index.php\/wp-json\/wp\/v2\/users\/8"}],"replies":[{"embeddable":true,"href":"https:\/\/conexiondigital.com.do\/index.php\/wp-json\/wp\/v2\/comments?post=91172"}],"version-history":[{"count":1,"href":"https:\/\/conexiondigital.com.do\/index.php\/wp-json\/wp\/v2\/posts\/91172\/revisions"}],"predecessor-version":[{"id":91174,"href":"https:\/\/conexiondigital.com.do\/index.php\/wp-json\/wp\/v2\/posts\/91172\/revisions\/91174"}],"wp:featuredmedia":[{"embeddable":true,"href":"https:\/\/conexiondigital.com.do\/index.php\/wp-json\/wp\/v2\/media\/91173"}],"wp:attachment":[{"href":"https:\/\/conexiondigital.com.do\/index.php\/wp-json\/wp\/v2\/media?parent=91172"}],"wp:term":[{"taxonomy":"category","embeddable":true,"href":"https:\/\/conexiondigital.com.do\/index.php\/wp-json\/wp\/v2\/categories?post=91172"},{"taxonomy":"post_tag","embeddable":true,"href":"https:\/\/conexiondigital.com.do\/index.php\/wp-json\/wp\/v2\/tags?post=91172"}],"curies":[{"name":"wp","href":"https:\/\/api.w.org\/{rel}","templated":true}]}}